{"id":486539,"date":"2023-06-14T20:35:47","date_gmt":"2023-06-15T02:35:47","guid":{"rendered":"https:\/\/www.zunoticia.com\/noticias-de-hidalgo\/?p=486539"},"modified":"2023-06-14T20:35:48","modified_gmt":"2023-06-15T02:35:48","slug":"conato-de-incendio-de-taxi-causo-alarma","status":"publish","type":"post","link":"https:\/\/www.zunoticia.com\/noticias-de-hidalgo\/2023\/06\/14\/conato-de-incendio-de-taxi-causo-alarma\/","title":{"rendered":"Conato de incendio de taxi caus\u00f3 alarma"},"content":{"rendered":"<aside class=\"mashsb-container mashsb-main mashsb-stretched\"><div class=\"mashsb-box\"><div class=\"mashsb-count mash-large\" style=\"float:left\"><div class=\"counts mashsbcount\">33<\/div><span class=\"mashsb-sharetext\">SHARES<\/span><\/div><div class=\"mashsb-buttons\"><a class=\"mashicon-facebook mash-large mash-center mashsb-noshadow\" href=\"https:\/\/www.facebook.com\/sharer.php?u=https%3A%2F%2Fwww.zunoticia.com%2Fnoticias-de-hidalgo%2F2023%2F06%2F14%2Fconato-de-incendio-de-taxi-causo-alarma%2F\" target=\"_top\" rel=\"nofollow\"><span class=\"icon\"><\/span><span class=\"text\">Share<\/span><\/a><a class=\"mashicon-twitter mash-large mash-center mashsb-noshadow\" href=\"https:\/\/twitter.com\/intent\/tweet?text=&amp;url=https:\/\/www.zunoticia.com\/noticias-de-hidalgo\/2023\/06\/14\/conato-de-incendio-de-taxi-causo-alarma\/\" target=\"_top\" rel=\"nofollow\"><span class=\"icon\"><\/span><span class=\"text\">Tweet<\/span><\/a><div class=\"onoffswitch2 mash-large mashsb-noshadow\" style=\"display:none\"><\/div><\/div>\n            <\/div>\n                <div style=\"clear:both\"><\/div><div class=\"mashsb-toggle-container\"><\/div><\/aside>\n            <!-- Share buttons by mashshare.net - Version: 4.0.47-->\n<p><em>Por Francisco Rosas\/Zunoticia<\/em><\/p>\n\n\n\n<p><strong>Huejutla, Hgo.-<\/strong> Por probable acumulaci\u00f3n de gasolina, derivada de una posible fuga del combustible, se registra un conato de incendio en el \u00e1rea del motor de un veh\u00edculo del servicio de transporte p\u00fablico en su modalidad de taxi.<\/p>\n\n\n\n<p>El incidente ocurri\u00f3 la tarde de este mi\u00e9rcoles, afuera del centro comercial Chedraui, ubicado en el bulevar central de la carretera M\u00e9xico \u2013 Tampico, donde una unidad de alquiler con pasajeros a bordo, repentinamente se incendi\u00f3 en el \u00e1rea del motor luego de escucharse un fuerte estruendo que sacudi\u00f3 el veh\u00edculo.<\/p>\n\n\n\n<figure class=\"wp-block-image size-full\"><img fetchpriority=\"high\" decoding=\"async\" width=\"395\" height=\"282\" src=\"https:\/\/www.zunoticia.com\/noticias-de-hidalgo\/wp-content\/uploads\/2023\/06\/Imagen-de-WhatsApp-2023-06-14-a-las-19.31.00.jpg\" alt=\"\" class=\"wp-image-486543\" srcset=\"https:\/\/www.zunoticia.com\/noticias-de-hidalgo\/wp-content\/uploads\/2023\/06\/Imagen-de-WhatsApp-2023-06-14-a-las-19.31.00.jpg 395w, https:\/\/www.zunoticia.com\/noticias-de-hidalgo\/wp-content\/uploads\/2023\/06\/Imagen-de-WhatsApp-2023-06-14-a-las-19.31.00-300x214.jpg 300w\" sizes=\"(max-width: 395px) 100vw, 395px\" \/><\/figure>\n\n\n\n<p>Gracias a la r\u00e1pida reacci\u00f3n del operador del taxi, con la ayuda de un extintor que pidi\u00f3 en la tienda comercial, logr\u00f3 apagar r\u00e1pidamente las llamas, no obstante, lo m\u00e1s importante fue que afortunadamente no hubo personas lesionadas, solo da\u00f1os materiales, por lo que no fue necesaria la intervenci\u00f3n de las autoridades, ni Bomberos, debido a que no recibieron ning\u00fan reporte del incidente.<\/p>\n","protected":false},"excerpt":{"rendered":"<p>Por Francisco Rosas\/Zunoticia Huejutla, Hgo.- Por probable acumulaci\u00f3n de gasolina, derivada de una posible fuga del combustible, se registra un conato de incendio en el \u00e1rea del motor de un veh\u00edculo del servicio de transporte p\u00fablico en su modalidad de taxi. El incidente ocurri\u00f3 la tarde de este mi\u00e9rcoles, afuera del centro comercial Chedraui, ubicado&hellip; <a class=\"more-link\" href=\"https:\/\/www.zunoticia.com\/noticias-de-hidalgo\/2023\/06\/14\/conato-de-incendio-de-taxi-causo-alarma\/\">Seguir leyendo <span class=\"screen-reader-text\">Conato de incendio de taxi caus\u00f3 alarma<\/span><\/a><\/p>\n","protected":false},"author":12,"featured_media":486542,"comment_status":"closed","ping_status":"open","sticky":false,"template":"","format":"standard","meta":{"rop_custom_images_group":[],"rop_custom_messages_group":[],"rop_publish_now":"initial","rop_publish_now_accounts":{"facebook_10159540855086992_322828327761733":""},"rop_publish_now_history":[],"rop_publish_now_status":"pending","footnotes":""},"categories":[178],"tags":[259],"class_list":["post-486539","post","type-post","status-publish","format-standard","has-post-thumbnail","hentry","category-policiaca","tag-policiaca","entry"],"_links":{"self":[{"href":"https:\/\/www.zunoticia.com\/noticias-de-hidalgo\/wp-json\/wp\/v2\/posts\/486539","targetHints":{"allow":["GET"]}}],"collection":[{"href":"https:\/\/www.zunoticia.com\/noticias-de-hidalgo\/wp-json\/wp\/v2\/posts"}],"about":[{"href":"https:\/\/www.zunoticia.com\/noticias-de-hidalgo\/wp-json\/wp\/v2\/types\/post"}],"author":[{"embeddable":true,"href":"https:\/\/www.zunoticia.com\/noticias-de-hidalgo\/wp-json\/wp\/v2\/users\/12"}],"replies":[{"embeddable":true,"href":"https:\/\/www.zunoticia.com\/noticias-de-hidalgo\/wp-json\/wp\/v2\/comments?post=486539"}],"version-history":[{"count":1,"href":"https:\/\/www.zunoticia.com\/noticias-de-hidalgo\/wp-json\/wp\/v2\/posts\/486539\/revisions"}],"predecessor-version":[{"id":486545,"href":"https:\/\/www.zunoticia.com\/noticias-de-hidalgo\/wp-json\/wp\/v2\/posts\/486539\/revisions\/486545"}],"wp:featuredmedia":[{"embeddable":true,"href":"https:\/\/www.zunoticia.com\/noticias-de-hidalgo\/wp-json\/wp\/v2\/media\/486542"}],"wp:attachment":[{"href":"https:\/\/www.zunoticia.com\/noticias-de-hidalgo\/wp-json\/wp\/v2\/media?parent=486539"}],"wp:term":[{"taxonomy":"category","embeddable":true,"href":"https:\/\/www.zunoticia.com\/noticias-de-hidalgo\/wp-json\/wp\/v2\/categories?post=486539"},{"taxonomy":"post_tag","embeddable":true,"href":"https:\/\/www.zunoticia.com\/noticias-de-hidalgo\/wp-json\/wp\/v2\/tags?post=486539"}],"curies":[{"name":"wp","href":"https:\/\/api.w.org\/{rel}","templated":true}]}}