{"id":486562,"date":"2023-06-14T21:10:19","date_gmt":"2023-06-15T03:10:19","guid":{"rendered":"https:\/\/www.zunoticia.com\/noticias-de-hidalgo\/?p=486562"},"modified":"2023-06-14T21:10:21","modified_gmt":"2023-06-15T03:10:21","slug":"auxilian-a-maquinista-que-sufrio-golpe-de-calor","status":"publish","type":"post","link":"https:\/\/www.zunoticia.com\/noticias-de-hidalgo\/2023\/06\/14\/auxilian-a-maquinista-que-sufrio-golpe-de-calor\/","title":{"rendered":"Auxilian a maquinista que sufri\u00f3 golpe de calor"},"content":{"rendered":"<aside class=\"mashsb-container mashsb-main mashsb-stretched\"><div class=\"mashsb-box\"><div class=\"mashsb-count mash-large\" style=\"float:left\"><div class=\"counts mashsbcount\">32<\/div><span class=\"mashsb-sharetext\">SHARES<\/span><\/div><div class=\"mashsb-buttons\"><a class=\"mashicon-facebook mash-large mash-center mashsb-noshadow\" href=\"https:\/\/www.facebook.com\/sharer.php?u=https%3A%2F%2Fwww.zunoticia.com%2Fnoticias-de-hidalgo%2F2023%2F06%2F14%2Fauxilian-a-maquinista-que-sufrio-golpe-de-calor%2F\" target=\"_top\" rel=\"nofollow\"><span class=\"icon\"><\/span><span class=\"text\">Share<\/span><\/a><a class=\"mashicon-twitter mash-large mash-center mashsb-noshadow\" href=\"https:\/\/twitter.com\/intent\/tweet?text=&amp;url=https:\/\/www.zunoticia.com\/noticias-de-hidalgo\/2023\/06\/14\/auxilian-a-maquinista-que-sufrio-golpe-de-calor\/\" target=\"_top\" rel=\"nofollow\"><span class=\"icon\"><\/span><span class=\"text\">Tweet<\/span><\/a><div class=\"onoffswitch2 mash-large mashsb-noshadow\" style=\"display:none\"><\/div><\/div>\n            <\/div>\n                <div style=\"clear:both\"><\/div><div class=\"mashsb-toggle-container\"><\/div><\/aside>\n            <!-- Share buttons by mashshare.net - Version: 4.0.47-->\n<p><em>Por Francisco Rosas\/Zunoticia<\/em><\/p>\n\n\n\n<p><strong>Huejutla, Hgo.-<\/strong>&nbsp; Un maquinista que se desvaneci\u00f3 al sufrir un golpe de calor la tarde de este mi\u00e9rcoles fue auxiliado e ingresado a la cl\u00ednica del Instituto Mexicano del Seguro Social (IMSS) de esta ciudad.<\/p>\n\n\n\n<p>El paciente es un adulto mayor que estaba operando una m\u00e1quina en las inmediaciones de la localidad de Cececapa, perteneciente a este municipio, sin embargo, por el intenso calor que se sinti\u00f3 este mi\u00e9rcoles 14 de junio, el hombre se puso mal al no hidratarse mientras realizaba trabajos en el poblado en menci\u00f3n.<\/p>\n\n\n\n<p>Compa\u00f1eros de trabajo fueron los primeros en auxiliarlo y lo subieron en un veh\u00edculo particular, pero en el trayecto a la altura de la comunidad de Teacal, lo subieron en la ambulancia y de esta manera lo ingresaron al IMSS.<\/p>\n","protected":false},"excerpt":{"rendered":"<p>Por Francisco Rosas\/Zunoticia Huejutla, Hgo.-&nbsp; Un maquinista que se desvaneci\u00f3 al sufrir un golpe de calor la tarde de este mi\u00e9rcoles fue auxiliado e ingresado a la cl\u00ednica del Instituto Mexicano del Seguro Social (IMSS) de esta ciudad. El paciente es un adulto mayor que estaba operando una m\u00e1quina en las inmediaciones de la localidad&hellip; <a class=\"more-link\" href=\"https:\/\/www.zunoticia.com\/noticias-de-hidalgo\/2023\/06\/14\/auxilian-a-maquinista-que-sufrio-golpe-de-calor\/\">Seguir leyendo <span class=\"screen-reader-text\">Auxilian a maquinista que sufri\u00f3 golpe de calor<\/span><\/a><\/p>\n","protected":false},"author":12,"featured_media":486558,"comment_status":"closed","ping_status":"open","sticky":false,"template":"","format":"standard","meta":{"rop_custom_images_group":[],"rop_custom_messages_group":[],"rop_publish_now":"initial","rop_publish_now_accounts":{"facebook_10159540855086992_322828327761733":""},"rop_publish_now_history":[],"rop_publish_now_status":"pending","footnotes":""},"categories":[178],"tags":[259],"class_list":["post-486562","post","type-post","status-publish","format-standard","has-post-thumbnail","hentry","category-policiaca","tag-policiaca","entry"],"_links":{"self":[{"href":"https:\/\/www.zunoticia.com\/noticias-de-hidalgo\/wp-json\/wp\/v2\/posts\/486562","targetHints":{"allow":["GET"]}}],"collection":[{"href":"https:\/\/www.zunoticia.com\/noticias-de-hidalgo\/wp-json\/wp\/v2\/posts"}],"about":[{"href":"https:\/\/www.zunoticia.com\/noticias-de-hidalgo\/wp-json\/wp\/v2\/types\/post"}],"author":[{"embeddable":true,"href":"https:\/\/www.zunoticia.com\/noticias-de-hidalgo\/wp-json\/wp\/v2\/users\/12"}],"replies":[{"embeddable":true,"href":"https:\/\/www.zunoticia.com\/noticias-de-hidalgo\/wp-json\/wp\/v2\/comments?post=486562"}],"version-history":[{"count":1,"href":"https:\/\/www.zunoticia.com\/noticias-de-hidalgo\/wp-json\/wp\/v2\/posts\/486562\/revisions"}],"predecessor-version":[{"id":486565,"href":"https:\/\/www.zunoticia.com\/noticias-de-hidalgo\/wp-json\/wp\/v2\/posts\/486562\/revisions\/486565"}],"wp:featuredmedia":[{"embeddable":true,"href":"https:\/\/www.zunoticia.com\/noticias-de-hidalgo\/wp-json\/wp\/v2\/media\/486558"}],"wp:attachment":[{"href":"https:\/\/www.zunoticia.com\/noticias-de-hidalgo\/wp-json\/wp\/v2\/media?parent=486562"}],"wp:term":[{"taxonomy":"category","embeddable":true,"href":"https:\/\/www.zunoticia.com\/noticias-de-hidalgo\/wp-json\/wp\/v2\/categories?post=486562"},{"taxonomy":"post_tag","embeddable":true,"href":"https:\/\/www.zunoticia.com\/noticias-de-hidalgo\/wp-json\/wp\/v2\/tags?post=486562"}],"curies":[{"name":"wp","href":"https:\/\/api.w.org\/{rel}","templated":true}]}}