{"id":486578,"date":"2023-06-14T22:18:15","date_gmt":"2023-06-15T04:18:15","guid":{"rendered":"https:\/\/www.zunoticia.com\/noticias-de-hidalgo\/?p=486578"},"modified":"2023-06-14T22:18:17","modified_gmt":"2023-06-15T04:18:17","slug":"pugna-menchaca-por-sistema-de-justicia-al-alcance-de-hidalguenses","status":"publish","type":"post","link":"https:\/\/www.zunoticia.com\/noticias-de-hidalgo\/2023\/06\/14\/pugna-menchaca-por-sistema-de-justicia-al-alcance-de-hidalguenses\/","title":{"rendered":"Pugna Menchaca por sistema de justicia al alcance de hidalguenses"},"content":{"rendered":"<aside class=\"mashsb-container mashsb-main mashsb-stretched\"><div class=\"mashsb-box\"><div class=\"mashsb-count mash-large\" style=\"float:left\"><div class=\"counts mashsbcount\">1<\/div><span class=\"mashsb-sharetext\">SHARES<\/span><\/div><div class=\"mashsb-buttons\"><a class=\"mashicon-facebook mash-large mash-center mashsb-noshadow\" href=\"https:\/\/www.facebook.com\/sharer.php?u=https%3A%2F%2Fwww.zunoticia.com%2Fnoticias-de-hidalgo%2F2023%2F06%2F14%2Fpugna-menchaca-por-sistema-de-justicia-al-alcance-de-hidalguenses%2F\" target=\"_top\" rel=\"nofollow\"><span class=\"icon\"><\/span><span class=\"text\">Share<\/span><\/a><a class=\"mashicon-twitter mash-large mash-center mashsb-noshadow\" href=\"https:\/\/twitter.com\/intent\/tweet?text=&amp;url=https:\/\/www.zunoticia.com\/noticias-de-hidalgo\/2023\/06\/14\/pugna-menchaca-por-sistema-de-justicia-al-alcance-de-hidalguenses\/\" target=\"_top\" rel=\"nofollow\"><span class=\"icon\"><\/span><span class=\"text\">Tweet<\/span><\/a><div class=\"onoffswitch2 mash-large mashsb-noshadow\" style=\"display:none\"><\/div><\/div>\n            <\/div>\n                <div style=\"clear:both\"><\/div><div class=\"mashsb-toggle-container\"><\/div><\/aside>\n            <!-- Share buttons by mashshare.net - Version: 4.0.47-->\n<ul class=\"wp-block-list\">\n<li>El gobernador de Hidalgo resalt\u00f3 el compromiso que guarda con el acceso a la justicia pronta y expedita.<\/li>\n<\/ul>\n\n\n\n<p><em>Por Redacci\u00f3n\/Zunoticia<\/em><\/p>\n\n\n\n<p><strong>Pachuca, Hgo.-<\/strong> En el marco de la implementaci\u00f3n del C\u00f3digo Nacional de Procedimientos Civiles y Familiares, el gobernador de Hidalgo, Julio Menchaca Salazar, record\u00f3 que como jurista mexicano y ahora como mandatario estatal, mantiene el compromiso de garantizar el acceso a la justicia de todas las personas.<\/p>\n\n\n\n<p>Durante su intervenci\u00f3n, Menchaca Salazar record\u00f3 que durante su paso por el Senado de la Rep\u00fablica, present\u00f3 junto al senador Ricardo Monreal \u00c1vila, la iniciativa para expedir el C\u00f3digo Nacional de Procedimientos Civiles y Familiares, pues explic\u00f3 que el sistema de justicia en esta materia resulta lento, incierto, costoso y discriminatorio.<\/p>\n\n\n\n<figure class=\"wp-block-image size-large\"><img fetchpriority=\"high\" decoding=\"async\" width=\"1024\" height=\"575\" src=\"https:\/\/www.zunoticia.com\/noticias-de-hidalgo\/wp-content\/uploads\/2023\/06\/eZy-Watermark-14-06-2023-09-59-48-9690p.m.-1024x575.jpg\" alt=\"\" class=\"wp-image-486580\" srcset=\"https:\/\/www.zunoticia.com\/noticias-de-hidalgo\/wp-content\/uploads\/2023\/06\/eZy-Watermark-14-06-2023-09-59-48-9690p.m.-1024x575.jpg 1024w, https:\/\/www.zunoticia.com\/noticias-de-hidalgo\/wp-content\/uploads\/2023\/06\/eZy-Watermark-14-06-2023-09-59-48-9690p.m.-300x169.jpg 300w, https:\/\/www.zunoticia.com\/noticias-de-hidalgo\/wp-content\/uploads\/2023\/06\/eZy-Watermark-14-06-2023-09-59-48-9690p.m.-768x431.jpg 768w, https:\/\/www.zunoticia.com\/noticias-de-hidalgo\/wp-content\/uploads\/2023\/06\/eZy-Watermark-14-06-2023-09-59-48-9690p.m..jpg 1280w\" sizes=\"(max-width: 1024px) 100vw, 1024px\" \/><\/figure>\n\n\n\n<p>\u201cCon la disparidad en los c\u00f3digos, la justicia est\u00e1 muy alejada de las y los mexicanos. El reto es muy grande, pues la actualizaci\u00f3n debe involucrar a todos los actores sociales y pol\u00edticos\u201d, enfatiz\u00f3 Menchaca Salazar al destacar que el proceso de implementaci\u00f3n de estas nuevas disposiciones deber\u00e1n concluir el 1 de abril de 2027.<\/p>\n\n\n\n<p>Rafael Guerra \u00c1lvarez, presidente del Tribunal Superior de Justicia de la CDMX, record\u00f3 que m\u00e1s del 75 por ciento de los conflictos a nivel nacional, lo constituyen controversias en el orden civil y familiar, por lo que result\u00f3 imperante construir bases que garanticen la autonom\u00eda org\u00e1nica del Poder Judicial.<\/p>\n\n\n\n<p>\u201cReconocemos el liderazgo de tres referentes que han generado la sinergia hist\u00f3rica de este momento; Olga S\u00e1nchez Cordero, C\u00e9sar Cravioto y Julio Menchaca Salazar\u201d, manifest\u00f3.<\/p>\n\n\n\n<figure class=\"wp-block-image size-large\"><img decoding=\"async\" width=\"1024\" height=\"575\" src=\"https:\/\/www.zunoticia.com\/noticias-de-hidalgo\/wp-content\/uploads\/2023\/06\/eZy-Watermark-14-06-2023-09-59-27-1250p.m.-1024x575.jpg\" alt=\"\" class=\"wp-image-486581\" srcset=\"https:\/\/www.zunoticia.com\/noticias-de-hidalgo\/wp-content\/uploads\/2023\/06\/eZy-Watermark-14-06-2023-09-59-27-1250p.m.-1024x575.jpg 1024w, https:\/\/www.zunoticia.com\/noticias-de-hidalgo\/wp-content\/uploads\/2023\/06\/eZy-Watermark-14-06-2023-09-59-27-1250p.m.-300x169.jpg 300w, https:\/\/www.zunoticia.com\/noticias-de-hidalgo\/wp-content\/uploads\/2023\/06\/eZy-Watermark-14-06-2023-09-59-27-1250p.m.-768x431.jpg 768w, https:\/\/www.zunoticia.com\/noticias-de-hidalgo\/wp-content\/uploads\/2023\/06\/eZy-Watermark-14-06-2023-09-59-27-1250p.m..jpg 1280w\" sizes=\"(max-width: 1024px) 100vw, 1024px\" \/><\/figure>\n\n\n\n<p>Por su parte, la senadora Olga S\u00e1nchez Cordero, reconoci\u00f3 el liderazgo de Menchaca Salazar al frente de la Comisi\u00f3n de Justicia de la C\u00e1mara Alta y el impulso que le dio a la implementaci\u00f3n de este procedimiento, agreg\u00f3: \u201cEstamos frente a un antes y un despu\u00e9s en el derecho procesal, pues se est\u00e1 privilegiando el juicio digital y la oralidad sobre los procedimientos escritos, recordemos que la justicia es de fondo y no procedimental\u201d.<\/p>\n\n\n\n<p>Respecto a los ejes rectores de este c\u00f3digo, la senadora inform\u00f3 que se trata de una pol\u00edtica social en donde se antepone la protecci\u00f3n de ni\u00f1as, ni\u00f1os y adolescentes, as\u00ed como las medidas de protecci\u00f3n inmediata en favor de las mujeres v\u00edctimas de violencia.<\/p>\n\n\n\n<p>En su oportunidad, la diputada Aleida Alavez Ruiz, resalt\u00f3 que toda persona tiene derecho a la justicia y el establecimiento de este modelo marca un parteaguas en M\u00e9xico, pues a trav\u00e9s de la regulaci\u00f3n de la justicia digital, todos los procedimientos establecidos en el C\u00f3digo Nacional podr\u00e1n tramitarse bajo la modalidad en l\u00ednea.<\/p>\n\n\n\n<p>El diputado Felipe Fernando Macias Olvera, resalt\u00f3 que para la aplicaci\u00f3n de esta normativa ser\u00e1 necesario impulsar capacitaciones a nivel nacional, a fin de vigilar su correcta instauraci\u00f3n.<\/p>\n\n\n\n<p>\u201cPara que haya gobernabilidad tiene que existir justicia. El fin \u00faltimo es tener paz, armon\u00eda y convivencia social\u201d, indic\u00f3.<\/p>\n\n\n\n<p>Al finalizar este acto, el mandatario hidalguense abund\u00f3 que gracias a la implementaci\u00f3n de esta normativa se abona a la transformaci\u00f3n de las instituciones procesales para garantizar un desarrollo pleno y efectivo, en estricto respeto a los derechos humanos.<\/p>\n","protected":false},"excerpt":{"rendered":"<p>Por Redacci\u00f3n\/Zunoticia Pachuca, Hgo.- En el marco de la implementaci\u00f3n del C\u00f3digo Nacional de Procedimientos Civiles y Familiares, el gobernador de Hidalgo, Julio Menchaca Salazar, record\u00f3 que como jurista mexicano y ahora como mandatario estatal, mantiene el compromiso de garantizar el acceso a la justicia de todas las personas. Durante su intervenci\u00f3n, Menchaca Salazar record\u00f3&hellip; <a class=\"more-link\" href=\"https:\/\/www.zunoticia.com\/noticias-de-hidalgo\/2023\/06\/14\/pugna-menchaca-por-sistema-de-justicia-al-alcance-de-hidalguenses\/\">Seguir leyendo <span class=\"screen-reader-text\">Pugna Menchaca por sistema de justicia al alcance de hidalguenses<\/span><\/a><\/p>\n","protected":false},"author":12,"featured_media":486582,"comment_status":"closed","ping_status":"open","sticky":false,"template":"","format":"standard","meta":{"rop_custom_images_group":[],"rop_custom_messages_group":[],"rop_publish_now":"initial","rop_publish_now_accounts":{"facebook_10159540855086992_322828327761733":""},"rop_publish_now_history":[],"rop_publish_now_status":"pending","footnotes":""},"categories":[208],"tags":[214],"class_list":["post-486578","post","type-post","status-publish","format-standard","has-post-thumbnail","hentry","category-estado","tag-estado","entry"],"_links":{"self":[{"href":"https:\/\/www.zunoticia.com\/noticias-de-hidalgo\/wp-json\/wp\/v2\/posts\/486578","targetHints":{"allow":["GET"]}}],"collection":[{"href":"https:\/\/www.zunoticia.com\/noticias-de-hidalgo\/wp-json\/wp\/v2\/posts"}],"about":[{"href":"https:\/\/www.zunoticia.com\/noticias-de-hidalgo\/wp-json\/wp\/v2\/types\/post"}],"author":[{"embeddable":true,"href":"https:\/\/www.zunoticia.com\/noticias-de-hidalgo\/wp-json\/wp\/v2\/users\/12"}],"replies":[{"embeddable":true,"href":"https:\/\/www.zunoticia.com\/noticias-de-hidalgo\/wp-json\/wp\/v2\/comments?post=486578"}],"version-history":[{"count":1,"href":"https:\/\/www.zunoticia.com\/noticias-de-hidalgo\/wp-json\/wp\/v2\/posts\/486578\/revisions"}],"predecessor-version":[{"id":486583,"href":"https:\/\/www.zunoticia.com\/noticias-de-hidalgo\/wp-json\/wp\/v2\/posts\/486578\/revisions\/486583"}],"wp:featuredmedia":[{"embeddable":true,"href":"https:\/\/www.zunoticia.com\/noticias-de-hidalgo\/wp-json\/wp\/v2\/media\/486582"}],"wp:attachment":[{"href":"https:\/\/www.zunoticia.com\/noticias-de-hidalgo\/wp-json\/wp\/v2\/media?parent=486578"}],"wp:term":[{"taxonomy":"category","embeddable":true,"href":"https:\/\/www.zunoticia.com\/noticias-de-hidalgo\/wp-json\/wp\/v2\/categories?post=486578"},{"taxonomy":"post_tag","embeddable":true,"href":"https:\/\/www.zunoticia.com\/noticias-de-hidalgo\/wp-json\/wp\/v2\/tags?post=486578"}],"curies":[{"name":"wp","href":"https:\/\/api.w.org\/{rel}","templated":true}]}}