{"id":486579,"date":"2023-06-14T22:30:42","date_gmt":"2023-06-15T04:30:42","guid":{"rendered":"https:\/\/www.zunoticia.com\/noticias-de-hidalgo\/?p=486579"},"modified":"2023-06-14T22:30:43","modified_gmt":"2023-06-15T04:30:43","slug":"caneros-doblego-a-jurisdiccion-en-lmfv","status":"publish","type":"post","link":"https:\/\/www.zunoticia.com\/noticias-de-hidalgo\/2023\/06\/14\/caneros-doblego-a-jurisdiccion-en-lmfv\/","title":{"rendered":"Ca\u00f1eros dobleg\u00f3 a Jurisdicci\u00f3n en LMFV"},"content":{"rendered":"<aside class=\"mashsb-container mashsb-main mashsb-stretched\"><div class=\"mashsb-box\"><div class=\"mashsb-count mash-large\" style=\"float:left\"><div class=\"counts mashsbcount\">33<\/div><span class=\"mashsb-sharetext\">SHARES<\/span><\/div><div class=\"mashsb-buttons\"><a class=\"mashicon-facebook mash-large mash-center mashsb-noshadow\" href=\"https:\/\/www.facebook.com\/sharer.php?u=https%3A%2F%2Fwww.zunoticia.com%2Fnoticias-de-hidalgo%2F2023%2F06%2F14%2Fcaneros-doblego-a-jurisdiccion-en-lmfv%2F\" target=\"_top\" rel=\"nofollow\"><span class=\"icon\"><\/span><span class=\"text\">Share<\/span><\/a><a class=\"mashicon-twitter mash-large mash-center mashsb-noshadow\" href=\"https:\/\/twitter.com\/intent\/tweet?text=&amp;url=https:\/\/www.zunoticia.com\/noticias-de-hidalgo\/2023\/06\/14\/caneros-doblego-a-jurisdiccion-en-lmfv\/\" target=\"_top\" rel=\"nofollow\"><span class=\"icon\"><\/span><span class=\"text\">Tweet<\/span><\/a><div class=\"onoffswitch2 mash-large mashsb-noshadow\" style=\"display:none\"><\/div><\/div>\n            <\/div>\n                <div style=\"clear:both\"><\/div><div class=\"mashsb-toggle-container\"><\/div><\/aside>\n            <!-- Share buttons by mashshare.net - Version: 4.0.47-->\n<p><em>Por Jos\u00e9 Luis Romero Ruiz\/Zunoticia<\/em><\/p>\n\n\n\n<p><strong>Huejutla, Hgo.-<\/strong> El equipo Ca\u00f1eros se midi\u00f3 al Deportivo Jurisdicci\u00f3n en la continuaci\u00f3n de la jornada 2 del torneo de copa 2023 \u201cAlfredo San Rom\u00e1n Duval\u201d de la Liga Municipal de F\u00fatbol de Veteranos (LMFV); al final los Ca\u00f1eros vencieron 6 \u2013 0 a la Jurisdicci\u00f3n.<\/p>\n\n\n\n<p>El duelo se desarroll\u00f3 en la cancha del corral blanco 2, y las hostilidades arrancaron alrededor de las 17:00 horas en d\u00f3nde el cuadro albo salt\u00f3 completo al terreno de juego, mientras que la Jurisdicci\u00f3n s\u00f3lo contaba con 8 jugadores.<\/p>\n\n\n\n<p>El 1 \u2013 0 lo consigui\u00f3 Orlando \u201cTibur\u00f3n Blanco\u201d Ortiz quien abri\u00f3 el marcador al minuto 20, el 2 \u2013 0 fue obra de Gabriel Hern\u00e1ndez, el 3 \u2013 0 lo consigui\u00f3 Said \u201cChespi\u201d Lara y as\u00ed se fueron al descanso.<\/p>\n\n\n\n<p>En la segunda parte los Ca\u00f1eros siguieron atacando y \u201cEl Tibur\u00f3n Blanco\u201d Ortiz consigui\u00f3 el 4 \u2013 0, y Emmanuel \u201cConan\u201d Hern\u00e1ndez logr\u00f3 el 5 \u2013 0, y el 6 \u2013 0 lo anot\u00f3 Gabriel Hern\u00e1ndez.<\/p>\n\n\n\n<p>Al minuto 60 el \u00e1rbitro expuls\u00f3 a Said \u201cChespi\u201d Lara del equipo Ca\u00f1eros, y a Rigoberto Salazar de Jurisdicci\u00f3n por una falta entre ambos jugadores y ante reclamos y empujones de ambos jugadores, el silbante salom\u00f3nicamente expuls\u00f3 a los 2 \u201crijosos\u201d.<\/p>\n\n\n\n<p>El equipo de la Jurisdicci\u00f3n se qued\u00f3 con 6 jugadores, ya que minutos antes un jugador de la Jurisdicci\u00f3n sali\u00f3 lesionado, y el nazareno al percatarse de la situaci\u00f3n dio el silbatazo final, ya que el reglamento de la FIFA refiere que cuando un equipo se queda con 6 jugadores se debe concluir el encuentro.<\/p>\n","protected":false},"excerpt":{"rendered":"<p>Por Jos\u00e9 Luis Romero Ruiz\/Zunoticia Huejutla, Hgo.- El equipo Ca\u00f1eros se midi\u00f3 al Deportivo Jurisdicci\u00f3n en la continuaci\u00f3n de la jornada 2 del torneo de copa 2023 \u201cAlfredo San Rom\u00e1n Duval\u201d de la Liga Municipal de F\u00fatbol de Veteranos (LMFV); al final los Ca\u00f1eros vencieron 6 \u2013 0 a la Jurisdicci\u00f3n. El duelo se desarroll\u00f3&hellip; <a class=\"more-link\" href=\"https:\/\/www.zunoticia.com\/noticias-de-hidalgo\/2023\/06\/14\/caneros-doblego-a-jurisdiccion-en-lmfv\/\">Seguir leyendo <span class=\"screen-reader-text\">Ca\u00f1eros dobleg\u00f3 a Jurisdicci\u00f3n en LMFV<\/span><\/a><\/p>\n","protected":false},"author":12,"featured_media":486557,"comment_status":"closed","ping_status":"open","sticky":false,"template":"","format":"standard","meta":{"rop_custom_images_group":[],"rop_custom_messages_group":[],"rop_publish_now":"initial","rop_publish_now_accounts":{"facebook_10159540855086992_322828327761733":""},"rop_publish_now_history":[],"rop_publish_now_status":"pending","footnotes":""},"categories":[177],"tags":[215],"class_list":["post-486579","post","type-post","status-publish","format-standard","has-post-thumbnail","hentry","category-deportes","tag-deportes","entry"],"_links":{"self":[{"href":"https:\/\/www.zunoticia.com\/noticias-de-hidalgo\/wp-json\/wp\/v2\/posts\/486579","targetHints":{"allow":["GET"]}}],"collection":[{"href":"https:\/\/www.zunoticia.com\/noticias-de-hidalgo\/wp-json\/wp\/v2\/posts"}],"about":[{"href":"https:\/\/www.zunoticia.com\/noticias-de-hidalgo\/wp-json\/wp\/v2\/types\/post"}],"author":[{"embeddable":true,"href":"https:\/\/www.zunoticia.com\/noticias-de-hidalgo\/wp-json\/wp\/v2\/users\/12"}],"replies":[{"embeddable":true,"href":"https:\/\/www.zunoticia.com\/noticias-de-hidalgo\/wp-json\/wp\/v2\/comments?post=486579"}],"version-history":[{"count":1,"href":"https:\/\/www.zunoticia.com\/noticias-de-hidalgo\/wp-json\/wp\/v2\/posts\/486579\/revisions"}],"predecessor-version":[{"id":486585,"href":"https:\/\/www.zunoticia.com\/noticias-de-hidalgo\/wp-json\/wp\/v2\/posts\/486579\/revisions\/486585"}],"wp:featuredmedia":[{"embeddable":true,"href":"https:\/\/www.zunoticia.com\/noticias-de-hidalgo\/wp-json\/wp\/v2\/media\/486557"}],"wp:attachment":[{"href":"https:\/\/www.zunoticia.com\/noticias-de-hidalgo\/wp-json\/wp\/v2\/media?parent=486579"}],"wp:term":[{"taxonomy":"category","embeddable":true,"href":"https:\/\/www.zunoticia.com\/noticias-de-hidalgo\/wp-json\/wp\/v2\/categories?post=486579"},{"taxonomy":"post_tag","embeddable":true,"href":"https:\/\/www.zunoticia.com\/noticias-de-hidalgo\/wp-json\/wp\/v2\/tags?post=486579"}],"curies":[{"name":"wp","href":"https:\/\/api.w.org\/{rel}","templated":true}]}}