{"id":487243,"date":"2023-06-19T15:11:19","date_gmt":"2023-06-19T21:11:19","guid":{"rendered":"https:\/\/www.zunoticia.com\/noticias-de-hidalgo\/?p=487243"},"modified":"2023-06-19T15:11:20","modified_gmt":"2023-06-19T21:11:20","slug":"alta-demanda-en-actualizacion-de-actas","status":"publish","type":"post","link":"https:\/\/www.zunoticia.com\/noticias-de-hidalgo\/2023\/06\/19\/alta-demanda-en-actualizacion-de-actas\/","title":{"rendered":"Alta demanda en actualizaci\u00f3n de actas"},"content":{"rendered":"<aside class=\"mashsb-container mashsb-main mashsb-stretched\"><div class=\"mashsb-box\"><div class=\"mashsb-count mash-large\" style=\"float:left\"><div class=\"counts mashsbcount\">15<\/div><span class=\"mashsb-sharetext\">SHARES<\/span><\/div><div class=\"mashsb-buttons\"><a class=\"mashicon-facebook mash-large mash-center mashsb-noshadow\" href=\"https:\/\/www.facebook.com\/sharer.php?u=https%3A%2F%2Fwww.zunoticia.com%2Fnoticias-de-hidalgo%2F2023%2F06%2F19%2Falta-demanda-en-actualizacion-de-actas%2F\" target=\"_top\" rel=\"nofollow\"><span class=\"icon\"><\/span><span class=\"text\">Share<\/span><\/a><a class=\"mashicon-twitter mash-large mash-center mashsb-noshadow\" href=\"https:\/\/twitter.com\/intent\/tweet?text=&amp;url=https:\/\/www.zunoticia.com\/noticias-de-hidalgo\/2023\/06\/19\/alta-demanda-en-actualizacion-de-actas\/\" target=\"_top\" rel=\"nofollow\"><span class=\"icon\"><\/span><span class=\"text\">Tweet<\/span><\/a><div class=\"onoffswitch2 mash-large mashsb-noshadow\" style=\"display:none\"><\/div><\/div>\n            <\/div>\n                <div style=\"clear:both\"><\/div><div class=\"mashsb-toggle-container\"><\/div><\/aside>\n            <!-- Share buttons by mashshare.net - Version: 4.0.47-->\n<p><em>Por \u00c1ngel Silverio\/Zunoticia<\/em><\/p>\n\n\n\n<p><strong>San Felipe Orizatl\u00e1n, Hgo<\/strong>.- Una alta demanda por parte de la poblaci\u00f3n, es la que se percibi\u00f3 este inicio de semana, luego de que se diera a conocer la campa\u00f1a de actualizaci\u00f3n en actas de nacimiento.<\/p>\n\n\n\n<p>Fue este lunes, cuando desde muy temprana hora, comenzaron a llegar una gran cantidad de ciudadanos oriundos de este municipio, para realizar la actualizaci\u00f3n de actas de nacimiento, en correcciones en sus nombres, apellidos, ya que este es uno de los problemas m\u00e1s frecuentes que sufren los orizatlenses para realizar los tr\u00e1mites.<\/p>\n\n\n\n<p>Los responsables de llevar a cabo esta importante campa\u00f1a, se\u00f1alaron que este tipo de campa\u00f1as son de mucha importancia, pues uno de los problemas que enfrentan los ciudadanos, son los errores en sus actas de nacimiento, y que muchas veces por ello no pueden acceder a los programas sociales, es por eso que deben aprovechar las campa\u00f1as.<\/p>\n\n\n\n<p>Agregaron que, quienes requieran de la actualizaci\u00f3n de su acta de nacimiento, pueden acudir a las oficinas del Registro Civil para que se les brinde la informaci\u00f3n y puedan realizar su tr\u00e1mite.<\/p>\n\n\n\n<figure class=\"wp-block-image size-full\"><img fetchpriority=\"high\" decoding=\"async\" width=\"940\" height=\"788\" src=\"https:\/\/www.zunoticia.com\/noticias-de-hidalgo\/wp-content\/uploads\/2023\/06\/1-148.png\" alt=\"\" class=\"wp-image-487245\" srcset=\"https:\/\/www.zunoticia.com\/noticias-de-hidalgo\/wp-content\/uploads\/2023\/06\/1-148.png 940w, https:\/\/www.zunoticia.com\/noticias-de-hidalgo\/wp-content\/uploads\/2023\/06\/1-148-300x251.png 300w, https:\/\/www.zunoticia.com\/noticias-de-hidalgo\/wp-content\/uploads\/2023\/06\/1-148-768x644.png 768w\" sizes=\"(max-width: 940px) 100vw, 940px\" \/><\/figure>\n","protected":false},"excerpt":{"rendered":"<p>Por \u00c1ngel Silverio\/Zunoticia San Felipe Orizatl\u00e1n, Hgo.- Una alta demanda por parte de la poblaci\u00f3n, es la que se percibi\u00f3 este inicio de semana, luego de que se diera a conocer la campa\u00f1a de actualizaci\u00f3n en actas de nacimiento. Fue este lunes, cuando desde muy temprana hora, comenzaron a llegar una gran cantidad de ciudadanos&hellip; <a class=\"more-link\" href=\"https:\/\/www.zunoticia.com\/noticias-de-hidalgo\/2023\/06\/19\/alta-demanda-en-actualizacion-de-actas\/\">Seguir leyendo <span class=\"screen-reader-text\">Alta demanda en actualizaci\u00f3n de actas<\/span><\/a><\/p>\n","protected":false},"author":20,"featured_media":487244,"comment_status":"closed","ping_status":"open","sticky":false,"template":"","format":"standard","meta":{"rop_custom_images_group":[],"rop_custom_messages_group":[],"rop_publish_now":"initial","rop_publish_now_accounts":{"facebook_10159540855086992_322828327761733":""},"rop_publish_now_history":[],"rop_publish_now_status":"pending","footnotes":""},"categories":[180],"tags":[129],"class_list":["post-487243","post","type-post","status-publish","format-standard","has-post-thumbnail","hentry","category-orizatlan","tag-orizatlan","entry"],"_links":{"self":[{"href":"https:\/\/www.zunoticia.com\/noticias-de-hidalgo\/wp-json\/wp\/v2\/posts\/487243","targetHints":{"allow":["GET"]}}],"collection":[{"href":"https:\/\/www.zunoticia.com\/noticias-de-hidalgo\/wp-json\/wp\/v2\/posts"}],"about":[{"href":"https:\/\/www.zunoticia.com\/noticias-de-hidalgo\/wp-json\/wp\/v2\/types\/post"}],"author":[{"embeddable":true,"href":"https:\/\/www.zunoticia.com\/noticias-de-hidalgo\/wp-json\/wp\/v2\/users\/20"}],"replies":[{"embeddable":true,"href":"https:\/\/www.zunoticia.com\/noticias-de-hidalgo\/wp-json\/wp\/v2\/comments?post=487243"}],"version-history":[{"count":1,"href":"https:\/\/www.zunoticia.com\/noticias-de-hidalgo\/wp-json\/wp\/v2\/posts\/487243\/revisions"}],"predecessor-version":[{"id":487246,"href":"https:\/\/www.zunoticia.com\/noticias-de-hidalgo\/wp-json\/wp\/v2\/posts\/487243\/revisions\/487246"}],"wp:featuredmedia":[{"embeddable":true,"href":"https:\/\/www.zunoticia.com\/noticias-de-hidalgo\/wp-json\/wp\/v2\/media\/487244"}],"wp:attachment":[{"href":"https:\/\/www.zunoticia.com\/noticias-de-hidalgo\/wp-json\/wp\/v2\/media?parent=487243"}],"wp:term":[{"taxonomy":"category","embeddable":true,"href":"https:\/\/www.zunoticia.com\/noticias-de-hidalgo\/wp-json\/wp\/v2\/categories?post=487243"},{"taxonomy":"post_tag","embeddable":true,"href":"https:\/\/www.zunoticia.com\/noticias-de-hidalgo\/wp-json\/wp\/v2\/tags?post=487243"}],"curies":[{"name":"wp","href":"https:\/\/api.w.org\/{rel}","templated":true}]}}