{"id":487481,"date":"2023-06-20T18:54:19","date_gmt":"2023-06-21T00:54:19","guid":{"rendered":"https:\/\/www.zunoticia.com\/noticias-de-hidalgo\/?p=487481"},"modified":"2023-06-20T18:54:20","modified_gmt":"2023-06-21T00:54:20","slug":"llaman-a-estar-preparados-contra-la-canicula","status":"publish","type":"post","link":"https:\/\/www.zunoticia.com\/noticias-de-hidalgo\/2023\/06\/20\/llaman-a-estar-preparados-contra-la-canicula\/","title":{"rendered":"Llaman a estar preparados contra la Can\u00edcula"},"content":{"rendered":"<aside class=\"mashsb-container mashsb-main mashsb-stretched\"><div class=\"mashsb-box\"><div class=\"mashsb-count mash-large\" style=\"float:left\"><div class=\"counts mashsbcount\">25<\/div><span class=\"mashsb-sharetext\">SHARES<\/span><\/div><div class=\"mashsb-buttons\"><a class=\"mashicon-facebook mash-large mash-center mashsb-noshadow\" href=\"https:\/\/www.facebook.com\/sharer.php?u=https%3A%2F%2Fwww.zunoticia.com%2Fnoticias-de-hidalgo%2F2023%2F06%2F20%2Fllaman-a-estar-preparados-contra-la-canicula%2F\" target=\"_top\" rel=\"nofollow\"><span class=\"icon\"><\/span><span class=\"text\">Share<\/span><\/a><a class=\"mashicon-twitter mash-large mash-center mashsb-noshadow\" href=\"https:\/\/twitter.com\/intent\/tweet?text=&amp;url=https:\/\/www.zunoticia.com\/noticias-de-hidalgo\/2023\/06\/20\/llaman-a-estar-preparados-contra-la-canicula\/\" target=\"_top\" rel=\"nofollow\"><span class=\"icon\"><\/span><span class=\"text\">Tweet<\/span><\/a><div class=\"onoffswitch2 mash-large mashsb-noshadow\" style=\"display:none\"><\/div><\/div>\n            <\/div>\n                <div style=\"clear:both\"><\/div><div class=\"mashsb-toggle-container\"><\/div><\/aside>\n            <!-- Share buttons by mashshare.net - Version: 4.0.47-->\n<p><em>Por \u00c1ngel Silverio\/Zunoticia<\/em><\/p>\n\n\n\n<p><strong>Jaltoc\u00e1n, Hgo<\/strong>.- A principios del pr\u00f3ximo mes de julio iniciar\u00e1 la can\u00edcula 2023, el periodo m\u00e1s caluroso del a\u00f1o, caracterizado por un aumento excesivo en la temperatura, derivado del eje de inclinaci\u00f3n de la tierra respecto al sol, es por eso que se est\u00e1 exhortando a la poblaci\u00f3n a que tome sus medidas de prevenci\u00f3n.<\/p>\n\n\n\n<p>Herlindo Hern\u00e1ndez Miranda, titular de Protecci\u00f3n Civil, indic\u00f3 que, para evitar sufrir los estragos en este periodo caluroso del a\u00f1o, los expertos recomiendan a la poblaci\u00f3n en general seguir las recomendaciones, tales como no exponerse de manera prolongada a los rayos solares y consumir abundantes l\u00edquidos.<\/p>\n\n\n\n<p>Adem\u00e1s de utilizar sombreros o sombrillas para evitar los rayos solares, usar ropa de colores claros, ligera y holgada; tomar descansos de 5 minutos a la sombra, usar protector solar con un factor de protecci\u00f3n igual o mayor a 50.<\/p>\n\n\n\n<p>Cabe mencionar que, en el periodo de can\u00edcula, el sol del mediod\u00eda est\u00e1 a la m\u00e1xima altura posible sobre el horizonte de la tierra, provocando temperaturas de hasta m\u00e1s de 45 grados cent\u00edgrados, por ello piden tomar medidas de prevenci\u00f3n.<\/p>\n","protected":false},"excerpt":{"rendered":"<p>Por \u00c1ngel Silverio\/Zunoticia Jaltoc\u00e1n, Hgo.- A principios del pr\u00f3ximo mes de julio iniciar\u00e1 la can\u00edcula 2023, el periodo m\u00e1s caluroso del a\u00f1o, caracterizado por un aumento excesivo en la temperatura, derivado del eje de inclinaci\u00f3n de la tierra respecto al sol, es por eso que se est\u00e1 exhortando a la poblaci\u00f3n a que tome sus&hellip; <a class=\"more-link\" href=\"https:\/\/www.zunoticia.com\/noticias-de-hidalgo\/2023\/06\/20\/llaman-a-estar-preparados-contra-la-canicula\/\">Seguir leyendo <span class=\"screen-reader-text\">Llaman a estar preparados contra la Can\u00edcula<\/span><\/a><\/p>\n","protected":false},"author":20,"featured_media":487482,"comment_status":"closed","ping_status":"open","sticky":false,"template":"","format":"standard","meta":{"rop_custom_images_group":[],"rop_custom_messages_group":[],"rop_publish_now":"initial","rop_publish_now_accounts":{"facebook_10159540855086992_322828327761733":""},"rop_publish_now_history":[],"rop_publish_now_status":"pending","footnotes":""},"categories":[200],"tags":[131],"class_list":["post-487481","post","type-post","status-publish","format-standard","has-post-thumbnail","hentry","category-jaltocan","tag-jaltocan","entry"],"_links":{"self":[{"href":"https:\/\/www.zunoticia.com\/noticias-de-hidalgo\/wp-json\/wp\/v2\/posts\/487481","targetHints":{"allow":["GET"]}}],"collection":[{"href":"https:\/\/www.zunoticia.com\/noticias-de-hidalgo\/wp-json\/wp\/v2\/posts"}],"about":[{"href":"https:\/\/www.zunoticia.com\/noticias-de-hidalgo\/wp-json\/wp\/v2\/types\/post"}],"author":[{"embeddable":true,"href":"https:\/\/www.zunoticia.com\/noticias-de-hidalgo\/wp-json\/wp\/v2\/users\/20"}],"replies":[{"embeddable":true,"href":"https:\/\/www.zunoticia.com\/noticias-de-hidalgo\/wp-json\/wp\/v2\/comments?post=487481"}],"version-history":[{"count":1,"href":"https:\/\/www.zunoticia.com\/noticias-de-hidalgo\/wp-json\/wp\/v2\/posts\/487481\/revisions"}],"predecessor-version":[{"id":487483,"href":"https:\/\/www.zunoticia.com\/noticias-de-hidalgo\/wp-json\/wp\/v2\/posts\/487481\/revisions\/487483"}],"wp:featuredmedia":[{"embeddable":true,"href":"https:\/\/www.zunoticia.com\/noticias-de-hidalgo\/wp-json\/wp\/v2\/media\/487482"}],"wp:attachment":[{"href":"https:\/\/www.zunoticia.com\/noticias-de-hidalgo\/wp-json\/wp\/v2\/media?parent=487481"}],"wp:term":[{"taxonomy":"category","embeddable":true,"href":"https:\/\/www.zunoticia.com\/noticias-de-hidalgo\/wp-json\/wp\/v2\/categories?post=487481"},{"taxonomy":"post_tag","embeddable":true,"href":"https:\/\/www.zunoticia.com\/noticias-de-hidalgo\/wp-json\/wp\/v2\/tags?post=487481"}],"curies":[{"name":"wp","href":"https:\/\/api.w.org\/{rel}","templated":true}]}}