{"id":487774,"date":"2023-06-22T12:52:30","date_gmt":"2023-06-22T18:52:30","guid":{"rendered":"https:\/\/www.zunoticia.com\/noticias-de-hidalgo\/?p=487774"},"modified":"2023-06-22T12:52:31","modified_gmt":"2023-06-22T18:52:31","slug":"presentan-el-libro-los-criterios-de-oportunidad-en-el-proceso-penal-teoria-y-practica-del-dr-hector-carreon-perea","status":"publish","type":"post","link":"https:\/\/www.zunoticia.com\/noticias-de-hidalgo\/2023\/06\/22\/presentan-el-libro-los-criterios-de-oportunidad-en-el-proceso-penal-teoria-y-practica-del-dr-hector-carreon-perea\/","title":{"rendered":"Presentan el Libro \u201cLos criterios de oportunidad en el proceso penal. Teor\u00eda y pr\u00e1ctica\u201d, del Dr. H\u00e9ctor Carre\u00f3n Perea"},"content":{"rendered":"<aside class=\"mashsb-container mashsb-main mashsb-stretched\"><div class=\"mashsb-box\"><div class=\"mashsb-count mash-large\" style=\"float:left\"><div class=\"counts mashsbcount\">1<\/div><span class=\"mashsb-sharetext\">SHARES<\/span><\/div><div class=\"mashsb-buttons\"><a class=\"mashicon-facebook mash-large mash-center mashsb-noshadow\" href=\"https:\/\/www.facebook.com\/sharer.php?u=https%3A%2F%2Fwww.zunoticia.com%2Fnoticias-de-hidalgo%2F2023%2F06%2F22%2Fpresentan-el-libro-los-criterios-de-oportunidad-en-el-proceso-penal-teoria-y-practica-del-dr-hector-carreon-perea%2F\" target=\"_top\" rel=\"nofollow\"><span class=\"icon\"><\/span><span class=\"text\">Share<\/span><\/a><a class=\"mashicon-twitter mash-large mash-center mashsb-noshadow\" href=\"https:\/\/twitter.com\/intent\/tweet?text=&amp;url=https:\/\/www.zunoticia.com\/noticias-de-hidalgo\/2023\/06\/22\/presentan-el-libro-los-criterios-de-oportunidad-en-el-proceso-penal-teoria-y-practica-del-dr-hector-carreon-perea\/\" target=\"_top\" rel=\"nofollow\"><span class=\"icon\"><\/span><span class=\"text\">Tweet<\/span><\/a><div class=\"onoffswitch2 mash-large mashsb-noshadow\" style=\"display:none\"><\/div><\/div>\n            <\/div>\n                <div style=\"clear:both\"><\/div><div class=\"mashsb-toggle-container\"><\/div><\/aside>\n            <!-- Share buttons by mashshare.net - Version: 4.0.47-->\n<p><em>Por Redacci\u00f3n\/Zunoticia<\/em><\/p>\n\n\n\n<p><strong>Pachuca de Soto, Hgo<\/strong>.- La Comisi\u00f3n de Derechos Humanos del Estado de Hidalgo dio inicio al espacio \u201cIdeas, Reflexiones y Libros\u201d con la presentaci\u00f3n del libro \u201cLos criterios de oportunidad en el proceso penal. Teor\u00eda y pr\u00e1ctica\u201d, autor\u00eda del Dr. H\u00e9ctor Carre\u00f3n Perea.<\/p>\n\n\n\n<p>H\u00e9ctor Carre\u00f3n Perea es licenciado en Derecho por la Universidad La Salle (Ciudad de M\u00e9xico), Maestro en Derecho Penal por el Instituto Nacional de Ciencias Penales (INACIPE) y Doctor en Derecho con menci\u00f3n honor\u00edfica por la Universidad Nacional Aut\u00f3noma de M\u00e9xico. En el \u00e1mbito de la procuraci\u00f3n de justicia se ha desempe\u00f1ado como director de atenci\u00f3n a quejas e inspecci\u00f3n en Derechos Humanos, fiscal coordinador (Agente del Ministerio P\u00fablico de la Federaci\u00f3n), Titular del eje de Capacitaci\u00f3n en la Unidad para la Implementaci\u00f3n del Sistema Procesal Penal Acusatorio y director general de Proyectos Especiales en la entonces Procuradur\u00eda General de la Rep\u00fablica.<\/p>\n\n\n\n<p>El evento cont\u00f3 con las participaciones de la especialistas en derecho Dra. Keren Reyes Castro y Ana Parra, Presidenta de la Comisi\u00f3n de Derechos Humanos del Estado de Hidalgo, quien durante su intervenci\u00f3n coment\u00f3 que los l\u00edmites que hay en el sistema de justicia penal son, precisamente, los organismos no jurisdiccionales, quienes est\u00e1n al cuidado y con esa gran responsabilidad de velar que los procesos tengan principio y fin, pero tambi\u00e9n tienen la gran responsabilidad de llevar a todas las personas de la mano, no solamente desde una parte inquisidora. \u201cNunca m\u00e1s van a tener la comodidad del silencio de las personas ni de las v\u00edctimas\u201d, puntualiz\u00f3.<\/p>\n\n\n\n<p>Mientras que el Dr. H\u00e9ctor Carre\u00f3n Perea subray\u00f3 que parte de los objetivos que persigue con su libro es invitar a las nuevas generaciones de estudiantes y personas servidoras p\u00fablicas en el \u00e1mbito de la procuraci\u00f3n y administraci\u00f3n de justicia para que formen su propio criterio y profundicen, a partir de un enfoque cr\u00edtico e independiente, en el estudio y fortalecimiento de la dogm\u00e1tica procesal penal.<\/p>\n\n\n\n<p>Por su parte la Dra. Keren Reyes Castro destac\u00f3 que el autor hace una visi\u00f3n propositiva, haciendo un an\u00e1lisis en modificar o actualizar el acuerdo donde se dan los lineamientos de autorizaci\u00f3n de criterios de oportunidad para Fiscal\u00eda General de la Rep\u00fablica y tambi\u00e9n para que los estados no se hagan a un lado.<\/p>\n\n\n\n<p>Dicho evento cont\u00f3 con la presencia de alumnado de la Licenciatura en Derecho de la Salle Pachuca, mientras que de manera virtual se sumaron instituciones gubernamentales y el alumnado de diversas universidades p\u00fablicas y privadas del Estado de Hidalgo. La presentaci\u00f3n del libro puede volver a sintonizarse en las redes sociales de la CDHEH en el siguiente enlace: https:\/\/fb.watch\/lkfEhUhav8\/<\/p>\n\n\n\n<figure class=\"wp-block-gallery has-nested-images columns-default is-cropped wp-block-gallery-1 is-layout-flex wp-block-gallery-is-layout-flex\">\n<figure class=\"wp-block-image size-large\"><img fetchpriority=\"high\" decoding=\"async\" width=\"940\" height=\"788\" data-id=\"487776\" src=\"https:\/\/www.zunoticia.com\/noticias-de-hidalgo\/wp-content\/uploads\/2023\/06\/3-74.png\" alt=\"\" class=\"wp-image-487776\" srcset=\"https:\/\/www.zunoticia.com\/noticias-de-hidalgo\/wp-content\/uploads\/2023\/06\/3-74.png 940w, https:\/\/www.zunoticia.com\/noticias-de-hidalgo\/wp-content\/uploads\/2023\/06\/3-74-300x251.png 300w, https:\/\/www.zunoticia.com\/noticias-de-hidalgo\/wp-content\/uploads\/2023\/06\/3-74-768x644.png 768w\" sizes=\"(max-width: 940px) 100vw, 940px\" \/><\/figure>\n\n\n\n<figure class=\"wp-block-image size-large\"><img decoding=\"async\" width=\"940\" height=\"788\" data-id=\"487777\" src=\"https:\/\/www.zunoticia.com\/noticias-de-hidalgo\/wp-content\/uploads\/2023\/06\/1-187.png\" alt=\"\" class=\"wp-image-487777\" srcset=\"https:\/\/www.zunoticia.com\/noticias-de-hidalgo\/wp-content\/uploads\/2023\/06\/1-187.png 940w, https:\/\/www.zunoticia.com\/noticias-de-hidalgo\/wp-content\/uploads\/2023\/06\/1-187-300x251.png 300w, https:\/\/www.zunoticia.com\/noticias-de-hidalgo\/wp-content\/uploads\/2023\/06\/1-187-768x644.png 768w\" sizes=\"(max-width: 940px) 100vw, 940px\" \/><\/figure>\n<\/figure>\n","protected":false},"excerpt":{"rendered":"<p>Por Redacci\u00f3n\/Zunoticia Pachuca de Soto, Hgo.- La Comisi\u00f3n de Derechos Humanos del Estado de Hidalgo dio inicio al espacio \u201cIdeas, Reflexiones y Libros\u201d con la presentaci\u00f3n del libro \u201cLos criterios de oportunidad en el proceso penal. Teor\u00eda y pr\u00e1ctica\u201d, autor\u00eda del Dr. H\u00e9ctor Carre\u00f3n Perea. H\u00e9ctor Carre\u00f3n Perea es licenciado en Derecho por la Universidad&hellip; <a class=\"more-link\" href=\"https:\/\/www.zunoticia.com\/noticias-de-hidalgo\/2023\/06\/22\/presentan-el-libro-los-criterios-de-oportunidad-en-el-proceso-penal-teoria-y-practica-del-dr-hector-carreon-perea\/\">Seguir leyendo <span class=\"screen-reader-text\">Presentan el Libro \u201cLos criterios de oportunidad en el proceso penal. Teor\u00eda y pr\u00e1ctica\u201d, del Dr. H\u00e9ctor Carre\u00f3n Perea<\/span><\/a><\/p>\n","protected":false},"author":20,"featured_media":487775,"comment_status":"closed","ping_status":"open","sticky":false,"template":"","format":"standard","meta":{"rop_custom_images_group":[],"rop_custom_messages_group":[],"rop_publish_now":"initial","rop_publish_now_accounts":{"facebook_10159540855086992_322828327761733":""},"rop_publish_now_history":[],"rop_publish_now_status":"pending","footnotes":""},"categories":[208],"tags":[214],"class_list":["post-487774","post","type-post","status-publish","format-standard","has-post-thumbnail","hentry","category-estado","tag-estado","entry"],"_links":{"self":[{"href":"https:\/\/www.zunoticia.com\/noticias-de-hidalgo\/wp-json\/wp\/v2\/posts\/487774","targetHints":{"allow":["GET"]}}],"collection":[{"href":"https:\/\/www.zunoticia.com\/noticias-de-hidalgo\/wp-json\/wp\/v2\/posts"}],"about":[{"href":"https:\/\/www.zunoticia.com\/noticias-de-hidalgo\/wp-json\/wp\/v2\/types\/post"}],"author":[{"embeddable":true,"href":"https:\/\/www.zunoticia.com\/noticias-de-hidalgo\/wp-json\/wp\/v2\/users\/20"}],"replies":[{"embeddable":true,"href":"https:\/\/www.zunoticia.com\/noticias-de-hidalgo\/wp-json\/wp\/v2\/comments?post=487774"}],"version-history":[{"count":1,"href":"https:\/\/www.zunoticia.com\/noticias-de-hidalgo\/wp-json\/wp\/v2\/posts\/487774\/revisions"}],"predecessor-version":[{"id":487778,"href":"https:\/\/www.zunoticia.com\/noticias-de-hidalgo\/wp-json\/wp\/v2\/posts\/487774\/revisions\/487778"}],"wp:featuredmedia":[{"embeddable":true,"href":"https:\/\/www.zunoticia.com\/noticias-de-hidalgo\/wp-json\/wp\/v2\/media\/487775"}],"wp:attachment":[{"href":"https:\/\/www.zunoticia.com\/noticias-de-hidalgo\/wp-json\/wp\/v2\/media?parent=487774"}],"wp:term":[{"taxonomy":"category","embeddable":true,"href":"https:\/\/www.zunoticia.com\/noticias-de-hidalgo\/wp-json\/wp\/v2\/categories?post=487774"},{"taxonomy":"post_tag","embeddable":true,"href":"https:\/\/www.zunoticia.com\/noticias-de-hidalgo\/wp-json\/wp\/v2\/tags?post=487774"}],"curies":[{"name":"wp","href":"https:\/\/api.w.org\/{rel}","templated":true}]}}