{"id":487786,"date":"2023-06-22T14:12:00","date_gmt":"2023-06-22T20:12:00","guid":{"rendered":"https:\/\/www.zunoticia.com\/noticias-de-hidalgo\/?p=487786"},"modified":"2023-06-22T14:12:01","modified_gmt":"2023-06-22T20:12:01","slug":"reestructuran-horarios-de-clases-por-altas-temperaturas-en-la-region-huasteca","status":"publish","type":"post","link":"https:\/\/www.zunoticia.com\/noticias-de-hidalgo\/2023\/06\/22\/reestructuran-horarios-de-clases-por-altas-temperaturas-en-la-region-huasteca\/","title":{"rendered":"Reestructuran horarios de clases por altas temperaturas en la regi\u00f3n huasteca"},"content":{"rendered":"<aside class=\"mashsb-container mashsb-main mashsb-stretched\"><div class=\"mashsb-box\"><div class=\"mashsb-count mash-large\" style=\"float:left\"><div class=\"counts mashsbcount\">55<\/div><span class=\"mashsb-sharetext\">SHARES<\/span><\/div><div class=\"mashsb-buttons\"><a class=\"mashicon-facebook mash-large mash-center mashsb-noshadow\" href=\"https:\/\/www.facebook.com\/sharer.php?u=https%3A%2F%2Fwww.zunoticia.com%2Fnoticias-de-hidalgo%2F2023%2F06%2F22%2Freestructuran-horarios-de-clases-por-altas-temperaturas-en-la-region-huasteca%2F\" target=\"_top\" rel=\"nofollow\"><span class=\"icon\"><\/span><span class=\"text\">Share<\/span><\/a><a class=\"mashicon-twitter mash-large mash-center mashsb-noshadow\" href=\"https:\/\/twitter.com\/intent\/tweet?text=&amp;url=https:\/\/www.zunoticia.com\/noticias-de-hidalgo\/2023\/06\/22\/reestructuran-horarios-de-clases-por-altas-temperaturas-en-la-region-huasteca\/\" target=\"_top\" rel=\"nofollow\"><span class=\"icon\"><\/span><span class=\"text\">Tweet<\/span><\/a><div class=\"onoffswitch2 mash-large mashsb-noshadow\" style=\"display:none\"><\/div><\/div>\n            <\/div>\n                <div style=\"clear:both\"><\/div><div class=\"mashsb-toggle-container\"><\/div><\/aside>\n            <!-- Share buttons by mashshare.net - Version: 4.0.47-->\n<p><em>Por Salvador Altamirano\/Zunoticia<\/em><\/p>\n\n\n\n<p><strong>Huejutla, Hgo<\/strong>.- Entrevistado respecto a qu\u00e9 se sabe, de que en algunas instituciones educativas est\u00e1n optando por reducir sus horarios de clases debido a las altas temperaturas, el subdirector de Servicios Regionales de la SEP, Salom\u00f3n Ramos Silva, manifest\u00f3 que ya las autoridades superiores han instruido a cada uno de los representantes de los niveles educativos, en este caso de educaci\u00f3n b\u00e1sica, para que reestructuren los horarios en las escuelas.<\/p>\n\n\n\n<p>Explic\u00f3 que, lo anterior se est\u00e1 llevando a cabo considerando las caracter\u00edsticas de cada una de las regiones y de las altas temperaturas, por lo que en los diferentes niveles est\u00e1n haciendo lo propio los jefes de sector, supervisores y directivos, anteponiendo siempre salvaguardar la integridad de los estudiantes.<\/p>\n\n\n\n<p>A pregunta expresa, detall\u00f3 que, la disposici\u00f3n se puede extender conforme se est\u00e9 presentando el fen\u00f3meno de las altas temperaturas, se reconsidera la situaci\u00f3n y las medidas que se est\u00e1n realizando. Pero aclaro, que hay libertad, autonom\u00eda en cada uno de los centros escolares para que directivos y docentes, en com\u00fan acuerdo con los padres de familia puedan hacer la reorganizaci\u00f3n de horarios.<\/p>\n\n\n\n<p>Respecto a las clases de educaci\u00f3n f\u00edsica que por lo general son a la intemperie y cuando el sol est\u00e1 m\u00e1s fuerte, coment\u00f3 que de igual manera los profesores de educaci\u00f3n f\u00edsica en com\u00fan acuerdo con directivos escolares, deben estar llevando a cabo las medidas pertinentes para adecuar los horarios de la asignatura.<\/p>\n\n\n\n<p>Para concluir, Ramos Silva refiri\u00f3 que, no han tenido ning\u00fan reporte de centro educativo alguno que representa, que un alumno haya sufrido deshidrataci\u00f3n y golpe de calor por las altas temperaturas, \u201cpero estamos pendientes de las medidas que se est\u00e1n implementando en cada uno de los centros escolares de educaci\u00f3n b\u00e1sica en la regi\u00f3n sierra y huasteca\u201d.<\/p>\n\n\n\n<p><\/p>\n","protected":false},"excerpt":{"rendered":"<p>Por Salvador Altamirano\/Zunoticia Huejutla, Hgo.- Entrevistado respecto a qu\u00e9 se sabe, de que en algunas instituciones educativas est\u00e1n optando por reducir sus horarios de clases debido a las altas temperaturas, el subdirector de Servicios Regionales de la SEP, Salom\u00f3n Ramos Silva, manifest\u00f3 que ya las autoridades superiores han instruido a cada uno de los representantes&hellip; <a class=\"more-link\" href=\"https:\/\/www.zunoticia.com\/noticias-de-hidalgo\/2023\/06\/22\/reestructuran-horarios-de-clases-por-altas-temperaturas-en-la-region-huasteca\/\">Seguir leyendo <span class=\"screen-reader-text\">Reestructuran horarios de clases por altas temperaturas en la regi\u00f3n huasteca<\/span><\/a><\/p>\n","protected":false},"author":20,"featured_media":487787,"comment_status":"closed","ping_status":"open","sticky":false,"template":"","format":"standard","meta":{"rop_custom_images_group":[],"rop_custom_messages_group":[],"rop_publish_now":"initial","rop_publish_now_accounts":{"facebook_10159540855086992_322828327761733":""},"rop_publish_now_history":[],"rop_publish_now_status":"pending","footnotes":""},"categories":[181],"tags":[121],"class_list":["post-487786","post","type-post","status-publish","format-standard","has-post-thumbnail","hentry","category-huejutla","tag-huejutla","entry"],"_links":{"self":[{"href":"https:\/\/www.zunoticia.com\/noticias-de-hidalgo\/wp-json\/wp\/v2\/posts\/487786","targetHints":{"allow":["GET"]}}],"collection":[{"href":"https:\/\/www.zunoticia.com\/noticias-de-hidalgo\/wp-json\/wp\/v2\/posts"}],"about":[{"href":"https:\/\/www.zunoticia.com\/noticias-de-hidalgo\/wp-json\/wp\/v2\/types\/post"}],"author":[{"embeddable":true,"href":"https:\/\/www.zunoticia.com\/noticias-de-hidalgo\/wp-json\/wp\/v2\/users\/20"}],"replies":[{"embeddable":true,"href":"https:\/\/www.zunoticia.com\/noticias-de-hidalgo\/wp-json\/wp\/v2\/comments?post=487786"}],"version-history":[{"count":1,"href":"https:\/\/www.zunoticia.com\/noticias-de-hidalgo\/wp-json\/wp\/v2\/posts\/487786\/revisions"}],"predecessor-version":[{"id":487788,"href":"https:\/\/www.zunoticia.com\/noticias-de-hidalgo\/wp-json\/wp\/v2\/posts\/487786\/revisions\/487788"}],"wp:featuredmedia":[{"embeddable":true,"href":"https:\/\/www.zunoticia.com\/noticias-de-hidalgo\/wp-json\/wp\/v2\/media\/487787"}],"wp:attachment":[{"href":"https:\/\/www.zunoticia.com\/noticias-de-hidalgo\/wp-json\/wp\/v2\/media?parent=487786"}],"wp:term":[{"taxonomy":"category","embeddable":true,"href":"https:\/\/www.zunoticia.com\/noticias-de-hidalgo\/wp-json\/wp\/v2\/categories?post=487786"},{"taxonomy":"post_tag","embeddable":true,"href":"https:\/\/www.zunoticia.com\/noticias-de-hidalgo\/wp-json\/wp\/v2\/tags?post=487786"}],"curies":[{"name":"wp","href":"https:\/\/api.w.org\/{rel}","templated":true}]}}