{"id":487789,"date":"2023-06-22T16:49:14","date_gmt":"2023-06-22T22:49:14","guid":{"rendered":"https:\/\/www.zunoticia.com\/noticias-de-hidalgo\/?p=487789"},"modified":"2023-06-22T16:49:15","modified_gmt":"2023-06-22T22:49:15","slug":"el-cronista-debe-de-ser-elegido-por-la-ciudadania-no-por-la-asamblea-municipal-juarez-vega","status":"publish","type":"post","link":"https:\/\/www.zunoticia.com\/noticias-de-hidalgo\/2023\/06\/22\/el-cronista-debe-de-ser-elegido-por-la-ciudadania-no-por-la-asamblea-municipal-juarez-vega\/","title":{"rendered":"El Cronista debe de ser elegido por la ciudadan\u00eda, no por la Asamblea Municipal: Ju\u00e1rez Vega"},"content":{"rendered":"<aside class=\"mashsb-container mashsb-main mashsb-stretched\"><div class=\"mashsb-box\"><div class=\"mashsb-count mash-large\" style=\"float:left\"><div class=\"counts mashsbcount\">18<\/div><span class=\"mashsb-sharetext\">SHARES<\/span><\/div><div class=\"mashsb-buttons\"><a class=\"mashicon-facebook mash-large mash-center mashsb-noshadow\" href=\"https:\/\/www.facebook.com\/sharer.php?u=https%3A%2F%2Fwww.zunoticia.com%2Fnoticias-de-hidalgo%2F2023%2F06%2F22%2Fel-cronista-debe-de-ser-elegido-por-la-ciudadania-no-por-la-asamblea-municipal-juarez-vega%2F\" target=\"_top\" rel=\"nofollow\"><span class=\"icon\"><\/span><span class=\"text\">Share<\/span><\/a><a class=\"mashicon-twitter mash-large mash-center mashsb-noshadow\" href=\"https:\/\/twitter.com\/intent\/tweet?text=&amp;url=https:\/\/www.zunoticia.com\/noticias-de-hidalgo\/2023\/06\/22\/el-cronista-debe-de-ser-elegido-por-la-ciudadania-no-por-la-asamblea-municipal-juarez-vega\/\" target=\"_top\" rel=\"nofollow\"><span class=\"icon\"><\/span><span class=\"text\">Tweet<\/span><\/a><div class=\"onoffswitch2 mash-large mashsb-noshadow\" style=\"display:none\"><\/div><\/div>\n            <\/div>\n                <div style=\"clear:both\"><\/div><div class=\"mashsb-toggle-container\"><\/div><\/aside>\n            <!-- Share buttons by mashshare.net - Version: 4.0.47-->\n<p><em>Por Salvador Altamirano\/Zunoticia<\/em><\/p>\n\n\n\n<p><strong>Huejutla, Hgo<\/strong>.- \u201cAunque hay opiniones encontradas, en lo personal, el cronista deber\u00eda de ser elegido por la ciudadan\u00eda, no por la H. Asamblea Municipal, como se pretende; en base a los trabajos que hayan presentado personas interesadas en el tema\u201d.<\/p>\n\n\n\n<p>Lo anterior, fue expresado por el historiador Jorge Luis Ju\u00e1rez Vega, quien enfatiz\u00f3 que, elaborar una cr\u00f3nica no es sencillo, no se da por decreto, se redacta por conocimiento y experiencia, \u201cpor falta de ello, de muchos a\u00f1os a la fecha se ha venido deformando la historia, porque no ha habido un cronista que compendie los sucesos de la sierra y huasteca\u201d.<\/p>\n\n\n\n<p>Agreg\u00f3 que, posiblemente la mayor\u00eda de los regidores ni siquiera son de la regi\u00f3n, \u201cno tenemos informaci\u00f3n de d\u00f3nde son oriundos, ni cu\u00e1ntos sean de Huejutla, ni cu\u00e1ntos tengan intereses sensibles, v\u00e1lidos para designar a un cronista\u201d.<\/p>\n\n\n\n<p>Considero -subray\u00f3-, que la sociedad es la m\u00e1s indicada para tomar este tipo de decisiones, porque dejar algo tan trascendental en manos de unos cuantos no es muy \u00e9tico ni muy responsable.<\/p>\n\n\n\n<p>Para finalizar, Ju\u00e1rez Vega coment\u00f3 que, la cr\u00f3nica es esencialmente necesaria para formar una identidad, siempre y cuando est\u00e9 sustentada en la credibilidad, en la veracidad, no se escriba nada m\u00e1s las cosas venturosas y se omitan los errores que con el simple hecho de salir a la calle se descubren.<\/p>\n\n\n\n<p><\/p>\n","protected":false},"excerpt":{"rendered":"<p>Por Salvador Altamirano\/Zunoticia Huejutla, Hgo.- \u201cAunque hay opiniones encontradas, en lo personal, el cronista deber\u00eda de ser elegido por la ciudadan\u00eda, no por la H. Asamblea Municipal, como se pretende; en base a los trabajos que hayan presentado personas interesadas en el tema\u201d. Lo anterior, fue expresado por el historiador Jorge Luis Ju\u00e1rez Vega, quien&hellip; <a class=\"more-link\" href=\"https:\/\/www.zunoticia.com\/noticias-de-hidalgo\/2023\/06\/22\/el-cronista-debe-de-ser-elegido-por-la-ciudadania-no-por-la-asamblea-municipal-juarez-vega\/\">Seguir leyendo <span class=\"screen-reader-text\">El Cronista debe de ser elegido por la ciudadan\u00eda, no por la Asamblea Municipal: Ju\u00e1rez Vega<\/span><\/a><\/p>\n","protected":false},"author":20,"featured_media":487790,"comment_status":"closed","ping_status":"open","sticky":false,"template":"","format":"standard","meta":{"rop_custom_images_group":[],"rop_custom_messages_group":[],"rop_publish_now":"initial","rop_publish_now_accounts":{"facebook_10159540855086992_322828327761733":""},"rop_publish_now_history":[],"rop_publish_now_status":"pending","footnotes":""},"categories":[181],"tags":[121],"class_list":["post-487789","post","type-post","status-publish","format-standard","has-post-thumbnail","hentry","category-huejutla","tag-huejutla","entry"],"_links":{"self":[{"href":"https:\/\/www.zunoticia.com\/noticias-de-hidalgo\/wp-json\/wp\/v2\/posts\/487789","targetHints":{"allow":["GET"]}}],"collection":[{"href":"https:\/\/www.zunoticia.com\/noticias-de-hidalgo\/wp-json\/wp\/v2\/posts"}],"about":[{"href":"https:\/\/www.zunoticia.com\/noticias-de-hidalgo\/wp-json\/wp\/v2\/types\/post"}],"author":[{"embeddable":true,"href":"https:\/\/www.zunoticia.com\/noticias-de-hidalgo\/wp-json\/wp\/v2\/users\/20"}],"replies":[{"embeddable":true,"href":"https:\/\/www.zunoticia.com\/noticias-de-hidalgo\/wp-json\/wp\/v2\/comments?post=487789"}],"version-history":[{"count":1,"href":"https:\/\/www.zunoticia.com\/noticias-de-hidalgo\/wp-json\/wp\/v2\/posts\/487789\/revisions"}],"predecessor-version":[{"id":487791,"href":"https:\/\/www.zunoticia.com\/noticias-de-hidalgo\/wp-json\/wp\/v2\/posts\/487789\/revisions\/487791"}],"wp:featuredmedia":[{"embeddable":true,"href":"https:\/\/www.zunoticia.com\/noticias-de-hidalgo\/wp-json\/wp\/v2\/media\/487790"}],"wp:attachment":[{"href":"https:\/\/www.zunoticia.com\/noticias-de-hidalgo\/wp-json\/wp\/v2\/media?parent=487789"}],"wp:term":[{"taxonomy":"category","embeddable":true,"href":"https:\/\/www.zunoticia.com\/noticias-de-hidalgo\/wp-json\/wp\/v2\/categories?post=487789"},{"taxonomy":"post_tag","embeddable":true,"href":"https:\/\/www.zunoticia.com\/noticias-de-hidalgo\/wp-json\/wp\/v2\/tags?post=487789"}],"curies":[{"name":"wp","href":"https:\/\/api.w.org\/{rel}","templated":true}]}}