{"id":487792,"date":"2023-06-22T16:58:46","date_gmt":"2023-06-22T22:58:46","guid":{"rendered":"https:\/\/www.zunoticia.com\/noticias-de-hidalgo\/?p=487792"},"modified":"2023-06-22T16:58:47","modified_gmt":"2023-06-22T22:58:47","slug":"orizatlan-sede-del-octavo-parlamento-infantil","status":"publish","type":"post","link":"https:\/\/www.zunoticia.com\/noticias-de-hidalgo\/2023\/06\/22\/orizatlan-sede-del-octavo-parlamento-infantil\/","title":{"rendered":"Orizatl\u00e1n sede del Octavo Parlamento infantil"},"content":{"rendered":"<aside class=\"mashsb-container mashsb-main mashsb-stretched\"><div class=\"mashsb-box\"><div class=\"mashsb-count mash-large\" style=\"float:left\"><div class=\"counts mashsbcount\">38<\/div><span class=\"mashsb-sharetext\">SHARES<\/span><\/div><div class=\"mashsb-buttons\"><a class=\"mashicon-facebook mash-large mash-center mashsb-noshadow\" href=\"https:\/\/www.facebook.com\/sharer.php?u=https%3A%2F%2Fwww.zunoticia.com%2Fnoticias-de-hidalgo%2F2023%2F06%2F22%2Forizatlan-sede-del-octavo-parlamento-infantil%2F\" target=\"_top\" rel=\"nofollow\"><span class=\"icon\"><\/span><span class=\"text\">Share<\/span><\/a><a class=\"mashicon-twitter mash-large mash-center mashsb-noshadow\" href=\"https:\/\/twitter.com\/intent\/tweet?text=&amp;url=https:\/\/www.zunoticia.com\/noticias-de-hidalgo\/2023\/06\/22\/orizatlan-sede-del-octavo-parlamento-infantil\/\" target=\"_top\" rel=\"nofollow\"><span class=\"icon\"><\/span><span class=\"text\">Tweet<\/span><\/a><div class=\"onoffswitch2 mash-large mashsb-noshadow\" style=\"display:none\"><\/div><\/div>\n            <\/div>\n                <div style=\"clear:both\"><\/div><div class=\"mashsb-toggle-container\"><\/div><\/aside>\n            <!-- Share buttons by mashshare.net - Version: 4.0.47-->\n<p><em>Por \u00c1ngel Silverio\/Zunoticia<\/em><\/p>\n\n\n\n<p><strong>San Felipe Orizatl\u00e1n, Hgo<\/strong>.- El municipio fue sede del \u201cEncuentro Distrital de Embajadoras y Embajadores del 8\u00b0 Parlamento Infantil Hidalgo 2022\u201d, organizado por la Secretar\u00eda de Gobierno a trav\u00e9s de la SIPINNA en coordinaci\u00f3n con el IEEH, celebrado en la cabecera municipal de San Felipe, donde estuvo presente la alcaldesa Erika Saab Lara.<\/p>\n\n\n\n<p>En su intervenci\u00f3n, la alcaldesa felicit\u00f3 a las tres ni\u00f1as participantes, la embajadora de parlamento infantil originaria de Huitzitzilingo y las dos ni\u00f1as diputadas oriundas del municipio de Tlanchinol; se\u00f1al\u00f3 que ambas tienen el derecho a la participaci\u00f3n y libre expresi\u00f3n en espacios que permitan impulsar propuestas legislativas para fortalecer su desarrollo que coadyuvar a la construcci\u00f3n de una sociedad m\u00e1s participativa.<\/p>\n\n\n\n<p>Al participar, las ni\u00f1as diputadas mencionaron que, han hecho una serie de trabajos de investigaci\u00f3n sobre algunas carencias de sus comunidades, por lo que entregaron las peticiones correspondientes a la alcaldesa, Erika Saab y a la diputada local, Silvia S\u00e1nchez.<\/p>\n\n\n\n<p>En dicho evento, estuvieron presentes, la diputada local Silvia S\u00e1nchez Garc\u00eda; Ricardo Costeira Carmona, director de Educaci\u00f3n Art\u00edstica y Servicios Regionales de la SEP; Manuel Camargo Garc\u00eda, Jefe de Sector; Grehidi Sarahi Vite Cornelio y Aylin Guadalupe Espinoza Balderas, ambas diputadas infantiles; Nayeli Hern\u00e1ndez Hern\u00e1ndez, Embajadora del Parlamento infantil, Esmeralda Flores titular de SIPINNA en Orizatl\u00e1n, la asamblea municipal, as\u00ed como invitados especiales.<\/p>\n\n\n\n<figure class=\"wp-block-gallery has-nested-images columns-default is-cropped wp-block-gallery-1 is-layout-flex wp-block-gallery-is-layout-flex\">\n<figure class=\"wp-block-image size-large\"><img fetchpriority=\"high\" decoding=\"async\" width=\"940\" height=\"788\" data-id=\"487795\" src=\"https:\/\/www.zunoticia.com\/noticias-de-hidalgo\/wp-content\/uploads\/2023\/06\/2-195.png\" alt=\"\" class=\"wp-image-487795\" srcset=\"https:\/\/www.zunoticia.com\/noticias-de-hidalgo\/wp-content\/uploads\/2023\/06\/2-195.png 940w, https:\/\/www.zunoticia.com\/noticias-de-hidalgo\/wp-content\/uploads\/2023\/06\/2-195-300x251.png 300w, https:\/\/www.zunoticia.com\/noticias-de-hidalgo\/wp-content\/uploads\/2023\/06\/2-195-768x644.png 768w\" sizes=\"(max-width: 940px) 100vw, 940px\" \/><\/figure>\n\n\n\n<figure class=\"wp-block-image size-large\"><img decoding=\"async\" width=\"940\" height=\"788\" data-id=\"487794\" src=\"https:\/\/www.zunoticia.com\/noticias-de-hidalgo\/wp-content\/uploads\/2023\/06\/3-75.png\" alt=\"\" class=\"wp-image-487794\" srcset=\"https:\/\/www.zunoticia.com\/noticias-de-hidalgo\/wp-content\/uploads\/2023\/06\/3-75.png 940w, https:\/\/www.zunoticia.com\/noticias-de-hidalgo\/wp-content\/uploads\/2023\/06\/3-75-300x251.png 300w, https:\/\/www.zunoticia.com\/noticias-de-hidalgo\/wp-content\/uploads\/2023\/06\/3-75-768x644.png 768w\" sizes=\"(max-width: 940px) 100vw, 940px\" \/><\/figure>\n<\/figure>\n","protected":false},"excerpt":{"rendered":"<p>Por \u00c1ngel Silverio\/Zunoticia San Felipe Orizatl\u00e1n, Hgo.- El municipio fue sede del \u201cEncuentro Distrital de Embajadoras y Embajadores del 8\u00b0 Parlamento Infantil Hidalgo 2022\u201d, organizado por la Secretar\u00eda de Gobierno a trav\u00e9s de la SIPINNA en coordinaci\u00f3n con el IEEH, celebrado en la cabecera municipal de San Felipe, donde estuvo presente la alcaldesa Erika Saab&hellip; <a class=\"more-link\" href=\"https:\/\/www.zunoticia.com\/noticias-de-hidalgo\/2023\/06\/22\/orizatlan-sede-del-octavo-parlamento-infantil\/\">Seguir leyendo <span class=\"screen-reader-text\">Orizatl\u00e1n sede del Octavo Parlamento infantil<\/span><\/a><\/p>\n","protected":false},"author":20,"featured_media":487793,"comment_status":"closed","ping_status":"open","sticky":false,"template":"","format":"standard","meta":{"rop_custom_images_group":[],"rop_custom_messages_group":[],"rop_publish_now":"initial","rop_publish_now_accounts":{"facebook_10159540855086992_322828327761733":""},"rop_publish_now_history":[],"rop_publish_now_status":"pending","footnotes":""},"categories":[180],"tags":[129],"class_list":["post-487792","post","type-post","status-publish","format-standard","has-post-thumbnail","hentry","category-orizatlan","tag-orizatlan","entry"],"_links":{"self":[{"href":"https:\/\/www.zunoticia.com\/noticias-de-hidalgo\/wp-json\/wp\/v2\/posts\/487792","targetHints":{"allow":["GET"]}}],"collection":[{"href":"https:\/\/www.zunoticia.com\/noticias-de-hidalgo\/wp-json\/wp\/v2\/posts"}],"about":[{"href":"https:\/\/www.zunoticia.com\/noticias-de-hidalgo\/wp-json\/wp\/v2\/types\/post"}],"author":[{"embeddable":true,"href":"https:\/\/www.zunoticia.com\/noticias-de-hidalgo\/wp-json\/wp\/v2\/users\/20"}],"replies":[{"embeddable":true,"href":"https:\/\/www.zunoticia.com\/noticias-de-hidalgo\/wp-json\/wp\/v2\/comments?post=487792"}],"version-history":[{"count":1,"href":"https:\/\/www.zunoticia.com\/noticias-de-hidalgo\/wp-json\/wp\/v2\/posts\/487792\/revisions"}],"predecessor-version":[{"id":487796,"href":"https:\/\/www.zunoticia.com\/noticias-de-hidalgo\/wp-json\/wp\/v2\/posts\/487792\/revisions\/487796"}],"wp:featuredmedia":[{"embeddable":true,"href":"https:\/\/www.zunoticia.com\/noticias-de-hidalgo\/wp-json\/wp\/v2\/media\/487793"}],"wp:attachment":[{"href":"https:\/\/www.zunoticia.com\/noticias-de-hidalgo\/wp-json\/wp\/v2\/media?parent=487792"}],"wp:term":[{"taxonomy":"category","embeddable":true,"href":"https:\/\/www.zunoticia.com\/noticias-de-hidalgo\/wp-json\/wp\/v2\/categories?post=487792"},{"taxonomy":"post_tag","embeddable":true,"href":"https:\/\/www.zunoticia.com\/noticias-de-hidalgo\/wp-json\/wp\/v2\/tags?post=487792"}],"curies":[{"name":"wp","href":"https:\/\/api.w.org\/{rel}","templated":true}]}}