{"id":487800,"date":"2023-06-22T17:13:02","date_gmt":"2023-06-22T23:13:02","guid":{"rendered":"https:\/\/www.zunoticia.com\/noticias-de-hidalgo\/?p=487800"},"modified":"2023-06-22T17:13:03","modified_gmt":"2023-06-22T23:13:03","slug":"situacion-muy-preocupante-viven-ganaderos-por-la-ola-de-calor","status":"publish","type":"post","link":"https:\/\/www.zunoticia.com\/noticias-de-hidalgo\/2023\/06\/22\/situacion-muy-preocupante-viven-ganaderos-por-la-ola-de-calor\/","title":{"rendered":"Situaci\u00f3n muy preocupante, viven ganaderos por la ola de calor"},"content":{"rendered":"<aside class=\"mashsb-container mashsb-main mashsb-stretched\"><div class=\"mashsb-box\"><div class=\"mashsb-count mash-large\" style=\"float:left\"><div class=\"counts mashsbcount\">17<\/div><span class=\"mashsb-sharetext\">SHARES<\/span><\/div><div class=\"mashsb-buttons\"><a class=\"mashicon-facebook mash-large mash-center mashsb-noshadow\" href=\"https:\/\/www.facebook.com\/sharer.php?u=https%3A%2F%2Fwww.zunoticia.com%2Fnoticias-de-hidalgo%2F2023%2F06%2F22%2Fsituacion-muy-preocupante-viven-ganaderos-por-la-ola-de-calor%2F\" target=\"_top\" rel=\"nofollow\"><span class=\"icon\"><\/span><span class=\"text\">Share<\/span><\/a><a class=\"mashicon-twitter mash-large mash-center mashsb-noshadow\" href=\"https:\/\/twitter.com\/intent\/tweet?text=&amp;url=https:\/\/www.zunoticia.com\/noticias-de-hidalgo\/2023\/06\/22\/situacion-muy-preocupante-viven-ganaderos-por-la-ola-de-calor\/\" target=\"_top\" rel=\"nofollow\"><span class=\"icon\"><\/span><span class=\"text\">Tweet<\/span><\/a><div class=\"onoffswitch2 mash-large mashsb-noshadow\" style=\"display:none\"><\/div><\/div>\n            <\/div>\n                <div style=\"clear:both\"><\/div><div class=\"mashsb-toggle-container\"><\/div><\/aside>\n            <!-- Share buttons by mashshare.net - Version: 4.0.47-->\n<p><em>Por Enedino Hern\u00e1ndez\/Zunoticia<\/em><\/p>\n\n\n\n<p><strong>Huejutla, Hgo<\/strong>.- La fuerte ola de calor que actualmente afecta a la zona de la huasteca se ha convertido realmente en una \u201csituaci\u00f3n muy preocupante\u201d, reconoci\u00f3 el presidente de la Asociaci\u00f3n Ganadera Local en Huejutla de Reyes, Rafael Barrag\u00e1n Monterrubio.<\/p>\n\n\n\n<p>\u201cEl calor en realidad es algo extraordinario lo que est\u00e1 pasando, es at\u00edpico pudi\u00e9ramos decirlo; no esper\u00e1bamos esta intensidad de calor, sin embargo, como lo hemos venido haciendo en meses pasados, exhortamos a los compa\u00f1eros ganaderos y productores, a prepararnos tanto en el alimento como en el agua.<\/p>\n\n\n\n<p>Gracias a Dios se tuvieron lluvias tempranas por as\u00ed decirlo, en los meses pasados, que nos han permitido poder mantenernos hasta este momento en buenas condiciones, nuestros pastizales a\u00fan est\u00e1n en condiciones para soportar unos meses m\u00e1s, esperamos que ya pronto se vengan las lluvias y alivie esta situaci\u00f3n que estamos viviendo todo el sector productivo, tanto los agr\u00edcolas como el ganadero que estamos a la espera de las lluvias con mucha ansiedad\u201d explic\u00f3.<\/p>\n\n\n\n<p>Rafael Barrag\u00e1n Monterrubio, detalla que, por el calor es com\u00fan ver alguna afectaci\u00f3n en los animales \u201ces natural que nuestro ganado se adelgace un poco, pero con un suplemento adecuado, sobre todo mineralizando las sales, sugerimos que usen sales minerales y no \u00fanicamente la sal blanca, para que nuestro ganado se mantenga correctamente hidratado, esto es algo que como ganaderos debemos de haber estado practicando ya durante a\u00f1os pasados\u201d.<\/p>\n\n\n\n<p>Concluy\u00f3 que, cuidar a los animales de la mejor manera, es una cultura que se tiene que asumir de aqu\u00ed en adelante para poder mantener en buenas condiciones los hatos ganaderos, \u201cpor el momento como propietarios estamos haciendo todo lo que est\u00e1 de nuestra parte, para poder mantener en buen estado el ganado\u201d.<\/p>\n\n\n\n<p><\/p>\n","protected":false},"excerpt":{"rendered":"<p>Por Enedino Hern\u00e1ndez\/Zunoticia Huejutla, Hgo.- La fuerte ola de calor que actualmente afecta a la zona de la huasteca se ha convertido realmente en una \u201csituaci\u00f3n muy preocupante\u201d, reconoci\u00f3 el presidente de la Asociaci\u00f3n Ganadera Local en Huejutla de Reyes, Rafael Barrag\u00e1n Monterrubio. \u201cEl calor en realidad es algo extraordinario lo que est\u00e1 pasando, es&hellip; <a class=\"more-link\" href=\"https:\/\/www.zunoticia.com\/noticias-de-hidalgo\/2023\/06\/22\/situacion-muy-preocupante-viven-ganaderos-por-la-ola-de-calor\/\">Seguir leyendo <span class=\"screen-reader-text\">Situaci\u00f3n muy preocupante, viven ganaderos por la ola de calor<\/span><\/a><\/p>\n","protected":false},"author":20,"featured_media":487801,"comment_status":"closed","ping_status":"open","sticky":false,"template":"","format":"standard","meta":{"rop_custom_images_group":[],"rop_custom_messages_group":[],"rop_publish_now":"initial","rop_publish_now_accounts":{"facebook_10159540855086992_322828327761733":""},"rop_publish_now_history":[],"rop_publish_now_status":"pending","footnotes":""},"categories":[181],"tags":[121],"class_list":["post-487800","post","type-post","status-publish","format-standard","has-post-thumbnail","hentry","category-huejutla","tag-huejutla","entry"],"_links":{"self":[{"href":"https:\/\/www.zunoticia.com\/noticias-de-hidalgo\/wp-json\/wp\/v2\/posts\/487800","targetHints":{"allow":["GET"]}}],"collection":[{"href":"https:\/\/www.zunoticia.com\/noticias-de-hidalgo\/wp-json\/wp\/v2\/posts"}],"about":[{"href":"https:\/\/www.zunoticia.com\/noticias-de-hidalgo\/wp-json\/wp\/v2\/types\/post"}],"author":[{"embeddable":true,"href":"https:\/\/www.zunoticia.com\/noticias-de-hidalgo\/wp-json\/wp\/v2\/users\/20"}],"replies":[{"embeddable":true,"href":"https:\/\/www.zunoticia.com\/noticias-de-hidalgo\/wp-json\/wp\/v2\/comments?post=487800"}],"version-history":[{"count":1,"href":"https:\/\/www.zunoticia.com\/noticias-de-hidalgo\/wp-json\/wp\/v2\/posts\/487800\/revisions"}],"predecessor-version":[{"id":487802,"href":"https:\/\/www.zunoticia.com\/noticias-de-hidalgo\/wp-json\/wp\/v2\/posts\/487800\/revisions\/487802"}],"wp:featuredmedia":[{"embeddable":true,"href":"https:\/\/www.zunoticia.com\/noticias-de-hidalgo\/wp-json\/wp\/v2\/media\/487801"}],"wp:attachment":[{"href":"https:\/\/www.zunoticia.com\/noticias-de-hidalgo\/wp-json\/wp\/v2\/media?parent=487800"}],"wp:term":[{"taxonomy":"category","embeddable":true,"href":"https:\/\/www.zunoticia.com\/noticias-de-hidalgo\/wp-json\/wp\/v2\/categories?post=487800"},{"taxonomy":"post_tag","embeddable":true,"href":"https:\/\/www.zunoticia.com\/noticias-de-hidalgo\/wp-json\/wp\/v2\/tags?post=487800"}],"curies":[{"name":"wp","href":"https:\/\/api.w.org\/{rel}","templated":true}]}}