{"id":487817,"date":"2023-06-22T18:01:17","date_gmt":"2023-06-23T00:01:17","guid":{"rendered":"https:\/\/www.zunoticia.com\/noticias-de-hidalgo\/?p=487817"},"modified":"2023-06-22T18:01:18","modified_gmt":"2023-06-23T00:01:18","slug":"ola-de-calor-ha-comenzado-a-afectar-al-comercio","status":"publish","type":"post","link":"https:\/\/www.zunoticia.com\/noticias-de-hidalgo\/2023\/06\/22\/ola-de-calor-ha-comenzado-a-afectar-al-comercio\/","title":{"rendered":"Ola de calor ha comenzado a afectar al comercio"},"content":{"rendered":"<aside class=\"mashsb-container mashsb-main mashsb-stretched\"><div class=\"mashsb-box\"><div class=\"mashsb-count mash-large\" style=\"float:left\"><div class=\"counts mashsbcount\">45<\/div><span class=\"mashsb-sharetext\">SHARES<\/span><\/div><div class=\"mashsb-buttons\"><a class=\"mashicon-facebook mash-large mash-center mashsb-noshadow\" href=\"https:\/\/www.facebook.com\/sharer.php?u=https%3A%2F%2Fwww.zunoticia.com%2Fnoticias-de-hidalgo%2F2023%2F06%2F22%2Fola-de-calor-ha-comenzado-a-afectar-al-comercio%2F\" target=\"_top\" rel=\"nofollow\"><span class=\"icon\"><\/span><span class=\"text\">Share<\/span><\/a><a class=\"mashicon-twitter mash-large mash-center mashsb-noshadow\" href=\"https:\/\/twitter.com\/intent\/tweet?text=&amp;url=https:\/\/www.zunoticia.com\/noticias-de-hidalgo\/2023\/06\/22\/ola-de-calor-ha-comenzado-a-afectar-al-comercio\/\" target=\"_top\" rel=\"nofollow\"><span class=\"icon\"><\/span><span class=\"text\">Tweet<\/span><\/a><div class=\"onoffswitch2 mash-large mashsb-noshadow\" style=\"display:none\"><\/div><\/div>\n            <\/div>\n                <div style=\"clear:both\"><\/div><div class=\"mashsb-toggle-container\"><\/div><\/aside>\n            <!-- Share buttons by mashshare.net - Version: 4.0.47-->\n<p><em>Por \u00c1ngel Silverio\/Zunoticia<\/em><\/p>\n\n\n\n<p><strong>Jaltoc\u00e1n, Hgo<\/strong>.- Ante la intensa ola de calor que se vive en todo el pa\u00eds, sectores productivos comienzan a tener p\u00e9rdidas, pues ha generado que la ciudadan\u00eda prefiera quedarse en sus hogares, a exponerse a las altas temperaturas que se resienten en las calles, uno de esos sectores es el de los comerciantes.<\/p>\n\n\n\n<p>Al respecto, Lucio Romero Hern\u00e1ndez, representante de los comerciantes, se\u00f1al\u00f3 que, lamentablemente la ola de calor ya ha comenzado a pasar factura a sus compa\u00f1eros, \u201cpues han empezado a registrar bajas ventas, ya que la ciudadan\u00eda prefiere no salir a realizar sus compras ni a consumir en la calle por altas temperaturas que sobrepasan los 40 grados cent\u00edgrados; adem\u00e1s de que ya habido personas afectadas por los golpes de calor.<\/p>\n\n\n\n<p>La gente prefiere quedarse en su casa, refrescarse con el ventilador, o con el aire acondicionado, y la verdad es que hasta uno preferir\u00eda hacerlo, porque el calor es insoportable, pero tenemos que salir a trabajar, y se ve reflejado en nuestras ganancias, porque la gente no sale a comprar, prefieren evitarse el calor o irse a una de estas tiendas comerciales que cuentan con clima, y pareciera chiste, pero hasta en eso, nos est\u00e1 afectando este calor\u201d, dijo el l\u00edder del comercio.<\/p>\n\n\n\n<p>Romero Hern\u00e1ndez, dijo que, \u00fanicamente est\u00e1n esperanzados a que den inicio las fiestas patronales y puedan as\u00ed aumentar un poco sus ventas, pues los eventos se tienen programados por la noche, cuando ya la temperatura ha bajado un poco y no se sienten los rayos abrazadores del sol.<\/p>\n\n\n\n<p><\/p>\n","protected":false},"excerpt":{"rendered":"<p>Por \u00c1ngel Silverio\/Zunoticia Jaltoc\u00e1n, Hgo.- Ante la intensa ola de calor que se vive en todo el pa\u00eds, sectores productivos comienzan a tener p\u00e9rdidas, pues ha generado que la ciudadan\u00eda prefiera quedarse en sus hogares, a exponerse a las altas temperaturas que se resienten en las calles, uno de esos sectores es el de los&hellip; <a class=\"more-link\" href=\"https:\/\/www.zunoticia.com\/noticias-de-hidalgo\/2023\/06\/22\/ola-de-calor-ha-comenzado-a-afectar-al-comercio\/\">Seguir leyendo <span class=\"screen-reader-text\">Ola de calor ha comenzado a afectar al comercio<\/span><\/a><\/p>\n","protected":false},"author":20,"featured_media":487818,"comment_status":"closed","ping_status":"open","sticky":false,"template":"","format":"standard","meta":{"rop_custom_images_group":[],"rop_custom_messages_group":[],"rop_publish_now":"initial","rop_publish_now_accounts":{"facebook_10159540855086992_322828327761733":""},"rop_publish_now_history":[],"rop_publish_now_status":"pending","footnotes":""},"categories":[200],"tags":[131],"class_list":["post-487817","post","type-post","status-publish","format-standard","has-post-thumbnail","hentry","category-jaltocan","tag-jaltocan","entry"],"_links":{"self":[{"href":"https:\/\/www.zunoticia.com\/noticias-de-hidalgo\/wp-json\/wp\/v2\/posts\/487817","targetHints":{"allow":["GET"]}}],"collection":[{"href":"https:\/\/www.zunoticia.com\/noticias-de-hidalgo\/wp-json\/wp\/v2\/posts"}],"about":[{"href":"https:\/\/www.zunoticia.com\/noticias-de-hidalgo\/wp-json\/wp\/v2\/types\/post"}],"author":[{"embeddable":true,"href":"https:\/\/www.zunoticia.com\/noticias-de-hidalgo\/wp-json\/wp\/v2\/users\/20"}],"replies":[{"embeddable":true,"href":"https:\/\/www.zunoticia.com\/noticias-de-hidalgo\/wp-json\/wp\/v2\/comments?post=487817"}],"version-history":[{"count":1,"href":"https:\/\/www.zunoticia.com\/noticias-de-hidalgo\/wp-json\/wp\/v2\/posts\/487817\/revisions"}],"predecessor-version":[{"id":487819,"href":"https:\/\/www.zunoticia.com\/noticias-de-hidalgo\/wp-json\/wp\/v2\/posts\/487817\/revisions\/487819"}],"wp:featuredmedia":[{"embeddable":true,"href":"https:\/\/www.zunoticia.com\/noticias-de-hidalgo\/wp-json\/wp\/v2\/media\/487818"}],"wp:attachment":[{"href":"https:\/\/www.zunoticia.com\/noticias-de-hidalgo\/wp-json\/wp\/v2\/media?parent=487817"}],"wp:term":[{"taxonomy":"category","embeddable":true,"href":"https:\/\/www.zunoticia.com\/noticias-de-hidalgo\/wp-json\/wp\/v2\/categories?post=487817"},{"taxonomy":"post_tag","embeddable":true,"href":"https:\/\/www.zunoticia.com\/noticias-de-hidalgo\/wp-json\/wp\/v2\/tags?post=487817"}],"curies":[{"name":"wp","href":"https:\/\/api.w.org\/{rel}","templated":true}]}}