{"id":487873,"date":"2023-06-22T20:47:43","date_gmt":"2023-06-23T02:47:43","guid":{"rendered":"https:\/\/www.zunoticia.com\/noticias-de-hidalgo\/?p=487873"},"modified":"2023-06-22T20:47:44","modified_gmt":"2023-06-23T02:47:44","slug":"dia-historico-en-atlapexco-y-la-huasteca-senala-julian-nochebuena","status":"publish","type":"post","link":"https:\/\/www.zunoticia.com\/noticias-de-hidalgo\/2023\/06\/22\/dia-historico-en-atlapexco-y-la-huasteca-senala-julian-nochebuena\/","title":{"rendered":"D\u00eda hist\u00f3rico en Atlapexco y la huasteca se\u00f1ala Juli\u00e1n Nochebuena"},"content":{"rendered":"<aside class=\"mashsb-container mashsb-main mashsb-stretched\"><div class=\"mashsb-box\"><div class=\"mashsb-count mash-large\" style=\"float:left\"><div class=\"counts mashsbcount\">10<\/div><span class=\"mashsb-sharetext\">SHARES<\/span><\/div><div class=\"mashsb-buttons\"><a class=\"mashicon-facebook mash-large mash-center mashsb-noshadow\" href=\"https:\/\/www.facebook.com\/sharer.php?u=https%3A%2F%2Fwww.zunoticia.com%2Fnoticias-de-hidalgo%2F2023%2F06%2F22%2Fdia-historico-en-atlapexco-y-la-huasteca-senala-julian-nochebuena%2F\" target=\"_top\" rel=\"nofollow\"><span class=\"icon\"><\/span><span class=\"text\">Share<\/span><\/a><a class=\"mashicon-twitter mash-large mash-center mashsb-noshadow\" href=\"https:\/\/twitter.com\/intent\/tweet?text=&amp;url=https:\/\/www.zunoticia.com\/noticias-de-hidalgo\/2023\/06\/22\/dia-historico-en-atlapexco-y-la-huasteca-senala-julian-nochebuena\/\" target=\"_top\" rel=\"nofollow\"><span class=\"icon\"><\/span><span class=\"text\">Tweet<\/span><\/a><div class=\"onoffswitch2 mash-large mashsb-noshadow\" style=\"display:none\"><\/div><\/div>\n            <\/div>\n                <div style=\"clear:both\"><\/div><div class=\"mashsb-toggle-container\"><\/div><\/aside>\n            <!-- Share buttons by mashshare.net - Version: 4.0.47-->\n<ul class=\"wp-block-list\">\n<li>Miles de atlapexquenses y yahualiquenses se re\u00fanen en visita del gobernador para recibir tarjetas de Bienestar.<\/li>\n<\/ul>\n\n\n\n<p><em>Por Redacci\u00f3n\/Zunoticia<\/em><\/p>\n\n\n\n<p><strong>Atlapexco, Hgo.-<\/strong> \u201cSomos gente de trabajo, comprometida y persistente. Cada uno de los aqu\u00ed reunidos, Gobernador, son mujeres y hombres que se levantan todos los d\u00edas con la ilusi\u00f3n de buscar una vida mejor y regresan a casa, al abrazo de los suyos, convencidos de que dieron lo mejor de s\u00ed, para en alg\u00fan momento alcanzar aquellos sue\u00f1os a\u00fan pendientes\u201d.<\/p>\n\n\n\n<p>Pronunci\u00f3 en su discurso el subsecretario de pol\u00edtica social Juli\u00e1n Nochebuena Hern\u00e1ndez, ante un evento que calific\u00f3 como hist\u00f3rico para el municipio y la regi\u00f3n, en el que se dieron cita miles de beneficiarios de los nuevos programas sociales del estado, para escuchar el mensaje del gobernador, Julio Menchaca.<\/p>\n\n\n\n<p>Atlapexquenses y yahualiquenses se reunieron en la Galera del Mercado Municipal para recibir del ejecutivo estatal, las tarjetas de transferencia con las cuales podr\u00e1n acceder a los apoyos destinados para atender el rezago econ\u00f3mico de madres solteras trabajadoras y personas en condiciones de pobreza extrema.&nbsp;<\/p>\n\n\n\n<p>Nochebuena Hern\u00e1ndez se manifest\u00f3 orgulloso de que su municipio, Atlapexco, haya sido sede de tan importante encuentro, pues, adem\u00e1s, asinti\u00f3: \u201cMe enorgullece verles de frente y refrendarles el compromiso de que nuestra regi\u00f3n y nuestro municipio, hoy m\u00e1s que nunca, tienen voz y eco en el gobierno del estado\u201d.<\/p>\n\n\n\n<p>Reconoci\u00f3 en su intervenci\u00f3n, que el apoyo decidido del Gobernador Julio Menchaca, hoy se ve reflejado en las m\u00e1s de 8 mil 300 familias que ser\u00e1n beneficiadas con los nuevos e hist\u00f3ricos programas sociales del bienestar en el estado.<\/p>\n\n\n\n<p>Por su parte, el gobernador del estado de Hidalgo, Julio Menchaca Salazar, dijo que las Rutas de la Transformaci\u00f3n est\u00e1n avanzando conforme los objetivos que se trazaron en el Plan Estatal de Desarrollo, para as\u00ed, impulsar a los que menos tienen y lograr el Hidalgo que queremos.<\/p>\n\n\n\n<p>El evento cont\u00f3 con la presencia tambi\u00e9n del Secretario de Infraestructura P\u00fablica, Alejandro S\u00e1nchez Garc\u00eda, quien dio a conocer las grandes obras que han iniciado y que est\u00e1n por iniciar para el mejoramiento de los caminos rurales de Atlapexco.<\/p>\n\n\n\n<p>Por \u00faltimo, el subsecretario de SEBISO, Juli\u00e1n Nochebuena, se\u00f1al\u00f3: \u201cDe huasteco a huasteco refrendo el compromiso de trabajar por mi municipio y por mi regi\u00f3n para seguir contribuyendo a la verdadera transformaci\u00f3n&nbsp;de&nbsp;Hidalgo\u201d.<\/p>\n","protected":false},"excerpt":{"rendered":"<p>Por Redacci\u00f3n\/Zunoticia Atlapexco, Hgo.- \u201cSomos gente de trabajo, comprometida y persistente. Cada uno de los aqu\u00ed reunidos, Gobernador, son mujeres y hombres que se levantan todos los d\u00edas con la ilusi\u00f3n de buscar una vida mejor y regresan a casa, al abrazo de los suyos, convencidos de que dieron lo mejor de s\u00ed, para en&hellip; <a class=\"more-link\" href=\"https:\/\/www.zunoticia.com\/noticias-de-hidalgo\/2023\/06\/22\/dia-historico-en-atlapexco-y-la-huasteca-senala-julian-nochebuena\/\">Seguir leyendo <span class=\"screen-reader-text\">D\u00eda hist\u00f3rico en Atlapexco y la huasteca se\u00f1ala Juli\u00e1n Nochebuena<\/span><\/a><\/p>\n","protected":false},"author":12,"featured_media":487876,"comment_status":"closed","ping_status":"open","sticky":false,"template":"","format":"standard","meta":{"rop_custom_images_group":[],"rop_custom_messages_group":[],"rop_publish_now":"initial","rop_publish_now_accounts":{"facebook_10159540855086992_322828327761733":""},"rop_publish_now_history":[],"rop_publish_now_status":"pending","footnotes":""},"categories":[208],"tags":[214],"class_list":["post-487873","post","type-post","status-publish","format-standard","has-post-thumbnail","hentry","category-estado","tag-estado","entry"],"_links":{"self":[{"href":"https:\/\/www.zunoticia.com\/noticias-de-hidalgo\/wp-json\/wp\/v2\/posts\/487873","targetHints":{"allow":["GET"]}}],"collection":[{"href":"https:\/\/www.zunoticia.com\/noticias-de-hidalgo\/wp-json\/wp\/v2\/posts"}],"about":[{"href":"https:\/\/www.zunoticia.com\/noticias-de-hidalgo\/wp-json\/wp\/v2\/types\/post"}],"author":[{"embeddable":true,"href":"https:\/\/www.zunoticia.com\/noticias-de-hidalgo\/wp-json\/wp\/v2\/users\/12"}],"replies":[{"embeddable":true,"href":"https:\/\/www.zunoticia.com\/noticias-de-hidalgo\/wp-json\/wp\/v2\/comments?post=487873"}],"version-history":[{"count":1,"href":"https:\/\/www.zunoticia.com\/noticias-de-hidalgo\/wp-json\/wp\/v2\/posts\/487873\/revisions"}],"predecessor-version":[{"id":487877,"href":"https:\/\/www.zunoticia.com\/noticias-de-hidalgo\/wp-json\/wp\/v2\/posts\/487873\/revisions\/487877"}],"wp:featuredmedia":[{"embeddable":true,"href":"https:\/\/www.zunoticia.com\/noticias-de-hidalgo\/wp-json\/wp\/v2\/media\/487876"}],"wp:attachment":[{"href":"https:\/\/www.zunoticia.com\/noticias-de-hidalgo\/wp-json\/wp\/v2\/media?parent=487873"}],"wp:term":[{"taxonomy":"category","embeddable":true,"href":"https:\/\/www.zunoticia.com\/noticias-de-hidalgo\/wp-json\/wp\/v2\/categories?post=487873"},{"taxonomy":"post_tag","embeddable":true,"href":"https:\/\/www.zunoticia.com\/noticias-de-hidalgo\/wp-json\/wp\/v2\/tags?post=487873"}],"curies":[{"name":"wp","href":"https:\/\/api.w.org\/{rel}","templated":true}]}}