{"id":487878,"date":"2023-06-22T21:39:35","date_gmt":"2023-06-23T03:39:35","guid":{"rendered":"https:\/\/www.zunoticia.com\/noticias-de-hidalgo\/?p=487878"},"modified":"2023-06-22T21:39:36","modified_gmt":"2023-06-23T03:39:36","slug":"inpi-y-ayuntamiento-de-orizatlan-promueve-la-continuidad-en-el-proceso-al-catalogo-de-pueblos-indigenas-y-afromexicanas","status":"publish","type":"post","link":"https:\/\/www.zunoticia.com\/noticias-de-hidalgo\/2023\/06\/22\/inpi-y-ayuntamiento-de-orizatlan-promueve-la-continuidad-en-el-proceso-al-catalogo-de-pueblos-indigenas-y-afromexicanas\/","title":{"rendered":"INPI y ayuntamiento de Orizatl\u00e1n promueve la continuidad en el proceso al cat\u00e1logo de pueblos ind\u00edgenas y afromexicanas"},"content":{"rendered":"<aside class=\"mashsb-container mashsb-main mashsb-stretched\"><div class=\"mashsb-box\"><div class=\"mashsb-count mash-large\" style=\"float:left\"><div class=\"counts mashsbcount\">9<\/div><span class=\"mashsb-sharetext\">SHARES<\/span><\/div><div class=\"mashsb-buttons\"><a class=\"mashicon-facebook mash-large mash-center mashsb-noshadow\" href=\"https:\/\/www.facebook.com\/sharer.php?u=https%3A%2F%2Fwww.zunoticia.com%2Fnoticias-de-hidalgo%2F2023%2F06%2F22%2Finpi-y-ayuntamiento-de-orizatlan-promueve-la-continuidad-en-el-proceso-al-catalogo-de-pueblos-indigenas-y-afromexicanas%2F\" target=\"_top\" rel=\"nofollow\"><span class=\"icon\"><\/span><span class=\"text\">Share<\/span><\/a><a class=\"mashicon-twitter mash-large mash-center mashsb-noshadow\" href=\"https:\/\/twitter.com\/intent\/tweet?text=&amp;url=https:\/\/www.zunoticia.com\/noticias-de-hidalgo\/2023\/06\/22\/inpi-y-ayuntamiento-de-orizatlan-promueve-la-continuidad-en-el-proceso-al-catalogo-de-pueblos-indigenas-y-afromexicanas\/\" target=\"_top\" rel=\"nofollow\"><span class=\"icon\"><\/span><span class=\"text\">Tweet<\/span><\/a><div class=\"onoffswitch2 mash-large mashsb-noshadow\" style=\"display:none\"><\/div><\/div>\n            <\/div>\n                <div style=\"clear:both\"><\/div><div class=\"mashsb-toggle-container\"><\/div><\/aside>\n            <!-- Share buttons by mashshare.net - Version: 4.0.47-->\n<p><em>Por Redacci\u00f3n\/Zunoticia<\/em><\/p>\n\n\n\n<p><strong>San Felipe Orizatl\u00e1n, Hgo<\/strong>.- Con el objetivo de dar continuidad al proceso de Registro del Cat\u00e1logo Nacional de los Pueblos y Comunidades Ind\u00edgenas y Afromexicanos, esta ma\u00f1ana se llev\u00f3 a cabo una reuni\u00f3n de car\u00e1cter informativa con las autoridades de distintas localidades pertenecientes a este municipio.<\/p>\n\n\n\n<figure class=\"wp-block-image size-large\"><img fetchpriority=\"high\" decoding=\"async\" width=\"1024\" height=\"682\" src=\"https:\/\/www.zunoticia.com\/noticias-de-hidalgo\/wp-content\/uploads\/2023\/06\/eZy-Watermark-22-06-2023-08-18-55-9790p.m.-1024x682.jpg\" alt=\"\" class=\"wp-image-487863\" srcset=\"https:\/\/www.zunoticia.com\/noticias-de-hidalgo\/wp-content\/uploads\/2023\/06\/eZy-Watermark-22-06-2023-08-18-55-9790p.m.-1024x682.jpg 1024w, https:\/\/www.zunoticia.com\/noticias-de-hidalgo\/wp-content\/uploads\/2023\/06\/eZy-Watermark-22-06-2023-08-18-55-9790p.m.-300x200.jpg 300w, https:\/\/www.zunoticia.com\/noticias-de-hidalgo\/wp-content\/uploads\/2023\/06\/eZy-Watermark-22-06-2023-08-18-55-9790p.m.-768x512.jpg 768w, https:\/\/www.zunoticia.com\/noticias-de-hidalgo\/wp-content\/uploads\/2023\/06\/eZy-Watermark-22-06-2023-08-18-55-9790p.m..jpg 1280w\" sizes=\"(max-width: 1024px) 100vw, 1024px\" \/><\/figure>\n\n\n\n<p>David Olgu\u00edn G\u00f3mez, responsable del acceso efectivo de personas y comunidades ind\u00edgenas y afromexicanas de la Jurisdicci\u00f3n del Estado de Hidalgo, INPI Huejutla, Marcelino Hern\u00e1ndez Perea, responsable de infraestructura INPI Huejutla, Martha Patricia Diego Alvarado, Promotora de derechos de las mujeres ind\u00edgenas, as\u00ed como dem\u00e1s personalidades.<\/p>\n\n\n\n<figure class=\"wp-block-image size-large\"><img decoding=\"async\" width=\"1024\" height=\"682\" src=\"https:\/\/www.zunoticia.com\/noticias-de-hidalgo\/wp-content\/uploads\/2023\/06\/eZy-Watermark-22-06-2023-08-19-13-5220p.m.-1024x682.jpg\" alt=\"\" class=\"wp-image-487862\" srcset=\"https:\/\/www.zunoticia.com\/noticias-de-hidalgo\/wp-content\/uploads\/2023\/06\/eZy-Watermark-22-06-2023-08-19-13-5220p.m.-1024x682.jpg 1024w, https:\/\/www.zunoticia.com\/noticias-de-hidalgo\/wp-content\/uploads\/2023\/06\/eZy-Watermark-22-06-2023-08-19-13-5220p.m.-300x200.jpg 300w, https:\/\/www.zunoticia.com\/noticias-de-hidalgo\/wp-content\/uploads\/2023\/06\/eZy-Watermark-22-06-2023-08-19-13-5220p.m.-768x512.jpg 768w, https:\/\/www.zunoticia.com\/noticias-de-hidalgo\/wp-content\/uploads\/2023\/06\/eZy-Watermark-22-06-2023-08-19-13-5220p.m..jpg 1280w\" sizes=\"(max-width: 1024px) 100vw, 1024px\" \/><\/figure>\n\n\n\n<p>En su mensaje de bienvenida, Hilda Hern\u00e1ndez, directora de Asuntos Ind\u00edgenas a nombre de la Presidente Municipal, agradeci\u00f3 la presencia a cada uno, y dijo que con fundamento en el art\u00edculo 4 fracci\u00f3n XXXIII de la ley del Instituto Nacional de los Pueblos Ind\u00edgenas, se pretende elaborar un &#8220;Cat\u00e1logo Nacional de los Pueblos y Comunidades Ind\u00edgenas y Afromexicanas, el cual ser\u00e1 un instrumento para la identificaci\u00f3n de las colectivas para garantizar los derechos de igualdad, desde las instituciones pol\u00edticas, jur\u00eddicas, econ\u00f3micas, sociales y culturales.<\/p>\n\n\n\n<figure class=\"wp-block-image size-large\"><img decoding=\"async\" width=\"1024\" height=\"682\" src=\"https:\/\/www.zunoticia.com\/noticias-de-hidalgo\/wp-content\/uploads\/2023\/06\/eZy-Watermark-22-06-2023-08-19-28-6420p.m.-1024x682.jpg\" alt=\"\" class=\"wp-image-487861\" srcset=\"https:\/\/www.zunoticia.com\/noticias-de-hidalgo\/wp-content\/uploads\/2023\/06\/eZy-Watermark-22-06-2023-08-19-28-6420p.m.-1024x682.jpg 1024w, https:\/\/www.zunoticia.com\/noticias-de-hidalgo\/wp-content\/uploads\/2023\/06\/eZy-Watermark-22-06-2023-08-19-28-6420p.m.-300x200.jpg 300w, https:\/\/www.zunoticia.com\/noticias-de-hidalgo\/wp-content\/uploads\/2023\/06\/eZy-Watermark-22-06-2023-08-19-28-6420p.m.-768x512.jpg 768w, https:\/\/www.zunoticia.com\/noticias-de-hidalgo\/wp-content\/uploads\/2023\/06\/eZy-Watermark-22-06-2023-08-19-28-6420p.m..jpg 1280w\" sizes=\"(max-width: 1024px) 100vw, 1024px\" \/><\/figure>\n\n\n\n<p>Por su parte, David Olgu\u00edn G\u00f3mez, expuso que se requiere identificarlos de manera precisa, y cumplir con las firmas solicitadas de cada comunidad, por lo que, mencion\u00f3 importante darle la continuidad con los requisitos para integrarlo al cat\u00e1logo, y as\u00ed solicitar su inscripci\u00f3n, a fin garantizar el ejercicio de su libre determinaci\u00f3n&nbsp;y&nbsp;autonom\u00eda.<\/p>\n","protected":false},"excerpt":{"rendered":"<p>Por Redacci\u00f3n\/Zunoticia San Felipe Orizatl\u00e1n, Hgo.- Con el objetivo de dar continuidad al proceso de Registro del Cat\u00e1logo Nacional de los Pueblos y Comunidades Ind\u00edgenas y Afromexicanos, esta ma\u00f1ana se llev\u00f3 a cabo una reuni\u00f3n de car\u00e1cter informativa con las autoridades de distintas localidades pertenecientes a este municipio. David Olgu\u00edn G\u00f3mez, responsable del acceso efectivo&hellip; <a class=\"more-link\" href=\"https:\/\/www.zunoticia.com\/noticias-de-hidalgo\/2023\/06\/22\/inpi-y-ayuntamiento-de-orizatlan-promueve-la-continuidad-en-el-proceso-al-catalogo-de-pueblos-indigenas-y-afromexicanas\/\">Seguir leyendo <span class=\"screen-reader-text\">INPI y ayuntamiento de Orizatl\u00e1n promueve la continuidad en el proceso al cat\u00e1logo de pueblos ind\u00edgenas y afromexicanas<\/span><\/a><\/p>\n","protected":false},"author":12,"featured_media":487864,"comment_status":"closed","ping_status":"open","sticky":false,"template":"","format":"standard","meta":{"rop_custom_images_group":[],"rop_custom_messages_group":[],"rop_publish_now":"initial","rop_publish_now_accounts":{"facebook_10159540855086992_322828327761733":""},"rop_publish_now_history":[],"rop_publish_now_status":"pending","footnotes":""},"categories":[180],"tags":[129],"class_list":["post-487878","post","type-post","status-publish","format-standard","has-post-thumbnail","hentry","category-orizatlan","tag-orizatlan","entry"],"_links":{"self":[{"href":"https:\/\/www.zunoticia.com\/noticias-de-hidalgo\/wp-json\/wp\/v2\/posts\/487878","targetHints":{"allow":["GET"]}}],"collection":[{"href":"https:\/\/www.zunoticia.com\/noticias-de-hidalgo\/wp-json\/wp\/v2\/posts"}],"about":[{"href":"https:\/\/www.zunoticia.com\/noticias-de-hidalgo\/wp-json\/wp\/v2\/types\/post"}],"author":[{"embeddable":true,"href":"https:\/\/www.zunoticia.com\/noticias-de-hidalgo\/wp-json\/wp\/v2\/users\/12"}],"replies":[{"embeddable":true,"href":"https:\/\/www.zunoticia.com\/noticias-de-hidalgo\/wp-json\/wp\/v2\/comments?post=487878"}],"version-history":[{"count":1,"href":"https:\/\/www.zunoticia.com\/noticias-de-hidalgo\/wp-json\/wp\/v2\/posts\/487878\/revisions"}],"predecessor-version":[{"id":487894,"href":"https:\/\/www.zunoticia.com\/noticias-de-hidalgo\/wp-json\/wp\/v2\/posts\/487878\/revisions\/487894"}],"wp:featuredmedia":[{"embeddable":true,"href":"https:\/\/www.zunoticia.com\/noticias-de-hidalgo\/wp-json\/wp\/v2\/media\/487864"}],"wp:attachment":[{"href":"https:\/\/www.zunoticia.com\/noticias-de-hidalgo\/wp-json\/wp\/v2\/media?parent=487878"}],"wp:term":[{"taxonomy":"category","embeddable":true,"href":"https:\/\/www.zunoticia.com\/noticias-de-hidalgo\/wp-json\/wp\/v2\/categories?post=487878"},{"taxonomy":"post_tag","embeddable":true,"href":"https:\/\/www.zunoticia.com\/noticias-de-hidalgo\/wp-json\/wp\/v2\/tags?post=487878"}],"curies":[{"name":"wp","href":"https:\/\/api.w.org\/{rel}","templated":true}]}}