{"id":487881,"date":"2023-06-22T21:01:06","date_gmt":"2023-06-23T03:01:06","guid":{"rendered":"https:\/\/www.zunoticia.com\/noticias-de-hidalgo\/?p=487881"},"modified":"2023-06-22T21:01:07","modified_gmt":"2023-06-23T03:01:07","slug":"premian-a-los-tres-primeros-lugares-del-encuentro-de-murales-el-color-de-la-ciencia-convocado-por-la-upp","status":"publish","type":"post","link":"https:\/\/www.zunoticia.com\/noticias-de-hidalgo\/2023\/06\/22\/premian-a-los-tres-primeros-lugares-del-encuentro-de-murales-el-color-de-la-ciencia-convocado-por-la-upp\/","title":{"rendered":"Premian a los tres primeros lugares del encuentro de murales \u201cEl color de la ciencia\u201d, convocado por la UPP"},"content":{"rendered":"<aside class=\"mashsb-container mashsb-main mashsb-stretched\"><div class=\"mashsb-box\"><div class=\"mashsb-count mash-large\" style=\"float:left\"><div class=\"counts mashsbcount\">51<\/div><span class=\"mashsb-sharetext\">SHARES<\/span><\/div><div class=\"mashsb-buttons\"><a class=\"mashicon-facebook mash-large mash-center mashsb-noshadow\" href=\"https:\/\/www.facebook.com\/sharer.php?u=https%3A%2F%2Fwww.zunoticia.com%2Fnoticias-de-hidalgo%2F2023%2F06%2F22%2Fpremian-a-los-tres-primeros-lugares-del-encuentro-de-murales-el-color-de-la-ciencia-convocado-por-la-upp%2F\" target=\"_top\" rel=\"nofollow\"><span class=\"icon\"><\/span><span class=\"text\">Share<\/span><\/a><a class=\"mashicon-twitter mash-large mash-center mashsb-noshadow\" href=\"https:\/\/twitter.com\/intent\/tweet?text=&amp;url=https:\/\/www.zunoticia.com\/noticias-de-hidalgo\/2023\/06\/22\/premian-a-los-tres-primeros-lugares-del-encuentro-de-murales-el-color-de-la-ciencia-convocado-por-la-upp\/\" target=\"_top\" rel=\"nofollow\"><span class=\"icon\"><\/span><span class=\"text\">Tweet<\/span><\/a><div class=\"onoffswitch2 mash-large mashsb-noshadow\" style=\"display:none\"><\/div><\/div>\n            <\/div>\n                <div style=\"clear:both\"><\/div><div class=\"mashsb-toggle-container\"><\/div><\/aside>\n            <!-- Share buttons by mashshare.net - Version: 4.0.47-->\n<p><em>Por Redacci\u00f3n\/Zunoticia<\/em><\/p>\n\n\n\n<p><strong>Pachuca de Soto, Hgo<\/strong><strong>.-<\/strong> Luego de tres d\u00edas de plasmar de manera creativa ideas sobre la ciencia, tecnolog\u00eda e historia de la entidad, en un espacio del acceso a la Universidad Polit\u00e9cnica de Pachuca (UPP), fueron premiados las y los ganadores de los tres primeros lugares del primer encuentro de murales \u201cEl color de la ciencia\u201d.<\/p>\n\n\n\n<p>El primer lugar fue para Jos\u00e9 Mart\u00edn Ramos Ch\u00e1vez, con el mural \u201cHerencia Tolteca\u201d; el segundo lugar fue para Ad\u00e1n Ruiz G\u00f3mez, cuyo mural se titul\u00f3 \u201cMonumentos, Fauna y Tradiciones de Hidalgo\u201d; mientras que el tercer lugar lo recibieron Rey David Gracia Ortiz, \u00d3scar D\u00edaz Hern\u00e1ndez y Nadia Hern\u00e1ndez Rodr\u00edguez de la Universidad Polit\u00e9cnica de Tulancingo, por su mural titulado \u201cLos Colores de mi Estado\u201d.<\/p>\n\n\n\n<p>Esta actividad se llev\u00f3 a cabo en cumplimiento a la instrucci\u00f3n del gobernador Julio Menchaca Salazar, de impulsar el talento y el desarrollo pleno de las juventudes del estado, que es como se construye el Hidalgo que queremos.<\/p>\n\n\n\n<figure class=\"wp-block-image size-large\"><img fetchpriority=\"high\" decoding=\"async\" width=\"1024\" height=\"682\" src=\"https:\/\/www.zunoticia.com\/noticias-de-hidalgo\/wp-content\/uploads\/2023\/06\/eZy-Watermark-22-06-2023-08-57-02-7050p.m.-1024x682.jpg\" alt=\"\" class=\"wp-image-487882\" srcset=\"https:\/\/www.zunoticia.com\/noticias-de-hidalgo\/wp-content\/uploads\/2023\/06\/eZy-Watermark-22-06-2023-08-57-02-7050p.m.-1024x682.jpg 1024w, https:\/\/www.zunoticia.com\/noticias-de-hidalgo\/wp-content\/uploads\/2023\/06\/eZy-Watermark-22-06-2023-08-57-02-7050p.m.-300x200.jpg 300w, https:\/\/www.zunoticia.com\/noticias-de-hidalgo\/wp-content\/uploads\/2023\/06\/eZy-Watermark-22-06-2023-08-57-02-7050p.m.-768x512.jpg 768w, https:\/\/www.zunoticia.com\/noticias-de-hidalgo\/wp-content\/uploads\/2023\/06\/eZy-Watermark-22-06-2023-08-57-02-7050p.m..jpg 1280w\" sizes=\"(max-width: 1024px) 100vw, 1024px\" \/><\/figure>\n\n\n\n<p>En representaci\u00f3n del secretario de Educaci\u00f3n P\u00fablica de Hidalgo, Natividad Castrej\u00f3n Valdez, a la ceremonia de premiaci\u00f3n asisti\u00f3 el coordinador general del Programa de Becas para la Transformaci\u00f3n, Emanuel Flores Berm\u00fadez, quien reconoci\u00f3 la iniciativa de esta casa de estudios por realizar actividades que vinculan el arte con el quehacer cient\u00edfico.<\/p>\n\n\n\n<p>Asimismo, en este evento estuvo presente la diputada local Elvia Sierra Vite, quien destac\u00f3 que \u201clos murales no s\u00f3lo embellecen el entorno, sino que tambi\u00e9n se vuelven parte de la identidad de esta comunidad acad\u00e9mica, porque los artistas han dejado un valioso testimonio que comunica, inspira y despierta el inter\u00e9s por el conocimiento cient\u00edfico\u201d.<\/p>\n\n\n\n<p>En su mensaje, el rector de la UPP, Francisco Marroqu\u00edn Guti\u00e9rrez, manifest\u00f3 su agradecimiento y reconocimiento al grupo de artistas independientes, estudiantes de otras universidades y de esta propia instituci\u00f3n quienes, al plasmar sus obras en los muros, difunden valores, tradiciones e historia de la entidad.&nbsp;&nbsp;&nbsp;&nbsp;&nbsp;&nbsp;<\/p>\n","protected":false},"excerpt":{"rendered":"<p>Por Redacci\u00f3n\/Zunoticia Pachuca de Soto, Hgo.- Luego de tres d\u00edas de plasmar de manera creativa ideas sobre la ciencia, tecnolog\u00eda e historia de la entidad, en un espacio del acceso a la Universidad Polit\u00e9cnica de Pachuca (UPP), fueron premiados las y los ganadores de los tres primeros lugares del primer encuentro de murales \u201cEl color&hellip; <a class=\"more-link\" href=\"https:\/\/www.zunoticia.com\/noticias-de-hidalgo\/2023\/06\/22\/premian-a-los-tres-primeros-lugares-del-encuentro-de-murales-el-color-de-la-ciencia-convocado-por-la-upp\/\">Seguir leyendo <span class=\"screen-reader-text\">Premian a los tres primeros lugares del encuentro de murales \u201cEl color de la ciencia\u201d, convocado por la UPP<\/span><\/a><\/p>\n","protected":false},"author":12,"featured_media":487883,"comment_status":"closed","ping_status":"open","sticky":false,"template":"","format":"standard","meta":{"rop_custom_images_group":[],"rop_custom_messages_group":[],"rop_publish_now":"initial","rop_publish_now_accounts":{"facebook_10159540855086992_322828327761733":""},"rop_publish_now_history":[],"rop_publish_now_status":"pending","footnotes":""},"categories":[208],"tags":[214],"class_list":["post-487881","post","type-post","status-publish","format-standard","has-post-thumbnail","hentry","category-estado","tag-estado","entry"],"_links":{"self":[{"href":"https:\/\/www.zunoticia.com\/noticias-de-hidalgo\/wp-json\/wp\/v2\/posts\/487881","targetHints":{"allow":["GET"]}}],"collection":[{"href":"https:\/\/www.zunoticia.com\/noticias-de-hidalgo\/wp-json\/wp\/v2\/posts"}],"about":[{"href":"https:\/\/www.zunoticia.com\/noticias-de-hidalgo\/wp-json\/wp\/v2\/types\/post"}],"author":[{"embeddable":true,"href":"https:\/\/www.zunoticia.com\/noticias-de-hidalgo\/wp-json\/wp\/v2\/users\/12"}],"replies":[{"embeddable":true,"href":"https:\/\/www.zunoticia.com\/noticias-de-hidalgo\/wp-json\/wp\/v2\/comments?post=487881"}],"version-history":[{"count":1,"href":"https:\/\/www.zunoticia.com\/noticias-de-hidalgo\/wp-json\/wp\/v2\/posts\/487881\/revisions"}],"predecessor-version":[{"id":487886,"href":"https:\/\/www.zunoticia.com\/noticias-de-hidalgo\/wp-json\/wp\/v2\/posts\/487881\/revisions\/487886"}],"wp:featuredmedia":[{"embeddable":true,"href":"https:\/\/www.zunoticia.com\/noticias-de-hidalgo\/wp-json\/wp\/v2\/media\/487883"}],"wp:attachment":[{"href":"https:\/\/www.zunoticia.com\/noticias-de-hidalgo\/wp-json\/wp\/v2\/media?parent=487881"}],"wp:term":[{"taxonomy":"category","embeddable":true,"href":"https:\/\/www.zunoticia.com\/noticias-de-hidalgo\/wp-json\/wp\/v2\/categories?post=487881"},{"taxonomy":"post_tag","embeddable":true,"href":"https:\/\/www.zunoticia.com\/noticias-de-hidalgo\/wp-json\/wp\/v2\/tags?post=487881"}],"curies":[{"name":"wp","href":"https:\/\/api.w.org\/{rel}","templated":true}]}}