{"id":487897,"date":"2023-06-22T21:48:23","date_gmt":"2023-06-23T03:48:23","guid":{"rendered":"https:\/\/www.zunoticia.com\/noticias-de-hidalgo\/?p=487897"},"modified":"2023-06-22T21:48:24","modified_gmt":"2023-06-23T03:48:24","slug":"todo-listo-para-la-siembra-de-la-semilla-de-la-flor-de-cempoalxochitl-proyectos","status":"publish","type":"post","link":"https:\/\/www.zunoticia.com\/noticias-de-hidalgo\/2023\/06\/22\/todo-listo-para-la-siembra-de-la-semilla-de-la-flor-de-cempoalxochitl-proyectos\/","title":{"rendered":"Todo listo para la siembra de la semilla de la flor de cempoalx\u00f3chitl: Proyectos"},"content":{"rendered":"<aside class=\"mashsb-container mashsb-main mashsb-stretched\"><div class=\"mashsb-box\"><div class=\"mashsb-count mash-large\" style=\"float:left\"><div class=\"counts mashsbcount\">7<\/div><span class=\"mashsb-sharetext\">SHARES<\/span><\/div><div class=\"mashsb-buttons\"><a class=\"mashicon-facebook mash-large mash-center mashsb-noshadow\" href=\"https:\/\/www.facebook.com\/sharer.php?u=https%3A%2F%2Fwww.zunoticia.com%2Fnoticias-de-hidalgo%2F2023%2F06%2F22%2Ftodo-listo-para-la-siembra-de-la-semilla-de-la-flor-de-cempoalxochitl-proyectos%2F\" target=\"_top\" rel=\"nofollow\"><span class=\"icon\"><\/span><span class=\"text\">Share<\/span><\/a><a class=\"mashicon-twitter mash-large mash-center mashsb-noshadow\" href=\"https:\/\/twitter.com\/intent\/tweet?text=&amp;url=https:\/\/www.zunoticia.com\/noticias-de-hidalgo\/2023\/06\/22\/todo-listo-para-la-siembra-de-la-semilla-de-la-flor-de-cempoalxochitl-proyectos\/\" target=\"_top\" rel=\"nofollow\"><span class=\"icon\"><\/span><span class=\"text\">Tweet<\/span><\/a><div class=\"onoffswitch2 mash-large mashsb-noshadow\" style=\"display:none\"><\/div><\/div>\n            <\/div>\n                <div style=\"clear:both\"><\/div><div class=\"mashsb-toggle-container\"><\/div><\/aside>\n            <!-- Share buttons by mashshare.net - Version: 4.0.47-->\n<p><em>Por Enedino Hern\u00e1ndez\/Zunoticia<\/em><\/p>\n\n\n\n<p><strong>Huejutla, Hgo.-<\/strong> Con un avance de m\u00e1s del 70% en los trabajos de preparaci\u00f3n del terreno, el Director de Proyectos Productivos de la Presidencia Municipal, David Ch\u00e1vez Hern\u00e1ndez, adelant\u00f3 que, pr\u00e1cticamente ya se tiene todo preparado para la siembra de la semilla de la flor de cempoalx\u00f3chitl.<\/p>\n\n\n\n<p>Detalla que, ya se tiene lista la semilla que ser\u00e1 sembrada durante la ma\u00f1ana del s\u00e1bado 24 de junio \u201cel mero d\u00eda de San Juan\u201d y para ese d\u00eda se estar\u00e1 al 100% en la preparaci\u00f3n del espacio en donde el alcalde Municipal, Daniel Andrade, proceder\u00e1 a sembrar esta semilla.<\/p>\n\n\n\n<p>Dijo que, apegada a las tradiciones y costumbres de los pueblos, la siembra de esta semilla se lleva a cabo el 24 de junio, a pesar de las temperaturas muy altas que se tienen en la regi\u00f3n se ha estado trabajando desde las 4 a 5 de la ma\u00f1ana en la preparaci\u00f3n del terreno.<\/p>\n\n\n\n<p>Reconoci\u00f3 que con la siembra de la semilla de la flor de Cempoalx\u00f3chitl se inician pr\u00e1cticamente los preparativos para la celebraci\u00f3n de las Fiestas del Xantolo \u201ces una fecha muy especial para todos nosotros, en donde esperamos recibir a mucha gente que nos habr\u00e1n de acompa\u00f1ar los d\u00edas 1 y 2 de noviembre en Huejutla\u201d.<\/p>\n\n\n\n<p>David Ch\u00e1vez Hern\u00e1ndez expone que, con tiempo se habr\u00e1n de preparar para recibir y atender a toda la gente lo mejor que sea posible \u201clas temperaturas est\u00e1n muy descompensables actualmente, pero afortunadamente se tienen pipas de agua, el viernes se regar\u00e1 el terreno, al d\u00eda s\u00e1bado tambi\u00e9n se habr\u00e1 de regar, y despu\u00e9s de sembrar las semillas, se proceder\u00e1 en hacer fertilizaci\u00f3n, y todo un mantenimiento constante\u201d.<\/p>\n","protected":false},"excerpt":{"rendered":"<p>Por Enedino Hern\u00e1ndez\/Zunoticia Huejutla, Hgo.- Con un avance de m\u00e1s del 70% en los trabajos de preparaci\u00f3n del terreno, el Director de Proyectos Productivos de la Presidencia Municipal, David Ch\u00e1vez Hern\u00e1ndez, adelant\u00f3 que, pr\u00e1cticamente ya se tiene todo preparado para la siembra de la semilla de la flor de cempoalx\u00f3chitl. Detalla que, ya se tiene&hellip; <a class=\"more-link\" href=\"https:\/\/www.zunoticia.com\/noticias-de-hidalgo\/2023\/06\/22\/todo-listo-para-la-siembra-de-la-semilla-de-la-flor-de-cempoalxochitl-proyectos\/\">Seguir leyendo <span class=\"screen-reader-text\">Todo listo para la siembra de la semilla de la flor de cempoalx\u00f3chitl: Proyectos<\/span><\/a><\/p>\n","protected":false},"author":12,"featured_media":487865,"comment_status":"closed","ping_status":"open","sticky":false,"template":"","format":"standard","meta":{"rop_custom_images_group":[],"rop_custom_messages_group":[],"rop_publish_now":"initial","rop_publish_now_accounts":{"facebook_10159540855086992_322828327761733":""},"rop_publish_now_history":[],"rop_publish_now_status":"pending","footnotes":""},"categories":[181],"tags":[121],"class_list":["post-487897","post","type-post","status-publish","format-standard","has-post-thumbnail","hentry","category-huejutla","tag-huejutla","entry"],"_links":{"self":[{"href":"https:\/\/www.zunoticia.com\/noticias-de-hidalgo\/wp-json\/wp\/v2\/posts\/487897","targetHints":{"allow":["GET"]}}],"collection":[{"href":"https:\/\/www.zunoticia.com\/noticias-de-hidalgo\/wp-json\/wp\/v2\/posts"}],"about":[{"href":"https:\/\/www.zunoticia.com\/noticias-de-hidalgo\/wp-json\/wp\/v2\/types\/post"}],"author":[{"embeddable":true,"href":"https:\/\/www.zunoticia.com\/noticias-de-hidalgo\/wp-json\/wp\/v2\/users\/12"}],"replies":[{"embeddable":true,"href":"https:\/\/www.zunoticia.com\/noticias-de-hidalgo\/wp-json\/wp\/v2\/comments?post=487897"}],"version-history":[{"count":1,"href":"https:\/\/www.zunoticia.com\/noticias-de-hidalgo\/wp-json\/wp\/v2\/posts\/487897\/revisions"}],"predecessor-version":[{"id":487900,"href":"https:\/\/www.zunoticia.com\/noticias-de-hidalgo\/wp-json\/wp\/v2\/posts\/487897\/revisions\/487900"}],"wp:featuredmedia":[{"embeddable":true,"href":"https:\/\/www.zunoticia.com\/noticias-de-hidalgo\/wp-json\/wp\/v2\/media\/487865"}],"wp:attachment":[{"href":"https:\/\/www.zunoticia.com\/noticias-de-hidalgo\/wp-json\/wp\/v2\/media?parent=487897"}],"wp:term":[{"taxonomy":"category","embeddable":true,"href":"https:\/\/www.zunoticia.com\/noticias-de-hidalgo\/wp-json\/wp\/v2\/categories?post=487897"},{"taxonomy":"post_tag","embeddable":true,"href":"https:\/\/www.zunoticia.com\/noticias-de-hidalgo\/wp-json\/wp\/v2\/tags?post=487897"}],"curies":[{"name":"wp","href":"https:\/\/api.w.org\/{rel}","templated":true}]}}