{"id":487901,"date":"2023-06-22T21:51:45","date_gmt":"2023-06-23T03:51:45","guid":{"rendered":"https:\/\/www.zunoticia.com\/noticias-de-hidalgo\/?p=487901"},"modified":"2023-06-22T21:51:46","modified_gmt":"2023-06-23T03:51:46","slug":"promueve-desarrollo-economico-vacantes-de-plazas-federales","status":"publish","type":"post","link":"https:\/\/www.zunoticia.com\/noticias-de-hidalgo\/2023\/06\/22\/promueve-desarrollo-economico-vacantes-de-plazas-federales\/","title":{"rendered":"Promueve Desarrollo Econ\u00f3mico vacantes de \u201cplazas federales\u201d"},"content":{"rendered":"<aside class=\"mashsb-container mashsb-main mashsb-stretched\"><div class=\"mashsb-box\"><div class=\"mashsb-count mash-large\" style=\"float:left\"><div class=\"counts mashsbcount\">15<\/div><span class=\"mashsb-sharetext\">SHARES<\/span><\/div><div class=\"mashsb-buttons\"><a class=\"mashicon-facebook mash-large mash-center mashsb-noshadow\" href=\"https:\/\/www.facebook.com\/sharer.php?u=https%3A%2F%2Fwww.zunoticia.com%2Fnoticias-de-hidalgo%2F2023%2F06%2F22%2Fpromueve-desarrollo-economico-vacantes-de-plazas-federales%2F\" target=\"_top\" rel=\"nofollow\"><span class=\"icon\"><\/span><span class=\"text\">Share<\/span><\/a><a class=\"mashicon-twitter mash-large mash-center mashsb-noshadow\" href=\"https:\/\/twitter.com\/intent\/tweet?text=&amp;url=https:\/\/www.zunoticia.com\/noticias-de-hidalgo\/2023\/06\/22\/promueve-desarrollo-economico-vacantes-de-plazas-federales\/\" target=\"_top\" rel=\"nofollow\"><span class=\"icon\"><\/span><span class=\"text\">Tweet<\/span><\/a><div class=\"onoffswitch2 mash-large mashsb-noshadow\" style=\"display:none\"><\/div><\/div>\n            <\/div>\n                <div style=\"clear:both\"><\/div><div class=\"mashsb-toggle-container\"><\/div><\/aside>\n            <!-- Share buttons by mashshare.net - Version: 4.0.47-->\n<p><em>Por Enedino Hern\u00e1ndez\/Zunoticia<\/em><\/p>\n\n\n\n<p><strong>Huejutla, Hgo.-<\/strong> El Secretario de Desarrollo Econ\u00f3mico de la Presidencia Municipal de Huejutla, Salatiel Dom\u00ednguez Flores, confirma que, al momento en el \u00e1rea que dirige se tiene una convocatoria vigente en la cual existen vacantes para \u201cplazas federales\u201d por lo que los ciudadanos interesados deben de presentar la documentaci\u00f3n correspondiente.<\/p>\n\n\n\n<p>\u201cNo son contratos, son plazas federales del servicio nacional de empleo y del servicio de protecci\u00f3n federal, son plazas para guardia y custodia de edificios federales, esto se inici\u00f3 con el reclutamiento que se llev\u00f3 a cabo en meses anteriores, pero se ha dejado la puerta abierta a trav\u00e9s de estas oficinas para todos los ciudadanos interesados\u201d.<\/p>\n\n\n\n<p>Sugiere a los interesados acudir a las oficinas de la Secretar\u00eda de Desarrollo Econ\u00f3mico de la Presidencia Municipal de Huejutla, en donde se les brindar\u00e1 o proporcionar\u00e1 una mayor informaci\u00f3n para poder integrarse al proceso de selecci\u00f3n de estas plazas federales como guardia y custodia de edificios federales.<\/p>\n\n\n\n<p>Dijo que, \u201ctodo est\u00e1 muy interesante, pues la contrataci\u00f3n es para quienes tienen desde los 18 y hasta los 65 a\u00f1os, creo que se tiene un amplio rango en donde hasta los adultos mayores pueden incorporarse a estas vacantes\u201d.<\/p>\n\n\n\n<p>Por otro lado, Salatiel Dom\u00ednguez detalla que, adem\u00e1s se tiene una convocatoria m\u00e1s para la contrataci\u00f3n de personas para la movilidad laboral interna, la cual va dirigida principalmente a los jornaleros agr\u00edcolas, en donde se tiene una bolsa de trabajo muy interesante para toda aquella persona que se dedica a esta labor.<\/p>\n","protected":false},"excerpt":{"rendered":"<p>Por Enedino Hern\u00e1ndez\/Zunoticia Huejutla, Hgo.- El Secretario de Desarrollo Econ\u00f3mico de la Presidencia Municipal de Huejutla, Salatiel Dom\u00ednguez Flores, confirma que, al momento en el \u00e1rea que dirige se tiene una convocatoria vigente en la cual existen vacantes para \u201cplazas federales\u201d por lo que los ciudadanos interesados deben de presentar la documentaci\u00f3n correspondiente. \u201cNo son&hellip; <a class=\"more-link\" href=\"https:\/\/www.zunoticia.com\/noticias-de-hidalgo\/2023\/06\/22\/promueve-desarrollo-economico-vacantes-de-plazas-federales\/\">Seguir leyendo <span class=\"screen-reader-text\">Promueve Desarrollo Econ\u00f3mico vacantes de \u201cplazas federales\u201d<\/span><\/a><\/p>\n","protected":false},"author":12,"featured_media":487860,"comment_status":"closed","ping_status":"open","sticky":false,"template":"","format":"standard","meta":{"rop_custom_images_group":[],"rop_custom_messages_group":[],"rop_publish_now":"initial","rop_publish_now_accounts":{"facebook_10159540855086992_322828327761733":""},"rop_publish_now_history":[],"rop_publish_now_status":"pending","footnotes":""},"categories":[181],"tags":[121],"class_list":["post-487901","post","type-post","status-publish","format-standard","has-post-thumbnail","hentry","category-huejutla","tag-huejutla","entry"],"_links":{"self":[{"href":"https:\/\/www.zunoticia.com\/noticias-de-hidalgo\/wp-json\/wp\/v2\/posts\/487901","targetHints":{"allow":["GET"]}}],"collection":[{"href":"https:\/\/www.zunoticia.com\/noticias-de-hidalgo\/wp-json\/wp\/v2\/posts"}],"about":[{"href":"https:\/\/www.zunoticia.com\/noticias-de-hidalgo\/wp-json\/wp\/v2\/types\/post"}],"author":[{"embeddable":true,"href":"https:\/\/www.zunoticia.com\/noticias-de-hidalgo\/wp-json\/wp\/v2\/users\/12"}],"replies":[{"embeddable":true,"href":"https:\/\/www.zunoticia.com\/noticias-de-hidalgo\/wp-json\/wp\/v2\/comments?post=487901"}],"version-history":[{"count":1,"href":"https:\/\/www.zunoticia.com\/noticias-de-hidalgo\/wp-json\/wp\/v2\/posts\/487901\/revisions"}],"predecessor-version":[{"id":487902,"href":"https:\/\/www.zunoticia.com\/noticias-de-hidalgo\/wp-json\/wp\/v2\/posts\/487901\/revisions\/487902"}],"wp:featuredmedia":[{"embeddable":true,"href":"https:\/\/www.zunoticia.com\/noticias-de-hidalgo\/wp-json\/wp\/v2\/media\/487860"}],"wp:attachment":[{"href":"https:\/\/www.zunoticia.com\/noticias-de-hidalgo\/wp-json\/wp\/v2\/media?parent=487901"}],"wp:term":[{"taxonomy":"category","embeddable":true,"href":"https:\/\/www.zunoticia.com\/noticias-de-hidalgo\/wp-json\/wp\/v2\/categories?post=487901"},{"taxonomy":"post_tag","embeddable":true,"href":"https:\/\/www.zunoticia.com\/noticias-de-hidalgo\/wp-json\/wp\/v2\/tags?post=487901"}],"curies":[{"name":"wp","href":"https:\/\/api.w.org\/{rel}","templated":true}]}}