{"id":487911,"date":"2023-06-22T22:24:54","date_gmt":"2023-06-23T04:24:54","guid":{"rendered":"https:\/\/www.zunoticia.com\/noticias-de-hidalgo\/?p=487911"},"modified":"2023-06-22T22:24:55","modified_gmt":"2023-06-23T04:24:55","slug":"vehiculo-se-salio-de-la-carretera","status":"publish","type":"post","link":"https:\/\/www.zunoticia.com\/noticias-de-hidalgo\/2023\/06\/22\/vehiculo-se-salio-de-la-carretera\/","title":{"rendered":"Veh\u00edculo se sali\u00f3 de la carretera&nbsp;"},"content":{"rendered":"<aside class=\"mashsb-container mashsb-main mashsb-stretched\"><div class=\"mashsb-box\"><div class=\"mashsb-count mash-large\" style=\"float:left\"><div class=\"counts mashsbcount\">36<\/div><span class=\"mashsb-sharetext\">SHARES<\/span><\/div><div class=\"mashsb-buttons\"><a class=\"mashicon-facebook mash-large mash-center mashsb-noshadow\" href=\"https:\/\/www.facebook.com\/sharer.php?u=https%3A%2F%2Fwww.zunoticia.com%2Fnoticias-de-hidalgo%2F2023%2F06%2F22%2Fvehiculo-se-salio-de-la-carretera%2F\" target=\"_top\" rel=\"nofollow\"><span class=\"icon\"><\/span><span class=\"text\">Share<\/span><\/a><a class=\"mashicon-twitter mash-large mash-center mashsb-noshadow\" href=\"https:\/\/twitter.com\/intent\/tweet?text=&amp;url=https:\/\/www.zunoticia.com\/noticias-de-hidalgo\/2023\/06\/22\/vehiculo-se-salio-de-la-carretera\/\" target=\"_top\" rel=\"nofollow\"><span class=\"icon\"><\/span><span class=\"text\">Tweet<\/span><\/a><div class=\"onoffswitch2 mash-large mashsb-noshadow\" style=\"display:none\"><\/div><\/div>\n            <\/div>\n                <div style=\"clear:both\"><\/div><div class=\"mashsb-toggle-container\"><\/div><\/aside>\n            <!-- Share buttons by mashshare.net - Version: 4.0.47-->\n<p><em>Por Francisco Rosas\/Zunoticia<\/em><\/p>\n\n\n\n<p><strong>Xochiatipan, Hgo.-<\/strong> La noche de este jueves 22 de junio, un autom\u00f3vil particular que probablemente&nbsp; circulaba a exceso de velocidad, sufri\u00f3 una estrepitosa salida de camino en la v\u00eda federal \u00c1lamo-Tamazunchale.<\/p>\n\n\n\n<p>El percance de tr\u00e1nsito terrestre sucedi\u00f3 en los l\u00edmites de los estados de Veracruz e Hidalgo, donde un auto compacto de la marca Volkswagen de color blanco, termin\u00f3 afuera de la cinta asf\u00e1ltica, luego de que el conductor perdiera el control del volante.<\/p>\n\n\n\n<p>En el accidente afortunadamente no hubo personas lesionadas, solo da\u00f1os materiales y de los hechos tomaron conocimiento agentes de la Guardia Nacional Divisi\u00f3n Caminos, quienes se encargaron de realizar el peritaje de tr\u00e1nsito terrestre para el deslinde de responsabilidades y solicitaron el apoyo de una gr\u00faa particular para rescatar el auto y de esta manera remolcarlo al corral\u00f3n.<\/p>\n","protected":false},"excerpt":{"rendered":"<p>Por Francisco Rosas\/Zunoticia Xochiatipan, Hgo.- La noche de este jueves 22 de junio, un autom\u00f3vil particular que probablemente&nbsp; circulaba a exceso de velocidad, sufri\u00f3 una estrepitosa salida de camino en la v\u00eda federal \u00c1lamo-Tamazunchale. El percance de tr\u00e1nsito terrestre sucedi\u00f3 en los l\u00edmites de los estados de Veracruz e Hidalgo, donde un auto compacto de&hellip; <a class=\"more-link\" href=\"https:\/\/www.zunoticia.com\/noticias-de-hidalgo\/2023\/06\/22\/vehiculo-se-salio-de-la-carretera\/\">Seguir leyendo <span class=\"screen-reader-text\">Veh\u00edculo se sali\u00f3 de la carretera&nbsp;<\/span><\/a><\/p>\n","protected":false},"author":12,"featured_media":487908,"comment_status":"closed","ping_status":"open","sticky":false,"template":"","format":"standard","meta":{"rop_custom_images_group":[],"rop_custom_messages_group":[],"rop_publish_now":"initial","rop_publish_now_accounts":{"facebook_10159540855086992_322828327761733":""},"rop_publish_now_history":[],"rop_publish_now_status":"pending","footnotes":""},"categories":[178],"tags":[259],"class_list":["post-487911","post","type-post","status-publish","format-standard","has-post-thumbnail","hentry","category-policiaca","tag-policiaca","entry"],"_links":{"self":[{"href":"https:\/\/www.zunoticia.com\/noticias-de-hidalgo\/wp-json\/wp\/v2\/posts\/487911","targetHints":{"allow":["GET"]}}],"collection":[{"href":"https:\/\/www.zunoticia.com\/noticias-de-hidalgo\/wp-json\/wp\/v2\/posts"}],"about":[{"href":"https:\/\/www.zunoticia.com\/noticias-de-hidalgo\/wp-json\/wp\/v2\/types\/post"}],"author":[{"embeddable":true,"href":"https:\/\/www.zunoticia.com\/noticias-de-hidalgo\/wp-json\/wp\/v2\/users\/12"}],"replies":[{"embeddable":true,"href":"https:\/\/www.zunoticia.com\/noticias-de-hidalgo\/wp-json\/wp\/v2\/comments?post=487911"}],"version-history":[{"count":1,"href":"https:\/\/www.zunoticia.com\/noticias-de-hidalgo\/wp-json\/wp\/v2\/posts\/487911\/revisions"}],"predecessor-version":[{"id":487914,"href":"https:\/\/www.zunoticia.com\/noticias-de-hidalgo\/wp-json\/wp\/v2\/posts\/487911\/revisions\/487914"}],"wp:featuredmedia":[{"embeddable":true,"href":"https:\/\/www.zunoticia.com\/noticias-de-hidalgo\/wp-json\/wp\/v2\/media\/487908"}],"wp:attachment":[{"href":"https:\/\/www.zunoticia.com\/noticias-de-hidalgo\/wp-json\/wp\/v2\/media?parent=487911"}],"wp:term":[{"taxonomy":"category","embeddable":true,"href":"https:\/\/www.zunoticia.com\/noticias-de-hidalgo\/wp-json\/wp\/v2\/categories?post=487911"},{"taxonomy":"post_tag","embeddable":true,"href":"https:\/\/www.zunoticia.com\/noticias-de-hidalgo\/wp-json\/wp\/v2\/tags?post=487911"}],"curies":[{"name":"wp","href":"https:\/\/api.w.org\/{rel}","templated":true}]}}