{"id":488250,"date":"2023-06-25T17:06:24","date_gmt":"2023-06-25T23:06:24","guid":{"rendered":"https:\/\/www.zunoticia.com\/noticias-de-hidalgo\/?p=488250"},"modified":"2023-06-25T17:06:25","modified_gmt":"2023-06-25T23:06:25","slug":"sader-llevo-a-cabo-activacion-fisicapor-dia-naranja","status":"publish","type":"post","link":"https:\/\/www.zunoticia.com\/noticias-de-hidalgo\/2023\/06\/25\/sader-llevo-a-cabo-activacion-fisicapor-dia-naranja\/","title":{"rendered":"Sader llev\u00f3 a cabo activaci\u00f3n f\u00edsicapor D\u00eda Naranja"},"content":{"rendered":"<aside class=\"mashsb-container mashsb-main mashsb-stretched\"><div class=\"mashsb-box\"><div class=\"mashsb-count mash-large\" style=\"float:left\"><div class=\"counts mashsbcount\">3<\/div><span class=\"mashsb-sharetext\">SHARES<\/span><\/div><div class=\"mashsb-buttons\"><a class=\"mashicon-facebook mash-large mash-center mashsb-noshadow\" href=\"https:\/\/www.facebook.com\/sharer.php?u=https%3A%2F%2Fwww.zunoticia.com%2Fnoticias-de-hidalgo%2F2023%2F06%2F25%2Fsader-llevo-a-cabo-activacion-fisicapor-dia-naranja%2F\" target=\"_top\" rel=\"nofollow\"><span class=\"icon\"><\/span><span class=\"text\">Share<\/span><\/a><a class=\"mashicon-twitter mash-large mash-center mashsb-noshadow\" href=\"https:\/\/twitter.com\/intent\/tweet?text=&amp;url=https:\/\/www.zunoticia.com\/noticias-de-hidalgo\/2023\/06\/25\/sader-llevo-a-cabo-activacion-fisicapor-dia-naranja\/\" target=\"_top\" rel=\"nofollow\"><span class=\"icon\"><\/span><span class=\"text\">Tweet<\/span><\/a><div class=\"onoffswitch2 mash-large mashsb-noshadow\" style=\"display:none\"><\/div><\/div>\n            <\/div>\n                <div style=\"clear:both\"><\/div><div class=\"mashsb-toggle-container\"><\/div><\/aside>\n            <!-- Share buttons by mashshare.net - Version: 4.0.47-->\n<p><em>Por Redacci\u00f3n\/Zunoticia<\/em><\/p>\n\n\n\n<p><strong>Pachuca de Soto, Hgo.-<\/strong> Durante el \u201cD\u00eda Naranja\u201d la Secretar\u00eda de Agricultura y Desarrollo Rural (Sader) llev\u00f3 a cabo una activaci\u00f3n f\u00edsica con el 100% del personal de la dependencia, teniendo como objetivo hacer conciencia y actuar contra la violencia de g\u00e9nero. Ah\u00ed, el titular de la Sader, Napole\u00f3n Gonz\u00e1lez P\u00e9rez asegur\u00f3 que es de vital importancia fomentar acciones que garanticen mejores entornos para ni\u00f1as y mujeres; es por lo que este ejercicio promueve que el trabajo sea m\u00e1s eficiente al poder tener estos espacios de unidad y convivencia personal. Lo que habr\u00e1 de traer como consecuencia una secretar\u00eda con m\u00e1s equidad y respeto, pero que tambi\u00e9n se traduce en una mejor atenci\u00f3n para el pueblo.<\/p>\n\n\n\n<figure class=\"wp-block-image size-large\"><img fetchpriority=\"high\" decoding=\"async\" width=\"1024\" height=\"682\" src=\"https:\/\/www.zunoticia.com\/noticias-de-hidalgo\/wp-content\/uploads\/2023\/06\/eZy-Watermark-25-06-2023-04-34-25-1320p.m.-1024x682.jpg\" alt=\"\" class=\"wp-image-488255\" srcset=\"https:\/\/www.zunoticia.com\/noticias-de-hidalgo\/wp-content\/uploads\/2023\/06\/eZy-Watermark-25-06-2023-04-34-25-1320p.m.-1024x682.jpg 1024w, https:\/\/www.zunoticia.com\/noticias-de-hidalgo\/wp-content\/uploads\/2023\/06\/eZy-Watermark-25-06-2023-04-34-25-1320p.m.-300x200.jpg 300w, https:\/\/www.zunoticia.com\/noticias-de-hidalgo\/wp-content\/uploads\/2023\/06\/eZy-Watermark-25-06-2023-04-34-25-1320p.m.-768x512.jpg 768w, https:\/\/www.zunoticia.com\/noticias-de-hidalgo\/wp-content\/uploads\/2023\/06\/eZy-Watermark-25-06-2023-04-34-25-1320p.m..jpg 1280w\" sizes=\"(max-width: 1024px) 100vw, 1024px\" \/><\/figure>\n","protected":false},"excerpt":{"rendered":"<p>Por Redacci\u00f3n\/Zunoticia Pachuca de Soto, Hgo.- Durante el \u201cD\u00eda Naranja\u201d la Secretar\u00eda de Agricultura y Desarrollo Rural (Sader) llev\u00f3 a cabo una activaci\u00f3n f\u00edsica con el 100% del personal de la dependencia, teniendo como objetivo hacer conciencia y actuar contra la violencia de g\u00e9nero. Ah\u00ed, el titular de la Sader, Napole\u00f3n Gonz\u00e1lez P\u00e9rez asegur\u00f3 que&hellip; <a class=\"more-link\" href=\"https:\/\/www.zunoticia.com\/noticias-de-hidalgo\/2023\/06\/25\/sader-llevo-a-cabo-activacion-fisicapor-dia-naranja\/\">Seguir leyendo <span class=\"screen-reader-text\">Sader llev\u00f3 a cabo activaci\u00f3n f\u00edsicapor D\u00eda Naranja<\/span><\/a><\/p>\n","protected":false},"author":12,"featured_media":488256,"comment_status":"closed","ping_status":"open","sticky":false,"template":"","format":"standard","meta":{"rop_custom_images_group":[],"rop_custom_messages_group":[],"rop_publish_now":"initial","rop_publish_now_accounts":{"facebook_10159540855086992_322828327761733":""},"rop_publish_now_history":[],"rop_publish_now_status":"pending","footnotes":""},"categories":[208],"tags":[214],"class_list":["post-488250","post","type-post","status-publish","format-standard","has-post-thumbnail","hentry","category-estado","tag-estado","entry"],"_links":{"self":[{"href":"https:\/\/www.zunoticia.com\/noticias-de-hidalgo\/wp-json\/wp\/v2\/posts\/488250","targetHints":{"allow":["GET"]}}],"collection":[{"href":"https:\/\/www.zunoticia.com\/noticias-de-hidalgo\/wp-json\/wp\/v2\/posts"}],"about":[{"href":"https:\/\/www.zunoticia.com\/noticias-de-hidalgo\/wp-json\/wp\/v2\/types\/post"}],"author":[{"embeddable":true,"href":"https:\/\/www.zunoticia.com\/noticias-de-hidalgo\/wp-json\/wp\/v2\/users\/12"}],"replies":[{"embeddable":true,"href":"https:\/\/www.zunoticia.com\/noticias-de-hidalgo\/wp-json\/wp\/v2\/comments?post=488250"}],"version-history":[{"count":1,"href":"https:\/\/www.zunoticia.com\/noticias-de-hidalgo\/wp-json\/wp\/v2\/posts\/488250\/revisions"}],"predecessor-version":[{"id":488282,"href":"https:\/\/www.zunoticia.com\/noticias-de-hidalgo\/wp-json\/wp\/v2\/posts\/488250\/revisions\/488282"}],"wp:featuredmedia":[{"embeddable":true,"href":"https:\/\/www.zunoticia.com\/noticias-de-hidalgo\/wp-json\/wp\/v2\/media\/488256"}],"wp:attachment":[{"href":"https:\/\/www.zunoticia.com\/noticias-de-hidalgo\/wp-json\/wp\/v2\/media?parent=488250"}],"wp:term":[{"taxonomy":"category","embeddable":true,"href":"https:\/\/www.zunoticia.com\/noticias-de-hidalgo\/wp-json\/wp\/v2\/categories?post=488250"},{"taxonomy":"post_tag","embeddable":true,"href":"https:\/\/www.zunoticia.com\/noticias-de-hidalgo\/wp-json\/wp\/v2\/tags?post=488250"}],"curies":[{"name":"wp","href":"https:\/\/api.w.org\/{rel}","templated":true}]}}