{"id":488283,"date":"2023-06-25T17:35:10","date_gmt":"2023-06-25T23:35:10","guid":{"rendered":"https:\/\/www.zunoticia.com\/noticias-de-hidalgo\/?p=488283"},"modified":"2023-06-25T17:35:11","modified_gmt":"2023-06-25T23:35:11","slug":"centro-de-justicia-para-mujeres-llevaran-a-cabo-segunda-jornada-de-reclutamiento-permanente","status":"publish","type":"post","link":"https:\/\/www.zunoticia.com\/noticias-de-hidalgo\/2023\/06\/25\/centro-de-justicia-para-mujeres-llevaran-a-cabo-segunda-jornada-de-reclutamiento-permanente\/","title":{"rendered":"Centro de Justicia para Mujeres llevar\u00e1n a cabo Segunda Jornada de Reclutamiento Permanente"},"content":{"rendered":"<aside class=\"mashsb-container mashsb-main mashsb-stretched\"><div class=\"mashsb-box\"><div class=\"mashsb-count mash-large\" style=\"float:left\"><div class=\"counts mashsbcount\">8<\/div><span class=\"mashsb-sharetext\">SHARES<\/span><\/div><div class=\"mashsb-buttons\"><a class=\"mashicon-facebook mash-large mash-center mashsb-noshadow\" href=\"https:\/\/www.facebook.com\/sharer.php?u=https%3A%2F%2Fwww.zunoticia.com%2Fnoticias-de-hidalgo%2F2023%2F06%2F25%2Fcentro-de-justicia-para-mujeres-llevaran-a-cabo-segunda-jornada-de-reclutamiento-permanente%2F\" target=\"_top\" rel=\"nofollow\"><span class=\"icon\"><\/span><span class=\"text\">Share<\/span><\/a><a class=\"mashicon-twitter mash-large mash-center mashsb-noshadow\" href=\"https:\/\/twitter.com\/intent\/tweet?text=&amp;url=https:\/\/www.zunoticia.com\/noticias-de-hidalgo\/2023\/06\/25\/centro-de-justicia-para-mujeres-llevaran-a-cabo-segunda-jornada-de-reclutamiento-permanente\/\" target=\"_top\" rel=\"nofollow\"><span class=\"icon\"><\/span><span class=\"text\">Tweet<\/span><\/a><div class=\"onoffswitch2 mash-large mashsb-noshadow\" style=\"display:none\"><\/div><\/div>\n            <\/div>\n                <div style=\"clear:both\"><\/div><div class=\"mashsb-toggle-container\"><\/div><\/aside>\n            <!-- Share buttons by mashshare.net - Version: 4.0.47-->\n<p><em>Por Redacci\u00f3n\/Zunoticia<\/em><\/p>\n\n\n\n<p><strong>Pachuca de Soto, Hgo.-<\/strong> Mujeres de 18 a 65 a\u00f1os de edad, \u00a1Tenemos un empleo para ti!, el Servicio de Protecci\u00f3n Federal en coordinaci\u00f3n con el Centro de Justicia para Mujeres llevar\u00e1n a cabo el d\u00eda martes 27 de junio de 9:00 a 15:00 horas, la Segunda Jornada de Reclutamiento Permanente.<\/p>\n\n\n\n<figure class=\"wp-block-image size-large\"><img fetchpriority=\"high\" decoding=\"async\" width=\"1024\" height=\"682\" src=\"https:\/\/www.zunoticia.com\/noticias-de-hidalgo\/wp-content\/uploads\/2023\/06\/eZy-Watermark-25-06-2023-04-35-20-0840p.m.-1024x682.jpg\" alt=\"\" class=\"wp-image-488253\" srcset=\"https:\/\/www.zunoticia.com\/noticias-de-hidalgo\/wp-content\/uploads\/2023\/06\/eZy-Watermark-25-06-2023-04-35-20-0840p.m.-1024x682.jpg 1024w, https:\/\/www.zunoticia.com\/noticias-de-hidalgo\/wp-content\/uploads\/2023\/06\/eZy-Watermark-25-06-2023-04-35-20-0840p.m.-300x200.jpg 300w, https:\/\/www.zunoticia.com\/noticias-de-hidalgo\/wp-content\/uploads\/2023\/06\/eZy-Watermark-25-06-2023-04-35-20-0840p.m.-768x512.jpg 768w, https:\/\/www.zunoticia.com\/noticias-de-hidalgo\/wp-content\/uploads\/2023\/06\/eZy-Watermark-25-06-2023-04-35-20-0840p.m..jpg 1280w\" sizes=\"(max-width: 1024px) 100vw, 1024px\" \/><\/figure>\n\n\n\n<p>Dicho reclutamiento se llevar\u00e1 a cabo en la sala de usos m\u00faltiples&nbsp; del Centro de Justicia para Mujeres del Estado de Hidalgo, ubicado en Av. San Carlos No. 118 Fraccionamiento San Carlos, en&nbsp; el municipio de Pachuca de Soto, donde&nbsp; personal del Servicio de Protecci\u00f3n Federal estar\u00e1 recibiendo la siguiente documentaci\u00f3n en original y cuatro copias:<\/p>\n\n\n\n<ul class=\"wp-block-list\">\n<li>Acta de nacimiento,<\/li>\n\n\n\n<li>Comprobante del \u00faltimo grado de estudios.<\/li>\n\n\n\n<li>Comprobante de domicilio actual, no mayor a 60 d\u00edas.<\/li>\n\n\n\n<li>Credencial para votar con fotograf\u00eda (expedida por el INE) o pasaporte vigente.<\/li>\n\n\n\n<li>Curr\u00edculo con fotograf\u00eda vigente.<\/li>\n\n\n\n<li>Registro Federal de Contribuyentes (RFC)<\/li>\n\n\n\n<li>Clave \u00fanica de Registro de Poblaci\u00f3n (CURP).<\/li>\n\n\n\n<li>Referencias: dos personales, dos vecinales y dos laborales.<\/li>\n\n\n\n<li>Certificado m\u00e9dico (emitido por una instituci\u00f3n p\u00fablica)<\/li>\n\n\n\n<li>Una fotograf\u00eda tama\u00f1o infantil reciente.<\/li>\n\n\n\n<li>Constancia de situaci\u00f3n fiscal.<\/li>\n<\/ul>\n\n\n\n<p>Para mayores informes puedes comunicarte&nbsp; a la subdirecci\u00f3n de empoderamiento del CJMH, al tel\u00e9fono 771 249 24 00 al 09 extensi\u00f3n 1038 \u00f3 en las redes sociales Facebook: Centro de Justicia para Mujeres del Estado de Hidalgo y Twitter @CJMHoficial.<\/p>\n","protected":false},"excerpt":{"rendered":"<p>Por Redacci\u00f3n\/Zunoticia Pachuca de Soto, Hgo.- Mujeres de 18 a 65 a\u00f1os de edad, \u00a1Tenemos un empleo para ti!, el Servicio de Protecci\u00f3n Federal en coordinaci\u00f3n con el Centro de Justicia para Mujeres llevar\u00e1n a cabo el d\u00eda martes 27 de junio de 9:00 a 15:00 horas, la Segunda Jornada de Reclutamiento Permanente. Dicho reclutamiento&hellip; <a class=\"more-link\" href=\"https:\/\/www.zunoticia.com\/noticias-de-hidalgo\/2023\/06\/25\/centro-de-justicia-para-mujeres-llevaran-a-cabo-segunda-jornada-de-reclutamiento-permanente\/\">Seguir leyendo <span class=\"screen-reader-text\">Centro de Justicia para Mujeres llevar\u00e1n a cabo Segunda Jornada de Reclutamiento Permanente<\/span><\/a><\/p>\n","protected":false},"author":12,"featured_media":488254,"comment_status":"closed","ping_status":"open","sticky":false,"template":"","format":"standard","meta":{"rop_custom_images_group":[],"rop_custom_messages_group":[],"rop_publish_now":"initial","rop_publish_now_accounts":{"facebook_10159540855086992_322828327761733":""},"rop_publish_now_history":[],"rop_publish_now_status":"pending","footnotes":""},"categories":[208],"tags":[214],"class_list":["post-488283","post","type-post","status-publish","format-standard","has-post-thumbnail","hentry","category-estado","tag-estado","entry"],"_links":{"self":[{"href":"https:\/\/www.zunoticia.com\/noticias-de-hidalgo\/wp-json\/wp\/v2\/posts\/488283","targetHints":{"allow":["GET"]}}],"collection":[{"href":"https:\/\/www.zunoticia.com\/noticias-de-hidalgo\/wp-json\/wp\/v2\/posts"}],"about":[{"href":"https:\/\/www.zunoticia.com\/noticias-de-hidalgo\/wp-json\/wp\/v2\/types\/post"}],"author":[{"embeddable":true,"href":"https:\/\/www.zunoticia.com\/noticias-de-hidalgo\/wp-json\/wp\/v2\/users\/12"}],"replies":[{"embeddable":true,"href":"https:\/\/www.zunoticia.com\/noticias-de-hidalgo\/wp-json\/wp\/v2\/comments?post=488283"}],"version-history":[{"count":1,"href":"https:\/\/www.zunoticia.com\/noticias-de-hidalgo\/wp-json\/wp\/v2\/posts\/488283\/revisions"}],"predecessor-version":[{"id":488286,"href":"https:\/\/www.zunoticia.com\/noticias-de-hidalgo\/wp-json\/wp\/v2\/posts\/488283\/revisions\/488286"}],"wp:featuredmedia":[{"embeddable":true,"href":"https:\/\/www.zunoticia.com\/noticias-de-hidalgo\/wp-json\/wp\/v2\/media\/488254"}],"wp:attachment":[{"href":"https:\/\/www.zunoticia.com\/noticias-de-hidalgo\/wp-json\/wp\/v2\/media?parent=488283"}],"wp:term":[{"taxonomy":"category","embeddable":true,"href":"https:\/\/www.zunoticia.com\/noticias-de-hidalgo\/wp-json\/wp\/v2\/categories?post=488283"},{"taxonomy":"post_tag","embeddable":true,"href":"https:\/\/www.zunoticia.com\/noticias-de-hidalgo\/wp-json\/wp\/v2\/tags?post=488283"}],"curies":[{"name":"wp","href":"https:\/\/api.w.org\/{rel}","templated":true}]}}