{"id":488319,"date":"2023-06-25T19:15:35","date_gmt":"2023-06-26T01:15:35","guid":{"rendered":"https:\/\/www.zunoticia.com\/noticias-de-hidalgo\/?p=488319"},"modified":"2023-06-25T19:15:36","modified_gmt":"2023-06-26T01:15:36","slug":"del-26-al-7-de-julio-habra-jornada-de-salud-para-la-mujer","status":"publish","type":"post","link":"https:\/\/www.zunoticia.com\/noticias-de-hidalgo\/2023\/06\/25\/del-26-al-7-de-julio-habra-jornada-de-salud-para-la-mujer\/","title":{"rendered":"Del 26 al 7 de julio habr\u00e1 jornada de salud para la mujer"},"content":{"rendered":"<aside class=\"mashsb-container mashsb-main mashsb-stretched\"><div class=\"mashsb-box\"><div class=\"mashsb-count mash-large\" style=\"float:left\"><div class=\"counts mashsbcount\">11<\/div><span class=\"mashsb-sharetext\">SHARES<\/span><\/div><div class=\"mashsb-buttons\"><a class=\"mashicon-facebook mash-large mash-center mashsb-noshadow\" href=\"https:\/\/www.facebook.com\/sharer.php?u=https%3A%2F%2Fwww.zunoticia.com%2Fnoticias-de-hidalgo%2F2023%2F06%2F25%2Fdel-26-al-7-de-julio-habra-jornada-de-salud-para-la-mujer%2F\" target=\"_top\" rel=\"nofollow\"><span class=\"icon\"><\/span><span class=\"text\">Share<\/span><\/a><a class=\"mashicon-twitter mash-large mash-center mashsb-noshadow\" href=\"https:\/\/twitter.com\/intent\/tweet?text=&amp;url=https:\/\/www.zunoticia.com\/noticias-de-hidalgo\/2023\/06\/25\/del-26-al-7-de-julio-habra-jornada-de-salud-para-la-mujer\/\" target=\"_top\" rel=\"nofollow\"><span class=\"icon\"><\/span><span class=\"text\">Tweet<\/span><\/a><div class=\"onoffswitch2 mash-large mashsb-noshadow\" style=\"display:none\"><\/div><\/div>\n            <\/div>\n                <div style=\"clear:both\"><\/div><div class=\"mashsb-toggle-container\"><\/div><\/aside>\n            <!-- Share buttons by mashshare.net - Version: 4.0.47-->\n<p><em>Por \u00c1ngel Silverio\/Zunoticia<\/em><\/p>\n\n\n\n<p><strong>San Felipe Orizatl\u00e1n, Hgo.-<\/strong>&nbsp; Gobierno municipal, en coordinaci\u00f3n con la Secretar\u00eda de Salud, dio a conocer que, a partir de este lunes y hasta el 7 de julio, se estar\u00e1 llevando a cabo una jornada de salud dirigida a las mujeres, con el fin de prevenir diversas enfermedades por lo que exhortan a que sean participes de ella.<\/p>\n\n\n\n<p>La alcaldesa Erika Saab Lara indic\u00f3 que, esta campa\u00f1a es con el fin de detectar enfermedades de la mujer que pueden ser mortales si no se detectan a tiempo, es por lo que se estar\u00e1n brindando servicios durante estos d\u00edas para que las mujeres acudan y se realicen su chequeo y as\u00ed poder prevenir alg\u00fan tipo de c\u00e1ncer.<\/p>\n\n\n\n<p>Se estar\u00e1n llevando a cabo detecciones de c\u00e1ncer cervicouterino a mujeres de 25 a 64 a\u00f1os, as\u00ed como tambi\u00e9n detecciones de c\u00e1ncer de mama a mujeres de 25 a 39 a\u00f1os, del mismo modo se llevar\u00e1 a cabo la aplicaci\u00f3n de vacuna contra el Covid en la primera y segunda dosis a la poblaci\u00f3n en general.<\/p>\n\n\n\n<p>El horario de atenci\u00f3n ser\u00e1 de 9:00 de la ma\u00f1ana a 2:00 de la tarde en las instalaciones del Centro de Salud, por lo que invitan a todas las mujeres a acudir y no dejar pasar esta jornada de salud m\u00e9dica y poder realizarse estos chequeos que son totalmente&nbsp;gratuitos.<\/p>\n","protected":false},"excerpt":{"rendered":"<p>Por \u00c1ngel Silverio\/Zunoticia San Felipe Orizatl\u00e1n, Hgo.-&nbsp; Gobierno municipal, en coordinaci\u00f3n con la Secretar\u00eda de Salud, dio a conocer que, a partir de este lunes y hasta el 7 de julio, se estar\u00e1 llevando a cabo una jornada de salud dirigida a las mujeres, con el fin de prevenir diversas enfermedades por lo que exhortan&hellip; <a class=\"more-link\" href=\"https:\/\/www.zunoticia.com\/noticias-de-hidalgo\/2023\/06\/25\/del-26-al-7-de-julio-habra-jornada-de-salud-para-la-mujer\/\">Seguir leyendo <span class=\"screen-reader-text\">Del 26 al 7 de julio habr\u00e1 jornada de salud para la mujer<\/span><\/a><\/p>\n","protected":false},"author":12,"featured_media":488297,"comment_status":"closed","ping_status":"open","sticky":false,"template":"","format":"standard","meta":{"rop_custom_images_group":[],"rop_custom_messages_group":[],"rop_publish_now":"initial","rop_publish_now_accounts":{"facebook_10159540855086992_322828327761733":""},"rop_publish_now_history":[],"rop_publish_now_status":"pending","footnotes":""},"categories":[180],"tags":[129],"class_list":["post-488319","post","type-post","status-publish","format-standard","has-post-thumbnail","hentry","category-orizatlan","tag-orizatlan","entry"],"_links":{"self":[{"href":"https:\/\/www.zunoticia.com\/noticias-de-hidalgo\/wp-json\/wp\/v2\/posts\/488319","targetHints":{"allow":["GET"]}}],"collection":[{"href":"https:\/\/www.zunoticia.com\/noticias-de-hidalgo\/wp-json\/wp\/v2\/posts"}],"about":[{"href":"https:\/\/www.zunoticia.com\/noticias-de-hidalgo\/wp-json\/wp\/v2\/types\/post"}],"author":[{"embeddable":true,"href":"https:\/\/www.zunoticia.com\/noticias-de-hidalgo\/wp-json\/wp\/v2\/users\/12"}],"replies":[{"embeddable":true,"href":"https:\/\/www.zunoticia.com\/noticias-de-hidalgo\/wp-json\/wp\/v2\/comments?post=488319"}],"version-history":[{"count":1,"href":"https:\/\/www.zunoticia.com\/noticias-de-hidalgo\/wp-json\/wp\/v2\/posts\/488319\/revisions"}],"predecessor-version":[{"id":488330,"href":"https:\/\/www.zunoticia.com\/noticias-de-hidalgo\/wp-json\/wp\/v2\/posts\/488319\/revisions\/488330"}],"wp:featuredmedia":[{"embeddable":true,"href":"https:\/\/www.zunoticia.com\/noticias-de-hidalgo\/wp-json\/wp\/v2\/media\/488297"}],"wp:attachment":[{"href":"https:\/\/www.zunoticia.com\/noticias-de-hidalgo\/wp-json\/wp\/v2\/media?parent=488319"}],"wp:term":[{"taxonomy":"category","embeddable":true,"href":"https:\/\/www.zunoticia.com\/noticias-de-hidalgo\/wp-json\/wp\/v2\/categories?post=488319"},{"taxonomy":"post_tag","embeddable":true,"href":"https:\/\/www.zunoticia.com\/noticias-de-hidalgo\/wp-json\/wp\/v2\/tags?post=488319"}],"curies":[{"name":"wp","href":"https:\/\/api.w.org\/{rel}","templated":true}]}}