{"id":488321,"date":"2023-06-25T19:09:20","date_gmt":"2023-06-26T01:09:20","guid":{"rendered":"https:\/\/www.zunoticia.com\/noticias-de-hidalgo\/?p=488321"},"modified":"2023-06-25T19:09:21","modified_gmt":"2023-06-26T01:09:21","slug":"imparten-talleres-contra-el-bullying-en-escuelas","status":"publish","type":"post","link":"https:\/\/www.zunoticia.com\/noticias-de-hidalgo\/2023\/06\/25\/imparten-talleres-contra-el-bullying-en-escuelas\/","title":{"rendered":"Imparten talleres contra el bullying en escuelas"},"content":{"rendered":"<aside class=\"mashsb-container mashsb-main mashsb-stretched\"><div class=\"mashsb-box\"><div class=\"mashsb-count mash-large\" style=\"float:left\"><div class=\"counts mashsbcount\">46<\/div><span class=\"mashsb-sharetext\">SHARES<\/span><\/div><div class=\"mashsb-buttons\"><a class=\"mashicon-facebook mash-large mash-center mashsb-noshadow\" href=\"https:\/\/www.facebook.com\/sharer.php?u=https%3A%2F%2Fwww.zunoticia.com%2Fnoticias-de-hidalgo%2F2023%2F06%2F25%2Fimparten-talleres-contra-el-bullying-en-escuelas%2F\" target=\"_top\" rel=\"nofollow\"><span class=\"icon\"><\/span><span class=\"text\">Share<\/span><\/a><a class=\"mashicon-twitter mash-large mash-center mashsb-noshadow\" href=\"https:\/\/twitter.com\/intent\/tweet?text=&amp;url=https:\/\/www.zunoticia.com\/noticias-de-hidalgo\/2023\/06\/25\/imparten-talleres-contra-el-bullying-en-escuelas\/\" target=\"_top\" rel=\"nofollow\"><span class=\"icon\"><\/span><span class=\"text\">Tweet<\/span><\/a><div class=\"onoffswitch2 mash-large mashsb-noshadow\" style=\"display:none\"><\/div><\/div>\n            <\/div>\n                <div style=\"clear:both\"><\/div><div class=\"mashsb-toggle-container\"><\/div><\/aside>\n            <!-- Share buttons by mashshare.net - Version: 4.0.47-->\n<p><em>Por \u00c1ngel Silverio\/Zunoticia<\/em><\/p>\n\n\n\n<p><strong>San Felipe Orizatl\u00e1n, Hgo.-<\/strong> Ante el firme compromiso de atender los problemas psicosociales que en ocasiones atraviesan los ni\u00f1os y los adolescentes, la Secretar\u00eda de Seguridad P\u00fablica Municipal, atendiendo el llamado de la alcaldesa Erika Saab Lara, est\u00e1 llevando a cabo conferencias de prevenci\u00f3n del bullying en todo el municipio.<\/p>\n\n\n\n<p>Alejo Bautista, titular de la corporaci\u00f3n en menci\u00f3n, se\u00f1al\u00f3 que, esto es con el objetivo de brindar herramientas que ayuden a combatir el bullying, prevenir la violencia en los centros escolares y generar en las y los estudiantes valores de respeto y empat\u00eda por sus compa\u00f1eros, con la intenci\u00f3n de concientizar a los adolescentes sobre la importancia del respeto entre ellos, y reconstruir el tejido social, adem\u00e1s de brindar a la comunidad estudiantil herramientas para solucionar conflictos de manera pac\u00edfica, evitando que puedan escalar a situaciones sin control.<\/p>\n\n\n\n<p>A\u00f1adi\u00f3 que, con estas pl\u00e1ticas los estudiantes tienen las herramientas para identificar situaciones que pueden ser de riesgo y a la vez entender la importancia de la comunicaci\u00f3n, el respeto y la participaci\u00f3n para la soluci\u00f3n de conflictos.<\/p>\n\n\n\n<p>Cabe mencionar que, con estos talleres tambi\u00e9n se busca que los adolescentes reflexionen y puedan tener entre ellos mismos una forma distinta de ver y entender las cosas, buscando soluciones, involucrando en esta prevenci\u00f3n a docentes y padres de familia.<\/p>\n","protected":false},"excerpt":{"rendered":"<p>Por \u00c1ngel Silverio\/Zunoticia San Felipe Orizatl\u00e1n, Hgo.- Ante el firme compromiso de atender los problemas psicosociales que en ocasiones atraviesan los ni\u00f1os y los adolescentes, la Secretar\u00eda de Seguridad P\u00fablica Municipal, atendiendo el llamado de la alcaldesa Erika Saab Lara, est\u00e1 llevando a cabo conferencias de prevenci\u00f3n del bullying en todo el municipio. Alejo Bautista,&hellip; <a class=\"more-link\" href=\"https:\/\/www.zunoticia.com\/noticias-de-hidalgo\/2023\/06\/25\/imparten-talleres-contra-el-bullying-en-escuelas\/\">Seguir leyendo <span class=\"screen-reader-text\">Imparten talleres contra el bullying en escuelas<\/span><\/a><\/p>\n","protected":false},"author":12,"featured_media":488327,"comment_status":"closed","ping_status":"open","sticky":false,"template":"","format":"standard","meta":{"rop_custom_images_group":[],"rop_custom_messages_group":[],"rop_publish_now":"initial","rop_publish_now_accounts":{"facebook_10159540855086992_322828327761733":""},"rop_publish_now_history":[],"rop_publish_now_status":"pending","footnotes":""},"categories":[180],"tags":[129],"class_list":["post-488321","post","type-post","status-publish","format-standard","has-post-thumbnail","hentry","category-orizatlan","tag-orizatlan","entry"],"_links":{"self":[{"href":"https:\/\/www.zunoticia.com\/noticias-de-hidalgo\/wp-json\/wp\/v2\/posts\/488321","targetHints":{"allow":["GET"]}}],"collection":[{"href":"https:\/\/www.zunoticia.com\/noticias-de-hidalgo\/wp-json\/wp\/v2\/posts"}],"about":[{"href":"https:\/\/www.zunoticia.com\/noticias-de-hidalgo\/wp-json\/wp\/v2\/types\/post"}],"author":[{"embeddable":true,"href":"https:\/\/www.zunoticia.com\/noticias-de-hidalgo\/wp-json\/wp\/v2\/users\/12"}],"replies":[{"embeddable":true,"href":"https:\/\/www.zunoticia.com\/noticias-de-hidalgo\/wp-json\/wp\/v2\/comments?post=488321"}],"version-history":[{"count":1,"href":"https:\/\/www.zunoticia.com\/noticias-de-hidalgo\/wp-json\/wp\/v2\/posts\/488321\/revisions"}],"predecessor-version":[{"id":488328,"href":"https:\/\/www.zunoticia.com\/noticias-de-hidalgo\/wp-json\/wp\/v2\/posts\/488321\/revisions\/488328"}],"wp:featuredmedia":[{"embeddable":true,"href":"https:\/\/www.zunoticia.com\/noticias-de-hidalgo\/wp-json\/wp\/v2\/media\/488327"}],"wp:attachment":[{"href":"https:\/\/www.zunoticia.com\/noticias-de-hidalgo\/wp-json\/wp\/v2\/media?parent=488321"}],"wp:term":[{"taxonomy":"category","embeddable":true,"href":"https:\/\/www.zunoticia.com\/noticias-de-hidalgo\/wp-json\/wp\/v2\/categories?post=488321"},{"taxonomy":"post_tag","embeddable":true,"href":"https:\/\/www.zunoticia.com\/noticias-de-hidalgo\/wp-json\/wp\/v2\/tags?post=488321"}],"curies":[{"name":"wp","href":"https:\/\/api.w.org\/{rel}","templated":true}]}}