{"id":488341,"date":"2023-06-25T19:55:01","date_gmt":"2023-06-26T01:55:01","guid":{"rendered":"https:\/\/www.zunoticia.com\/noticias-de-hidalgo\/?p=488341"},"modified":"2023-06-25T20:00:08","modified_gmt":"2023-06-26T02:00:08","slug":"alcalde-festejo-el-dia-del-padre","status":"publish","type":"post","link":"https:\/\/www.zunoticia.com\/noticias-de-hidalgo\/2023\/06\/25\/alcalde-festejo-el-dia-del-padre\/","title":{"rendered":"Alcalde festej\u00f3 el D\u00eda del Padre"},"content":{"rendered":"<aside class=\"mashsb-container mashsb-main mashsb-stretched\"><div class=\"mashsb-box\"><div class=\"mashsb-count mash-large\" style=\"float:left\"><div class=\"counts mashsbcount\">15<\/div><span class=\"mashsb-sharetext\">SHARES<\/span><\/div><div class=\"mashsb-buttons\"><a class=\"mashicon-facebook mash-large mash-center mashsb-noshadow\" href=\"https:\/\/www.facebook.com\/sharer.php?u=https%3A%2F%2Fwww.zunoticia.com%2Fnoticias-de-hidalgo%2F2023%2F06%2F25%2Falcalde-festejo-el-dia-del-padre%2F\" target=\"_top\" rel=\"nofollow\"><span class=\"icon\"><\/span><span class=\"text\">Share<\/span><\/a><a class=\"mashicon-twitter mash-large mash-center mashsb-noshadow\" href=\"https:\/\/twitter.com\/intent\/tweet?text=&amp;url=https:\/\/www.zunoticia.com\/noticias-de-hidalgo\/2023\/06\/25\/alcalde-festejo-el-dia-del-padre\/\" target=\"_top\" rel=\"nofollow\"><span class=\"icon\"><\/span><span class=\"text\">Tweet<\/span><\/a><div class=\"onoffswitch2 mash-large mashsb-noshadow\" style=\"display:none\"><\/div><\/div>\n            <\/div>\n                <div style=\"clear:both\"><\/div><div class=\"mashsb-toggle-container\"><\/div><\/aside>\n            <!-- Share buttons by mashshare.net - Version: 4.0.47-->\n<p><em>Por Roberto Meza\/Zunoticia<\/em><\/p>\n\n\n\n<p><strong>Huazalingo, Hgo.-<\/strong> Con la finalidad de reconocer a los padres de familia del municipio, el alcalde Julio C\u00e9sar Gonz\u00e1lez Garc\u00eda y su equipo de colaboradores festejaron el d\u00eda a todos ellos, en donde se llev\u00f3 a cabo un evento singular, adem\u00e1s entregaron regalos y hubo una convivencia con todos, como parte de las tradiciones y costumbres que proyecta el gobierno local.<\/p>\n\n\n\n<figure class=\"wp-block-image size-large\"><img fetchpriority=\"high\" decoding=\"async\" width=\"1024\" height=\"551\" src=\"https:\/\/www.zunoticia.com\/noticias-de-hidalgo\/wp-content\/uploads\/2023\/06\/eZy-Watermark-25-06-2023-06-43-26-1360p.m.-1024x551.jpg\" alt=\"\" class=\"wp-image-488324\" srcset=\"https:\/\/www.zunoticia.com\/noticias-de-hidalgo\/wp-content\/uploads\/2023\/06\/eZy-Watermark-25-06-2023-06-43-26-1360p.m.-1024x551.jpg 1024w, https:\/\/www.zunoticia.com\/noticias-de-hidalgo\/wp-content\/uploads\/2023\/06\/eZy-Watermark-25-06-2023-06-43-26-1360p.m.-300x161.jpg 300w, https:\/\/www.zunoticia.com\/noticias-de-hidalgo\/wp-content\/uploads\/2023\/06\/eZy-Watermark-25-06-2023-06-43-26-1360p.m.-768x413.jpg 768w, https:\/\/www.zunoticia.com\/noticias-de-hidalgo\/wp-content\/uploads\/2023\/06\/eZy-Watermark-25-06-2023-06-43-26-1360p.m..jpg 1280w\" sizes=\"(max-width: 1024px) 100vw, 1024px\" \/><\/figure>\n\n\n\n<p>Fue este domingo por la tarde que se desarrollaron los festejos en la galera de la zona Centro, en donde pudieron convivir los padres, quienes participaron en las rifas, concursos y dem\u00e1s actividades organizadas, recibiendo regalos por parte del alcalde.<\/p>\n\n\n\n<figure class=\"wp-block-image size-large\"><img fetchpriority=\"high\" decoding=\"async\" width=\"1024\" height=\"551\" src=\"https:\/\/www.zunoticia.com\/noticias-de-hidalgo\/wp-content\/uploads\/2023\/06\/eZy-Watermark-25-06-2023-06-43-26-1360p.m.-1024x551.jpg\" alt=\"\" class=\"wp-image-488324\" srcset=\"https:\/\/www.zunoticia.com\/noticias-de-hidalgo\/wp-content\/uploads\/2023\/06\/eZy-Watermark-25-06-2023-06-43-26-1360p.m.-1024x551.jpg 1024w, https:\/\/www.zunoticia.com\/noticias-de-hidalgo\/wp-content\/uploads\/2023\/06\/eZy-Watermark-25-06-2023-06-43-26-1360p.m.-300x161.jpg 300w, https:\/\/www.zunoticia.com\/noticias-de-hidalgo\/wp-content\/uploads\/2023\/06\/eZy-Watermark-25-06-2023-06-43-26-1360p.m.-768x413.jpg 768w, https:\/\/www.zunoticia.com\/noticias-de-hidalgo\/wp-content\/uploads\/2023\/06\/eZy-Watermark-25-06-2023-06-43-26-1360p.m..jpg 1280w\" sizes=\"(max-width: 1024px) 100vw, 1024px\" \/><\/figure>\n\n\n\n<p>El edil Gonz\u00e1lez Garc\u00eda, en dicho acto fue acompa\u00f1ado por su esposa Vanesa Mej\u00eda de Gonz\u00e1lez, quien apunt\u00f3 ante la concurrencia que es una fecha especial para todos ellos, ya que son la esencia de la familia y por eso es de reconocer el papel que juegan en las familias, agreg\u00f3 que, con toda oportunidad se prepararon para llevar a cabo tan importante evento, en donde se entregaron muchos presentes a los festejados, reconociendo as\u00ed tan importante labor de todos ellos.<\/p>\n","protected":false},"excerpt":{"rendered":"<p>Por Roberto Meza\/Zunoticia Huazalingo, Hgo.- Con la finalidad de reconocer a los padres de familia del municipio, el alcalde Julio C\u00e9sar Gonz\u00e1lez Garc\u00eda y su equipo de colaboradores festejaron el d\u00eda a todos ellos, en donde se llev\u00f3 a cabo un evento singular, adem\u00e1s entregaron regalos y hubo una convivencia con todos, como parte de&hellip; <a class=\"more-link\" href=\"https:\/\/www.zunoticia.com\/noticias-de-hidalgo\/2023\/06\/25\/alcalde-festejo-el-dia-del-padre\/\">Seguir leyendo <span class=\"screen-reader-text\">Alcalde festej\u00f3 el D\u00eda del Padre<\/span><\/a><\/p>\n","protected":false},"author":12,"featured_media":488325,"comment_status":"closed","ping_status":"open","sticky":false,"template":"","format":"standard","meta":{"rop_custom_images_group":[],"rop_custom_messages_group":[],"rop_publish_now":"initial","rop_publish_now_accounts":{"facebook_10159540855086992_322828327761733":""},"rop_publish_now_history":[],"rop_publish_now_status":"pending","footnotes":""},"categories":[179,212],"tags":[138],"class_list":["post-488341","post","type-post","status-publish","format-standard","has-post-thumbnail","hentry","category-huasteca","category-huazalingo","tag-huazalingo","entry"],"_links":{"self":[{"href":"https:\/\/www.zunoticia.com\/noticias-de-hidalgo\/wp-json\/wp\/v2\/posts\/488341","targetHints":{"allow":["GET"]}}],"collection":[{"href":"https:\/\/www.zunoticia.com\/noticias-de-hidalgo\/wp-json\/wp\/v2\/posts"}],"about":[{"href":"https:\/\/www.zunoticia.com\/noticias-de-hidalgo\/wp-json\/wp\/v2\/types\/post"}],"author":[{"embeddable":true,"href":"https:\/\/www.zunoticia.com\/noticias-de-hidalgo\/wp-json\/wp\/v2\/users\/12"}],"replies":[{"embeddable":true,"href":"https:\/\/www.zunoticia.com\/noticias-de-hidalgo\/wp-json\/wp\/v2\/comments?post=488341"}],"version-history":[{"count":2,"href":"https:\/\/www.zunoticia.com\/noticias-de-hidalgo\/wp-json\/wp\/v2\/posts\/488341\/revisions"}],"predecessor-version":[{"id":488346,"href":"https:\/\/www.zunoticia.com\/noticias-de-hidalgo\/wp-json\/wp\/v2\/posts\/488341\/revisions\/488346"}],"wp:featuredmedia":[{"embeddable":true,"href":"https:\/\/www.zunoticia.com\/noticias-de-hidalgo\/wp-json\/wp\/v2\/media\/488325"}],"wp:attachment":[{"href":"https:\/\/www.zunoticia.com\/noticias-de-hidalgo\/wp-json\/wp\/v2\/media?parent=488341"}],"wp:term":[{"taxonomy":"category","embeddable":true,"href":"https:\/\/www.zunoticia.com\/noticias-de-hidalgo\/wp-json\/wp\/v2\/categories?post=488341"},{"taxonomy":"post_tag","embeddable":true,"href":"https:\/\/www.zunoticia.com\/noticias-de-hidalgo\/wp-json\/wp\/v2\/tags?post=488341"}],"curies":[{"name":"wp","href":"https:\/\/api.w.org\/{rel}","templated":true}]}}