{"id":488358,"date":"2023-06-26T00:02:22","date_gmt":"2023-06-26T06:02:22","guid":{"rendered":"https:\/\/www.zunoticia.com\/noticias-de-hidalgo\/?p=488358"},"modified":"2023-06-26T00:02:25","modified_gmt":"2023-06-26T06:02:25","slug":"ex-glorieta-sin-semaforos-a-causa-de-accidente","status":"publish","type":"post","link":"https:\/\/www.zunoticia.com\/noticias-de-hidalgo\/2023\/06\/26\/ex-glorieta-sin-semaforos-a-causa-de-accidente\/","title":{"rendered":"Ex glorieta sin sem\u00e1foros a causa de accidente"},"content":{"rendered":"<aside class=\"mashsb-container mashsb-main mashsb-stretched\"><div class=\"mashsb-box\"><div class=\"mashsb-count mash-large\" style=\"float:left\"><div class=\"counts mashsbcount\">20<\/div><span class=\"mashsb-sharetext\">SHARES<\/span><\/div><div class=\"mashsb-buttons\"><a class=\"mashicon-facebook mash-large mash-center mashsb-noshadow\" href=\"https:\/\/www.facebook.com\/sharer.php?u=https%3A%2F%2Fwww.zunoticia.com%2Fnoticias-de-hidalgo%2F2023%2F06%2F26%2Fex-glorieta-sin-semaforos-a-causa-de-accidente%2F\" target=\"_top\" rel=\"nofollow\"><span class=\"icon\"><\/span><span class=\"text\">Share<\/span><\/a><a class=\"mashicon-twitter mash-large mash-center mashsb-noshadow\" href=\"https:\/\/twitter.com\/intent\/tweet?text=&amp;url=https:\/\/www.zunoticia.com\/noticias-de-hidalgo\/2023\/06\/26\/ex-glorieta-sin-semaforos-a-causa-de-accidente\/\" target=\"_top\" rel=\"nofollow\"><span class=\"icon\"><\/span><span class=\"text\">Tweet<\/span><\/a><div class=\"onoffswitch2 mash-large mashsb-noshadow\" style=\"display:none\"><\/div><\/div>\n            <\/div>\n                <div style=\"clear:both\"><\/div><div class=\"mashsb-toggle-container\"><\/div><\/aside>\n            <!-- Share buttons by mashshare.net - Version: 4.0.47-->\n<p><em>Por Francisco Rosas\/Zunoticia<\/em><\/p>\n\n\n\n<p><strong>Huejutla, Hgo.- <\/strong>Derivado a un hecho de transito terrestre que se registr\u00f3 durante las primeras horas de la ma\u00f1ana de este domingo 25 de junio, la ex glorieta Ju\u00e1rez se qued\u00f3 sin sem\u00e1foros por lo tanto hay m\u00e1s riesgo de accidentes, afirmaron automovilistas.<\/p>\n\n\n\n<p>Por lo anterior hacen un llamado a la direcci\u00f3n de Tr\u00e1nsito Municipal, para que reemplacen el poste met\u00e1lico del aparato regulador de la vialidad que fue derribado en el choque entre un autob\u00fas de la l\u00ednea Futura y un auto compacto.<\/p>\n\n\n\n<p>Conductores de veh\u00edculos automotores que circulan cotidianamente en el bulevar central de la carretera M\u00e9xico-Tampico, se\u00f1alaron que aunque este domingo agentes de tr\u00e1nsito municipal dieron vialidad en la zona, es necesario que instalen otro sem\u00e1foro, debido que hay un alto riesgo de accidentes en esta importante v\u00eda de comunicaci\u00f3n.<\/p>\n","protected":false},"excerpt":{"rendered":"<p>Por Francisco Rosas\/Zunoticia Huejutla, Hgo.- Derivado a un hecho de transito terrestre que se registr\u00f3 durante las primeras horas de la ma\u00f1ana de este domingo 25 de junio, la ex glorieta Ju\u00e1rez se qued\u00f3 sin sem\u00e1foros por lo tanto hay m\u00e1s riesgo de accidentes, afirmaron automovilistas. Por lo anterior hacen un llamado a la direcci\u00f3n&hellip; <a class=\"more-link\" href=\"https:\/\/www.zunoticia.com\/noticias-de-hidalgo\/2023\/06\/26\/ex-glorieta-sin-semaforos-a-causa-de-accidente\/\">Seguir leyendo <span class=\"screen-reader-text\">Ex glorieta sin sem\u00e1foros a causa de accidente<\/span><\/a><\/p>\n","protected":false},"author":12,"featured_media":488359,"comment_status":"closed","ping_status":"open","sticky":false,"template":"","format":"standard","meta":{"rop_custom_images_group":[],"rop_custom_messages_group":[],"rop_publish_now":"initial","rop_publish_now_accounts":{"facebook_10159540855086992_322828327761733":""},"rop_publish_now_history":[],"rop_publish_now_status":"pending","footnotes":""},"categories":[177,181],"tags":[215],"class_list":["post-488358","post","type-post","status-publish","format-standard","has-post-thumbnail","hentry","category-deportes","category-huejutla","tag-deportes","entry"],"_links":{"self":[{"href":"https:\/\/www.zunoticia.com\/noticias-de-hidalgo\/wp-json\/wp\/v2\/posts\/488358","targetHints":{"allow":["GET"]}}],"collection":[{"href":"https:\/\/www.zunoticia.com\/noticias-de-hidalgo\/wp-json\/wp\/v2\/posts"}],"about":[{"href":"https:\/\/www.zunoticia.com\/noticias-de-hidalgo\/wp-json\/wp\/v2\/types\/post"}],"author":[{"embeddable":true,"href":"https:\/\/www.zunoticia.com\/noticias-de-hidalgo\/wp-json\/wp\/v2\/users\/12"}],"replies":[{"embeddable":true,"href":"https:\/\/www.zunoticia.com\/noticias-de-hidalgo\/wp-json\/wp\/v2\/comments?post=488358"}],"version-history":[{"count":1,"href":"https:\/\/www.zunoticia.com\/noticias-de-hidalgo\/wp-json\/wp\/v2\/posts\/488358\/revisions"}],"predecessor-version":[{"id":488360,"href":"https:\/\/www.zunoticia.com\/noticias-de-hidalgo\/wp-json\/wp\/v2\/posts\/488358\/revisions\/488360"}],"wp:featuredmedia":[{"embeddable":true,"href":"https:\/\/www.zunoticia.com\/noticias-de-hidalgo\/wp-json\/wp\/v2\/media\/488359"}],"wp:attachment":[{"href":"https:\/\/www.zunoticia.com\/noticias-de-hidalgo\/wp-json\/wp\/v2\/media?parent=488358"}],"wp:term":[{"taxonomy":"category","embeddable":true,"href":"https:\/\/www.zunoticia.com\/noticias-de-hidalgo\/wp-json\/wp\/v2\/categories?post=488358"},{"taxonomy":"post_tag","embeddable":true,"href":"https:\/\/www.zunoticia.com\/noticias-de-hidalgo\/wp-json\/wp\/v2\/tags?post=488358"}],"curies":[{"name":"wp","href":"https:\/\/api.w.org\/{rel}","templated":true}]}}