{"id":488608,"date":"2023-06-26T11:15:17","date_gmt":"2023-06-26T17:15:17","guid":{"rendered":"https:\/\/www.zunoticia.com\/noticias-de-hidalgo\/?p=488608"},"modified":"2023-06-26T11:15:19","modified_gmt":"2023-06-26T17:15:19","slug":"comite-del-pan-rindio-homenaje-a-papas-xochiatipenses","status":"publish","type":"post","link":"https:\/\/www.zunoticia.com\/noticias-de-hidalgo\/2023\/06\/26\/comite-del-pan-rindio-homenaje-a-papas-xochiatipenses\/","title":{"rendered":"Comit\u00e9 del PAN rindi\u00f3 homenaje a pap\u00e1s xochiatipenses"},"content":{"rendered":"<aside class=\"mashsb-container mashsb-main mashsb-stretched\"><div class=\"mashsb-box\"><div class=\"mashsb-count mash-large\" style=\"float:left\"><div class=\"counts mashsbcount\">29<\/div><span class=\"mashsb-sharetext\">SHARES<\/span><\/div><div class=\"mashsb-buttons\"><a class=\"mashicon-facebook mash-large mash-center mashsb-noshadow\" href=\"https:\/\/www.facebook.com\/sharer.php?u=https%3A%2F%2Fwww.zunoticia.com%2Fnoticias-de-hidalgo%2F2023%2F06%2F26%2Fcomite-del-pan-rindio-homenaje-a-papas-xochiatipenses%2F\" target=\"_top\" rel=\"nofollow\"><span class=\"icon\"><\/span><span class=\"text\">Share<\/span><\/a><a class=\"mashicon-twitter mash-large mash-center mashsb-noshadow\" href=\"https:\/\/twitter.com\/intent\/tweet?text=&amp;url=https:\/\/www.zunoticia.com\/noticias-de-hidalgo\/2023\/06\/26\/comite-del-pan-rindio-homenaje-a-papas-xochiatipenses\/\" target=\"_top\" rel=\"nofollow\"><span class=\"icon\"><\/span><span class=\"text\">Tweet<\/span><\/a><div class=\"onoffswitch2 mash-large mashsb-noshadow\" style=\"display:none\"><\/div><\/div>\n            <\/div>\n                <div style=\"clear:both\"><\/div><div class=\"mashsb-toggle-container\"><\/div><\/aside>\n            <!-- Share buttons by mashshare.net - Version: 4.0.47-->\n<p><em>Por Redacci\u00f3n\/Zunoticia<\/em><\/p>\n\n\n\n<p><strong>Xochiatipan, Hgo<\/strong>.- M\u00e1s de 1500 padres de familia del municipio se dieron cita la tarde de este domingo en la cabecera, para disfrutar de la celebraci\u00f3n del D\u00eda del Padre organizada por Aureliano Hern\u00e1ndez Mart\u00ednez, presidente del Comit\u00e9 Directivo Municipal del Partido Acci\u00f3n Nacional (PAN).<\/p>\n\n\n\n<p>Al evento, realizado en el barrio Tenexaco, se les dio la bienvenida remarcando la importancia de la figura paterna dentro del \u00e1mbito familiar, por lo que se reconoci\u00f3 su esfuerzo y dedicaci\u00f3n.<\/p>\n\n\n\n<p>El dirigente del blanquiazul agradeci\u00f3 la presencia de los progenitores y refrend\u00f3 su compromiso con los xochiatipenses para formar una mejor sociedad; los festejados por su parte, compartieron los tradicionales alimentos pasando un momento agradable.<\/p>\n\n\n\n<p>Al final de la celebraci\u00f3n el organizador hizo entrega a todos los presentes de un obsequio, el cual, dijo, &#8220;ser\u00e1 de gran ayuda para sus actividades diarias&#8221;.<\/p>\n\n\n\n<figure class=\"wp-block-gallery has-nested-images columns-default is-cropped wp-block-gallery-1 is-layout-flex wp-block-gallery-is-layout-flex\">\n<figure class=\"wp-block-image size-large\"><img fetchpriority=\"high\" decoding=\"async\" width=\"940\" height=\"788\" data-id=\"488616\" src=\"https:\/\/www.zunoticia.com\/noticias-de-hidalgo\/wp-content\/uploads\/2023\/06\/3-87.png\" alt=\"\" class=\"wp-image-488616\" srcset=\"https:\/\/www.zunoticia.com\/noticias-de-hidalgo\/wp-content\/uploads\/2023\/06\/3-87.png 940w, https:\/\/www.zunoticia.com\/noticias-de-hidalgo\/wp-content\/uploads\/2023\/06\/3-87-300x251.png 300w, https:\/\/www.zunoticia.com\/noticias-de-hidalgo\/wp-content\/uploads\/2023\/06\/3-87-768x644.png 768w\" sizes=\"(max-width: 940px) 100vw, 940px\" \/><\/figure>\n\n\n\n<figure class=\"wp-block-image size-large\"><img decoding=\"async\" width=\"940\" height=\"788\" data-id=\"488617\" src=\"https:\/\/www.zunoticia.com\/noticias-de-hidalgo\/wp-content\/uploads\/2023\/06\/1-215.png\" alt=\"\" class=\"wp-image-488617\" srcset=\"https:\/\/www.zunoticia.com\/noticias-de-hidalgo\/wp-content\/uploads\/2023\/06\/1-215.png 940w, https:\/\/www.zunoticia.com\/noticias-de-hidalgo\/wp-content\/uploads\/2023\/06\/1-215-300x251.png 300w, https:\/\/www.zunoticia.com\/noticias-de-hidalgo\/wp-content\/uploads\/2023\/06\/1-215-768x644.png 768w\" sizes=\"(max-width: 940px) 100vw, 940px\" \/><\/figure>\n<\/figure>\n","protected":false},"excerpt":{"rendered":"<p>Por Redacci\u00f3n\/Zunoticia Xochiatipan, Hgo.- M\u00e1s de 1500 padres de familia del municipio se dieron cita la tarde de este domingo en la cabecera, para disfrutar de la celebraci\u00f3n del D\u00eda del Padre organizada por Aureliano Hern\u00e1ndez Mart\u00ednez, presidente del Comit\u00e9 Directivo Municipal del Partido Acci\u00f3n Nacional (PAN). Al evento, realizado en el barrio Tenexaco, se&hellip; <a class=\"more-link\" href=\"https:\/\/www.zunoticia.com\/noticias-de-hidalgo\/2023\/06\/26\/comite-del-pan-rindio-homenaje-a-papas-xochiatipenses\/\">Seguir leyendo <span class=\"screen-reader-text\">Comit\u00e9 del PAN rindi\u00f3 homenaje a pap\u00e1s xochiatipenses<\/span><\/a><\/p>\n","protected":false},"author":20,"featured_media":488615,"comment_status":"closed","ping_status":"open","sticky":false,"template":"","format":"standard","meta":{"rop_custom_images_group":[],"rop_custom_messages_group":[],"rop_publish_now":"initial","rop_publish_now_accounts":{"facebook_10159540855086992_322828327761733":""},"rop_publish_now_history":[],"rop_publish_now_status":"pending","footnotes":""},"categories":[202],"tags":[135],"class_list":["post-488608","post","type-post","status-publish","format-standard","has-post-thumbnail","hentry","category-xochiatipan","tag-xochiatipan","entry"],"_links":{"self":[{"href":"https:\/\/www.zunoticia.com\/noticias-de-hidalgo\/wp-json\/wp\/v2\/posts\/488608","targetHints":{"allow":["GET"]}}],"collection":[{"href":"https:\/\/www.zunoticia.com\/noticias-de-hidalgo\/wp-json\/wp\/v2\/posts"}],"about":[{"href":"https:\/\/www.zunoticia.com\/noticias-de-hidalgo\/wp-json\/wp\/v2\/types\/post"}],"author":[{"embeddable":true,"href":"https:\/\/www.zunoticia.com\/noticias-de-hidalgo\/wp-json\/wp\/v2\/users\/20"}],"replies":[{"embeddable":true,"href":"https:\/\/www.zunoticia.com\/noticias-de-hidalgo\/wp-json\/wp\/v2\/comments?post=488608"}],"version-history":[{"count":1,"href":"https:\/\/www.zunoticia.com\/noticias-de-hidalgo\/wp-json\/wp\/v2\/posts\/488608\/revisions"}],"predecessor-version":[{"id":488618,"href":"https:\/\/www.zunoticia.com\/noticias-de-hidalgo\/wp-json\/wp\/v2\/posts\/488608\/revisions\/488618"}],"wp:featuredmedia":[{"embeddable":true,"href":"https:\/\/www.zunoticia.com\/noticias-de-hidalgo\/wp-json\/wp\/v2\/media\/488615"}],"wp:attachment":[{"href":"https:\/\/www.zunoticia.com\/noticias-de-hidalgo\/wp-json\/wp\/v2\/media?parent=488608"}],"wp:term":[{"taxonomy":"category","embeddable":true,"href":"https:\/\/www.zunoticia.com\/noticias-de-hidalgo\/wp-json\/wp\/v2\/categories?post=488608"},{"taxonomy":"post_tag","embeddable":true,"href":"https:\/\/www.zunoticia.com\/noticias-de-hidalgo\/wp-json\/wp\/v2\/tags?post=488608"}],"curies":[{"name":"wp","href":"https:\/\/api.w.org\/{rel}","templated":true}]}}