{"id":488644,"date":"2023-06-26T12:48:34","date_gmt":"2023-06-26T18:48:34","guid":{"rendered":"https:\/\/www.zunoticia.com\/noticias-de-hidalgo\/?p=488644"},"modified":"2023-06-26T12:48:35","modified_gmt":"2023-06-26T18:48:35","slug":"volcaron-y-cayeron-a-un-barranco","status":"publish","type":"post","link":"https:\/\/www.zunoticia.com\/noticias-de-hidalgo\/2023\/06\/26\/volcaron-y-cayeron-a-un-barranco\/","title":{"rendered":"Volcaron y cayeron a un barranco"},"content":{"rendered":"<aside class=\"mashsb-container mashsb-main mashsb-stretched\"><div class=\"mashsb-box\"><div class=\"mashsb-count mash-large\" style=\"float:left\"><div class=\"counts mashsbcount\">35<\/div><span class=\"mashsb-sharetext\">SHARES<\/span><\/div><div class=\"mashsb-buttons\"><a class=\"mashicon-facebook mash-large mash-center mashsb-noshadow\" href=\"https:\/\/www.facebook.com\/sharer.php?u=https%3A%2F%2Fwww.zunoticia.com%2Fnoticias-de-hidalgo%2F2023%2F06%2F26%2Fvolcaron-y-cayeron-a-un-barranco%2F\" target=\"_top\" rel=\"nofollow\"><span class=\"icon\"><\/span><span class=\"text\">Share<\/span><\/a><a class=\"mashicon-twitter mash-large mash-center mashsb-noshadow\" href=\"https:\/\/twitter.com\/intent\/tweet?text=&amp;url=https:\/\/www.zunoticia.com\/noticias-de-hidalgo\/2023\/06\/26\/volcaron-y-cayeron-a-un-barranco\/\" target=\"_top\" rel=\"nofollow\"><span class=\"icon\"><\/span><span class=\"text\">Tweet<\/span><\/a><div class=\"onoffswitch2 mash-large mashsb-noshadow\" style=\"display:none\"><\/div><\/div>\n            <\/div>\n                <div style=\"clear:both\"><\/div><div class=\"mashsb-toggle-container\"><\/div><\/aside>\n            <!-- Share buttons by mashshare.net - Version: 4.0.47-->\n<p>&gt;&gt;&gt;Comerciantes se accidentaron en el tramo de la carretera federal Huejutla- Atlapexco.<\/p>\n\n\n\n<p><em>Por Francisco Rosas\/Zunoticia<\/em><\/p>\n\n\n\n<p><strong>Huejutla, Hgo<\/strong>.- Comerciantes huejutlenses que viajaban a bordo de una camioneta, sufrieron una estrepitosa salida de camino y cayeron a un barranco en el tramo de la carretera federal Huejutla-Altlapexco.<\/p>\n\n\n\n<p>El accidente ocurri\u00f3 un poco antes de las 07:00 de la ma\u00f1ana de este lunes 26 de junio, cerca de la localidad de Candelaria, perteneciente a este municipio.<\/p>\n\n\n\n<p>En el lugar, un veh\u00edculo de la marca Nissan tipo Estaquitas, de color blanco, con placas del estado de Hidalgo, derrap\u00f3 y volc\u00f3 hacia un barranco de aproximadamente 8 metros de profundidad; a pesar de lo aparatoso del incidente, los tripulantes resultaron ilesos y solo se llevaron el susto de sus vidas.<\/p>\n\n\n\n<p>Al sitio acudieron agentes de la Guardia Nacional Divisi\u00f3n Caminos, quienes luego de realizar el peritaje de tr\u00e1nsito terrestre, ordenaron el rescate de la unidad motora con el apoyo de una gr\u00faa particular y al no haber da\u00f1os a terceros, fue remolcada a un taller mec\u00e1nico para su reparaci\u00f3n.<\/p>\n\n\n\n<figure class=\"wp-block-image size-full\"><img fetchpriority=\"high\" decoding=\"async\" width=\"940\" height=\"788\" src=\"https:\/\/www.zunoticia.com\/noticias-de-hidalgo\/wp-content\/uploads\/2023\/06\/3-88.png\" alt=\"\" class=\"wp-image-488646\" srcset=\"https:\/\/www.zunoticia.com\/noticias-de-hidalgo\/wp-content\/uploads\/2023\/06\/3-88.png 940w, https:\/\/www.zunoticia.com\/noticias-de-hidalgo\/wp-content\/uploads\/2023\/06\/3-88-300x251.png 300w, https:\/\/www.zunoticia.com\/noticias-de-hidalgo\/wp-content\/uploads\/2023\/06\/3-88-768x644.png 768w\" sizes=\"(max-width: 940px) 100vw, 940px\" \/><\/figure>\n","protected":false},"excerpt":{"rendered":"<p>&gt;&gt;&gt;Comerciantes se accidentaron en el tramo de la carretera federal Huejutla- Atlapexco. Por Francisco Rosas\/Zunoticia Huejutla, Hgo.- Comerciantes huejutlenses que viajaban a bordo de una camioneta, sufrieron una estrepitosa salida de camino y cayeron a un barranco en el tramo de la carretera federal Huejutla-Altlapexco. El accidente ocurri\u00f3 un poco antes de las 07:00 de&hellip; <a class=\"more-link\" href=\"https:\/\/www.zunoticia.com\/noticias-de-hidalgo\/2023\/06\/26\/volcaron-y-cayeron-a-un-barranco\/\">Seguir leyendo <span class=\"screen-reader-text\">Volcaron y cayeron a un barranco<\/span><\/a><\/p>\n","protected":false},"author":20,"featured_media":488645,"comment_status":"closed","ping_status":"open","sticky":false,"template":"","format":"standard","meta":{"rop_custom_images_group":[],"rop_custom_messages_group":[],"rop_publish_now":"initial","rop_publish_now_accounts":{"facebook_10159540855086992_322828327761733":""},"rop_publish_now_history":[],"rop_publish_now_status":"pending","footnotes":""},"categories":[178],"tags":[259],"class_list":["post-488644","post","type-post","status-publish","format-standard","has-post-thumbnail","hentry","category-policiaca","tag-policiaca","entry"],"_links":{"self":[{"href":"https:\/\/www.zunoticia.com\/noticias-de-hidalgo\/wp-json\/wp\/v2\/posts\/488644","targetHints":{"allow":["GET"]}}],"collection":[{"href":"https:\/\/www.zunoticia.com\/noticias-de-hidalgo\/wp-json\/wp\/v2\/posts"}],"about":[{"href":"https:\/\/www.zunoticia.com\/noticias-de-hidalgo\/wp-json\/wp\/v2\/types\/post"}],"author":[{"embeddable":true,"href":"https:\/\/www.zunoticia.com\/noticias-de-hidalgo\/wp-json\/wp\/v2\/users\/20"}],"replies":[{"embeddable":true,"href":"https:\/\/www.zunoticia.com\/noticias-de-hidalgo\/wp-json\/wp\/v2\/comments?post=488644"}],"version-history":[{"count":1,"href":"https:\/\/www.zunoticia.com\/noticias-de-hidalgo\/wp-json\/wp\/v2\/posts\/488644\/revisions"}],"predecessor-version":[{"id":488647,"href":"https:\/\/www.zunoticia.com\/noticias-de-hidalgo\/wp-json\/wp\/v2\/posts\/488644\/revisions\/488647"}],"wp:featuredmedia":[{"embeddable":true,"href":"https:\/\/www.zunoticia.com\/noticias-de-hidalgo\/wp-json\/wp\/v2\/media\/488645"}],"wp:attachment":[{"href":"https:\/\/www.zunoticia.com\/noticias-de-hidalgo\/wp-json\/wp\/v2\/media?parent=488644"}],"wp:term":[{"taxonomy":"category","embeddable":true,"href":"https:\/\/www.zunoticia.com\/noticias-de-hidalgo\/wp-json\/wp\/v2\/categories?post=488644"},{"taxonomy":"post_tag","embeddable":true,"href":"https:\/\/www.zunoticia.com\/noticias-de-hidalgo\/wp-json\/wp\/v2\/tags?post=488644"}],"curies":[{"name":"wp","href":"https:\/\/api.w.org\/{rel}","templated":true}]}}