{"id":488731,"date":"2023-06-26T14:02:39","date_gmt":"2023-06-26T20:02:39","guid":{"rendered":"https:\/\/www.zunoticia.com\/noticias-de-hidalgo\/?p=488731"},"modified":"2023-06-26T14:02:40","modified_gmt":"2023-06-26T20:02:40","slug":"realizan-en-la-secundaria-2-convivencia-cultural","status":"publish","type":"post","link":"https:\/\/www.zunoticia.com\/noticias-de-hidalgo\/2023\/06\/26\/realizan-en-la-secundaria-2-convivencia-cultural\/","title":{"rendered":"Realizan en la Secundaria 2 &#8216;Convivencia Cultural&#8217;"},"content":{"rendered":"<aside class=\"mashsb-container mashsb-main mashsb-stretched\"><div class=\"mashsb-box\"><div class=\"mashsb-count mash-large\" style=\"float:left\"><div class=\"counts mashsbcount\">9<\/div><span class=\"mashsb-sharetext\">SHARES<\/span><\/div><div class=\"mashsb-buttons\"><a class=\"mashicon-facebook mash-large mash-center mashsb-noshadow\" href=\"https:\/\/www.facebook.com\/sharer.php?u=https%3A%2F%2Fwww.zunoticia.com%2Fnoticias-de-hidalgo%2F2023%2F06%2F26%2Frealizan-en-la-secundaria-2-convivencia-cultural%2F\" target=\"_top\" rel=\"nofollow\"><span class=\"icon\"><\/span><span class=\"text\">Share<\/span><\/a><a class=\"mashicon-twitter mash-large mash-center mashsb-noshadow\" href=\"https:\/\/twitter.com\/intent\/tweet?text=&amp;url=https:\/\/www.zunoticia.com\/noticias-de-hidalgo\/2023\/06\/26\/realizan-en-la-secundaria-2-convivencia-cultural\/\" target=\"_top\" rel=\"nofollow\"><span class=\"icon\"><\/span><span class=\"text\">Tweet<\/span><\/a><div class=\"onoffswitch2 mash-large mashsb-noshadow\" style=\"display:none\"><\/div><\/div>\n            <\/div>\n                <div style=\"clear:both\"><\/div><div class=\"mashsb-toggle-container\"><\/div><\/aside>\n            <!-- Share buttons by mashshare.net - Version: 4.0.47-->\n<p><em>Por Enedino Hern\u00e1ndez\/Zunoticia<\/em><\/p>\n\n\n\n<p><strong>Huejutla, Hgo<\/strong>.- Alumnos de la Escuela Secundaria General n\u00famero 2 de esta ciudad de Huejutla de Reyes, realizaron una Convivencia Cultural en donde presentaron vestimentas \u00e9tnicas, gastronom\u00eda, m\u00fasica y di\u00e1logos.<\/p>\n\n\n\n<p>En la Convivencia Cultural se cont\u00f3 con la presencia del director de la instituci\u00f3n educativa, profesor Jorge Arturo Rocha; maestros y los alumnos de primer grado de la asignatura de Geograf\u00eda, quienes de manera organizada previamente se enfocaron en estas actividades.<\/p>\n\n\n\n<p>Se dio a conocer que con todo esto se pretende asumir una actitud de respeto y empat\u00eda hacia la diversidad cultural local, nacional y mundial para poder contribuir a la convivencia intercultural.<\/p>\n\n\n\n<p>Asimismo, se destaca que, la diversidad cultural ha sido todo un proceso hist\u00f3rico en el cual participan diferentes caracter\u00edsticas, para seguir conservando esta diversidad en el \u00e1mbito de globalizaci\u00f3n se ha optado por utilizar dos t\u00e9rminos muy importantes; el primero es conocido como Multiculturalidad, el segundo como Interculturalidad y el tercero Patrimonio cultural.<\/p>\n\n\n\n<p>Adem\u00e1s, se subraya que, en nuestro pa\u00eds existen diversas etnias que se localizan en diferentes Estados de la Rep\u00fablica caracterizada por su lengua, etnia, religi\u00f3n y algunos de estos grupos \u00e9tnicos son los siguientes:<\/p>\n\n\n\n<p>Yaquis: Sonora, Tarahumaras: Chihuahua, Tepehuanos: Durango, Chihuahua y Zacatecas, Huicholes: Jalisco y Nayarit, Pur\u00e9pechas: Michoac\u00e1n, Zapotecas: Oaxaca, Huastecos: Veracruz, Hidalgo y San Luis Potos\u00ed; Mayas: Pen\u00ednsula de Yucat\u00e1n, nahuas: Veracruz, Tlaxcala, Morelos, CDMX, Estado de M\u00e9xico, Guanajuato, Hidalgo, Quer\u00e9taro, Jalisco y Oaxaca, Mixtecos: Oaxaca, Mayos: Sonora.<\/p>\n\n\n\n<p>Finalmente, los alumnos de primer grado, de la asignatura de Geograf\u00eda a cargo del profesor Fernando Hern\u00e1ndez Badillo, presentaron a las diferentes etnias, as\u00ed como su gastronom\u00eda y vestimenta.<\/p>\n\n\n\n<figure class=\"wp-block-gallery has-nested-images columns-default is-cropped wp-block-gallery-1 is-layout-flex wp-block-gallery-is-layout-flex\">\n<figure class=\"wp-block-image size-large\"><img fetchpriority=\"high\" decoding=\"async\" width=\"940\" height=\"788\" data-id=\"488734\" src=\"https:\/\/www.zunoticia.com\/noticias-de-hidalgo\/wp-content\/uploads\/2023\/06\/1-217.png\" alt=\"\" class=\"wp-image-488734\" srcset=\"https:\/\/www.zunoticia.com\/noticias-de-hidalgo\/wp-content\/uploads\/2023\/06\/1-217.png 940w, https:\/\/www.zunoticia.com\/noticias-de-hidalgo\/wp-content\/uploads\/2023\/06\/1-217-300x251.png 300w, https:\/\/www.zunoticia.com\/noticias-de-hidalgo\/wp-content\/uploads\/2023\/06\/1-217-768x644.png 768w\" sizes=\"(max-width: 940px) 100vw, 940px\" \/><\/figure>\n\n\n\n<figure class=\"wp-block-image size-large\"><img decoding=\"async\" width=\"940\" height=\"788\" data-id=\"488733\" src=\"https:\/\/www.zunoticia.com\/noticias-de-hidalgo\/wp-content\/uploads\/2023\/06\/2-225.png\" alt=\"\" class=\"wp-image-488733\" srcset=\"https:\/\/www.zunoticia.com\/noticias-de-hidalgo\/wp-content\/uploads\/2023\/06\/2-225.png 940w, https:\/\/www.zunoticia.com\/noticias-de-hidalgo\/wp-content\/uploads\/2023\/06\/2-225-300x251.png 300w, https:\/\/www.zunoticia.com\/noticias-de-hidalgo\/wp-content\/uploads\/2023\/06\/2-225-768x644.png 768w\" sizes=\"(max-width: 940px) 100vw, 940px\" \/><\/figure>\n<\/figure>\n","protected":false},"excerpt":{"rendered":"<p>Por Enedino Hern\u00e1ndez\/Zunoticia Huejutla, Hgo.- Alumnos de la Escuela Secundaria General n\u00famero 2 de esta ciudad de Huejutla de Reyes, realizaron una Convivencia Cultural en donde presentaron vestimentas \u00e9tnicas, gastronom\u00eda, m\u00fasica y di\u00e1logos. En la Convivencia Cultural se cont\u00f3 con la presencia del director de la instituci\u00f3n educativa, profesor Jorge Arturo Rocha; maestros y los&hellip; <a class=\"more-link\" href=\"https:\/\/www.zunoticia.com\/noticias-de-hidalgo\/2023\/06\/26\/realizan-en-la-secundaria-2-convivencia-cultural\/\">Seguir leyendo <span class=\"screen-reader-text\">Realizan en la Secundaria 2 &#8216;Convivencia Cultural&#8217;<\/span><\/a><\/p>\n","protected":false},"author":20,"featured_media":488732,"comment_status":"closed","ping_status":"open","sticky":false,"template":"","format":"standard","meta":{"rop_custom_images_group":[],"rop_custom_messages_group":[],"rop_publish_now":"initial","rop_publish_now_accounts":{"facebook_10159540855086992_322828327761733":""},"rop_publish_now_history":[],"rop_publish_now_status":"pending","footnotes":""},"categories":[181],"tags":[121],"class_list":["post-488731","post","type-post","status-publish","format-standard","has-post-thumbnail","hentry","category-huejutla","tag-huejutla","entry"],"_links":{"self":[{"href":"https:\/\/www.zunoticia.com\/noticias-de-hidalgo\/wp-json\/wp\/v2\/posts\/488731","targetHints":{"allow":["GET"]}}],"collection":[{"href":"https:\/\/www.zunoticia.com\/noticias-de-hidalgo\/wp-json\/wp\/v2\/posts"}],"about":[{"href":"https:\/\/www.zunoticia.com\/noticias-de-hidalgo\/wp-json\/wp\/v2\/types\/post"}],"author":[{"embeddable":true,"href":"https:\/\/www.zunoticia.com\/noticias-de-hidalgo\/wp-json\/wp\/v2\/users\/20"}],"replies":[{"embeddable":true,"href":"https:\/\/www.zunoticia.com\/noticias-de-hidalgo\/wp-json\/wp\/v2\/comments?post=488731"}],"version-history":[{"count":1,"href":"https:\/\/www.zunoticia.com\/noticias-de-hidalgo\/wp-json\/wp\/v2\/posts\/488731\/revisions"}],"predecessor-version":[{"id":488735,"href":"https:\/\/www.zunoticia.com\/noticias-de-hidalgo\/wp-json\/wp\/v2\/posts\/488731\/revisions\/488735"}],"wp:featuredmedia":[{"embeddable":true,"href":"https:\/\/www.zunoticia.com\/noticias-de-hidalgo\/wp-json\/wp\/v2\/media\/488732"}],"wp:attachment":[{"href":"https:\/\/www.zunoticia.com\/noticias-de-hidalgo\/wp-json\/wp\/v2\/media?parent=488731"}],"wp:term":[{"taxonomy":"category","embeddable":true,"href":"https:\/\/www.zunoticia.com\/noticias-de-hidalgo\/wp-json\/wp\/v2\/categories?post=488731"},{"taxonomy":"post_tag","embeddable":true,"href":"https:\/\/www.zunoticia.com\/noticias-de-hidalgo\/wp-json\/wp\/v2\/tags?post=488731"}],"curies":[{"name":"wp","href":"https:\/\/api.w.org\/{rel}","templated":true}]}}