{"id":488779,"date":"2023-06-26T16:32:04","date_gmt":"2023-06-26T22:32:04","guid":{"rendered":"https:\/\/www.zunoticia.com\/noticias-de-hidalgo\/?p=488779"},"modified":"2023-06-26T16:32:05","modified_gmt":"2023-06-26T22:32:05","slug":"coordinan-trabajos-los-tres-niveles-de-gobierno-para-atender-las-demandas-de-la-poblacion","status":"publish","type":"post","link":"https:\/\/www.zunoticia.com\/noticias-de-hidalgo\/2023\/06\/26\/coordinan-trabajos-los-tres-niveles-de-gobierno-para-atender-las-demandas-de-la-poblacion\/","title":{"rendered":"Coordinan trabajos los tres niveles de gobierno&nbsp;para atender las demandas de la poblaci\u00f3n"},"content":{"rendered":"<aside class=\"mashsb-container mashsb-main mashsb-stretched\"><div class=\"mashsb-box\"><div class=\"mashsb-count mash-large\" style=\"float:left\"><div class=\"counts mashsbcount\">17<\/div><span class=\"mashsb-sharetext\">SHARES<\/span><\/div><div class=\"mashsb-buttons\"><a class=\"mashicon-facebook mash-large mash-center mashsb-noshadow\" href=\"https:\/\/www.facebook.com\/sharer.php?u=https%3A%2F%2Fwww.zunoticia.com%2Fnoticias-de-hidalgo%2F2023%2F06%2F26%2Fcoordinan-trabajos-los-tres-niveles-de-gobierno-para-atender-las-demandas-de-la-poblacion%2F\" target=\"_top\" rel=\"nofollow\"><span class=\"icon\"><\/span><span class=\"text\">Share<\/span><\/a><a class=\"mashicon-twitter mash-large mash-center mashsb-noshadow\" href=\"https:\/\/twitter.com\/intent\/tweet?text=&amp;url=https:\/\/www.zunoticia.com\/noticias-de-hidalgo\/2023\/06\/26\/coordinan-trabajos-los-tres-niveles-de-gobierno-para-atender-las-demandas-de-la-poblacion\/\" target=\"_top\" rel=\"nofollow\"><span class=\"icon\"><\/span><span class=\"text\">Tweet<\/span><\/a><div class=\"onoffswitch2 mash-large mashsb-noshadow\" style=\"display:none\"><\/div><\/div>\n            <\/div>\n                <div style=\"clear:both\"><\/div><div class=\"mashsb-toggle-container\"><\/div><\/aside>\n            <!-- Share buttons by mashshare.net - Version: 4.0.47-->\n<p>Por Redacci\u00f3n\/Zunoticia<\/p>\n\n\n\n<p><strong>Pachuca de Soto, Hgo<\/strong>.- La administraci\u00f3n que encabeza Julio Menchaca Salazar tiene como prioridad el desarrollo y bienestar de todos los sectores sociales, y para ello ha instruido a su gabinete escuchar las demandas m\u00e1s sentidas en cada rinc\u00f3n de la entidad.<\/p>\n\n\n\n<p>En ese sentido, al presidir la Mesa de Acercamiento a la Poblaci\u00f3n para las colonias Las Arboledas, El Para\u00edso y Guadalupe del municipio de Tulancingo, el secretario de Gobierno, Guillermo Olivares Reyna, record\u00f3 que los tres niveles de gobierno deben trabajar de manera coordinada para atender las demandas de la poblaci\u00f3n.<\/p>\n\n\n\n<p>La se\u00f1ora Mar\u00eda Teresa Ib\u00e1\u00f1ez Jim\u00e9nez, quien tiene una discapacidad visual, pide apoyo para una cirug\u00eda, ya que, dijo, adem\u00e1s de las afecciones que padece, la intervenci\u00f3n quir\u00fargica es muy costosa. En cuanto a la gesti\u00f3n del mandatario estatal se\u00f1al\u00f3: \u201cHasta ahorita me ha gustado su administraci\u00f3n\u201d.&nbsp;<\/p>\n\n\n\n<p>Mientras que Yolanda Aguirre \u00c1lvarez pidi\u00f3 que apoyen a su hijo, pues padece esquizofrenia y necesita que lo internen para as\u00ed recibir la atenci\u00f3n adecuada y pueda estabilizarse. Respecto al titular del Ejecutivo, consider\u00f3 que su trabajo es excelente: \u201cHa trabajado muy bien, mis respetos para \u00e9l, es un hombre admirable, es muy bueno. Cuando puede, s\u00ed apoya\u201d.<\/p>\n\n\n\n<p>Es a trav\u00e9s de la cercan\u00eda con las y los hidalguenses, as\u00ed como de la respuesta inmediata a sus demandas, que se cumple con la m\u00e1xima que rige al actual gobierno: \u201cPrimero el pueblo\u201d.<\/p>\n\n\n\n<figure class=\"wp-block-image size-full\"><img fetchpriority=\"high\" decoding=\"async\" width=\"940\" height=\"788\" src=\"https:\/\/www.zunoticia.com\/noticias-de-hidalgo\/wp-content\/uploads\/2023\/06\/2-228.png\" alt=\"\" class=\"wp-image-488781\" srcset=\"https:\/\/www.zunoticia.com\/noticias-de-hidalgo\/wp-content\/uploads\/2023\/06\/2-228.png 940w, https:\/\/www.zunoticia.com\/noticias-de-hidalgo\/wp-content\/uploads\/2023\/06\/2-228-300x251.png 300w, https:\/\/www.zunoticia.com\/noticias-de-hidalgo\/wp-content\/uploads\/2023\/06\/2-228-768x644.png 768w\" sizes=\"(max-width: 940px) 100vw, 940px\" \/><\/figure>\n","protected":false},"excerpt":{"rendered":"<p>Por Redacci\u00f3n\/Zunoticia Pachuca de Soto, Hgo.- La administraci\u00f3n que encabeza Julio Menchaca Salazar tiene como prioridad el desarrollo y bienestar de todos los sectores sociales, y para ello ha instruido a su gabinete escuchar las demandas m\u00e1s sentidas en cada rinc\u00f3n de la entidad. En ese sentido, al presidir la Mesa de Acercamiento a la&hellip; <a class=\"more-link\" href=\"https:\/\/www.zunoticia.com\/noticias-de-hidalgo\/2023\/06\/26\/coordinan-trabajos-los-tres-niveles-de-gobierno-para-atender-las-demandas-de-la-poblacion\/\">Seguir leyendo <span class=\"screen-reader-text\">Coordinan trabajos los tres niveles de gobierno&nbsp;para atender las demandas de la poblaci\u00f3n<\/span><\/a><\/p>\n","protected":false},"author":20,"featured_media":488780,"comment_status":"closed","ping_status":"open","sticky":false,"template":"","format":"standard","meta":{"rop_custom_images_group":[],"rop_custom_messages_group":[],"rop_publish_now":"initial","rop_publish_now_accounts":{"facebook_10159540855086992_322828327761733":""},"rop_publish_now_history":[],"rop_publish_now_status":"pending","footnotes":""},"categories":[208],"tags":[214],"class_list":["post-488779","post","type-post","status-publish","format-standard","has-post-thumbnail","hentry","category-estado","tag-estado","entry"],"_links":{"self":[{"href":"https:\/\/www.zunoticia.com\/noticias-de-hidalgo\/wp-json\/wp\/v2\/posts\/488779","targetHints":{"allow":["GET"]}}],"collection":[{"href":"https:\/\/www.zunoticia.com\/noticias-de-hidalgo\/wp-json\/wp\/v2\/posts"}],"about":[{"href":"https:\/\/www.zunoticia.com\/noticias-de-hidalgo\/wp-json\/wp\/v2\/types\/post"}],"author":[{"embeddable":true,"href":"https:\/\/www.zunoticia.com\/noticias-de-hidalgo\/wp-json\/wp\/v2\/users\/20"}],"replies":[{"embeddable":true,"href":"https:\/\/www.zunoticia.com\/noticias-de-hidalgo\/wp-json\/wp\/v2\/comments?post=488779"}],"version-history":[{"count":1,"href":"https:\/\/www.zunoticia.com\/noticias-de-hidalgo\/wp-json\/wp\/v2\/posts\/488779\/revisions"}],"predecessor-version":[{"id":488782,"href":"https:\/\/www.zunoticia.com\/noticias-de-hidalgo\/wp-json\/wp\/v2\/posts\/488779\/revisions\/488782"}],"wp:featuredmedia":[{"embeddable":true,"href":"https:\/\/www.zunoticia.com\/noticias-de-hidalgo\/wp-json\/wp\/v2\/media\/488780"}],"wp:attachment":[{"href":"https:\/\/www.zunoticia.com\/noticias-de-hidalgo\/wp-json\/wp\/v2\/media?parent=488779"}],"wp:term":[{"taxonomy":"category","embeddable":true,"href":"https:\/\/www.zunoticia.com\/noticias-de-hidalgo\/wp-json\/wp\/v2\/categories?post=488779"},{"taxonomy":"post_tag","embeddable":true,"href":"https:\/\/www.zunoticia.com\/noticias-de-hidalgo\/wp-json\/wp\/v2\/tags?post=488779"}],"curies":[{"name":"wp","href":"https:\/\/api.w.org\/{rel}","templated":true}]}}