{"id":488816,"date":"2023-06-26T17:51:22","date_gmt":"2023-06-26T23:51:22","guid":{"rendered":"https:\/\/www.zunoticia.com\/noticias-de-hidalgo\/?p=488816"},"modified":"2023-06-26T17:51:23","modified_gmt":"2023-06-26T23:51:23","slug":"todo-listo-para-celebrar-el-aniversario-de-fundacion-de-ahuatitla","status":"publish","type":"post","link":"https:\/\/www.zunoticia.com\/noticias-de-hidalgo\/2023\/06\/26\/todo-listo-para-celebrar-el-aniversario-de-fundacion-de-ahuatitla\/","title":{"rendered":"Todo listo para celebrar el aniversario de fundaci\u00f3n de Ahuatitla"},"content":{"rendered":"<aside class=\"mashsb-container mashsb-main mashsb-stretched\"><div class=\"mashsb-box\"><div class=\"mashsb-count mash-large\" style=\"float:left\"><div class=\"counts mashsbcount\">23<\/div><span class=\"mashsb-sharetext\">SHARES<\/span><\/div><div class=\"mashsb-buttons\"><a class=\"mashicon-facebook mash-large mash-center mashsb-noshadow\" href=\"https:\/\/www.facebook.com\/sharer.php?u=https%3A%2F%2Fwww.zunoticia.com%2Fnoticias-de-hidalgo%2F2023%2F06%2F26%2Ftodo-listo-para-celebrar-el-aniversario-de-fundacion-de-ahuatitla%2F\" target=\"_top\" rel=\"nofollow\"><span class=\"icon\"><\/span><span class=\"text\">Share<\/span><\/a><a class=\"mashicon-twitter mash-large mash-center mashsb-noshadow\" href=\"https:\/\/twitter.com\/intent\/tweet?text=&amp;url=https:\/\/www.zunoticia.com\/noticias-de-hidalgo\/2023\/06\/26\/todo-listo-para-celebrar-el-aniversario-de-fundacion-de-ahuatitla\/\" target=\"_top\" rel=\"nofollow\"><span class=\"icon\"><\/span><span class=\"text\">Tweet<\/span><\/a><div class=\"onoffswitch2 mash-large mashsb-noshadow\" style=\"display:none\"><\/div><\/div>\n            <\/div>\n                <div style=\"clear:both\"><\/div><div class=\"mashsb-toggle-container\"><\/div><\/aside>\n            <!-- Share buttons by mashshare.net - Version: 4.0.47-->\n<p><em>Por \u00c1ngel Silverio\/ Zunoticia<\/em><\/p>\n\n\n\n<p><strong>San Felipe Orizatl\u00e1n, Hgo<\/strong>.- Todo listo se encuentra ya para llevar a cabo la conmemoraci\u00f3n del 62 aniversario de la fundaci\u00f3n de la delegaci\u00f3n de Ahuatitla, por lo que las autoridades nuevamente recordaron la invitaci\u00f3n a todos los habitantes y comunidades circunvecinas a asistir y ser parte de este festejo que se tiene preparado para todos los nativos de esta comunidad y los visitantes.<\/p>\n\n\n\n<p>Francisco Hern\u00e1ndez y su comitiva delegacional, informaron que se tiene todo listo para festejar un aniversario m\u00e1s de la erecci\u00f3n de la Ahuatitla, siendo esta una de las comunidades m\u00e1s importantes del municipio de San Felipe Orizatl\u00e1n, por ello la intenci\u00f3n de hacer un gran evento, con la ayuda de mucha gente entusiasta.<\/p>\n\n\n\n<p>&#8220;Vamos a tener un programa cultural donde se estar\u00e1 llevando a cabo la participaci\u00f3n de las escuelas, as\u00ed tambi\u00e9n vamos a dar inicio con un desfile desde el arco donde inicia nuestra comunidad, hasta llegar a la delegaci\u00f3n; tambi\u00e9n se habr\u00e1 de amenizar estos eventos con m\u00fasica de la regi\u00f3n y un super baile para todos, una expo de aparatos y art\u00edculos antiguos&#8221; indic\u00f3.<\/p>\n\n\n\n<p>La cita es este pr\u00f3ximo 30 de junio, y se estar\u00e1 dando inicio desde las 17:00 horas, concentr\u00e1ndose en el arco de la delegaci\u00f3n, para posteriormente continuar con el desfile y dar inicio a estos festejos.<\/p>\n","protected":false},"excerpt":{"rendered":"<p>Por \u00c1ngel Silverio\/ Zunoticia San Felipe Orizatl\u00e1n, Hgo.- Todo listo se encuentra ya para llevar a cabo la conmemoraci\u00f3n del 62 aniversario de la fundaci\u00f3n de la delegaci\u00f3n de Ahuatitla, por lo que las autoridades nuevamente recordaron la invitaci\u00f3n a todos los habitantes y comunidades circunvecinas a asistir y ser parte de este festejo que&hellip; <a class=\"more-link\" href=\"https:\/\/www.zunoticia.com\/noticias-de-hidalgo\/2023\/06\/26\/todo-listo-para-celebrar-el-aniversario-de-fundacion-de-ahuatitla\/\">Seguir leyendo <span class=\"screen-reader-text\">Todo listo para celebrar el aniversario de fundaci\u00f3n de Ahuatitla<\/span><\/a><\/p>\n","protected":false},"author":20,"featured_media":488817,"comment_status":"closed","ping_status":"open","sticky":false,"template":"","format":"standard","meta":{"rop_custom_images_group":[],"rop_custom_messages_group":[],"rop_publish_now":"initial","rop_publish_now_accounts":{"facebook_10159540855086992_322828327761733":""},"rop_publish_now_history":[],"rop_publish_now_status":"pending","footnotes":""},"categories":[180],"tags":[129],"class_list":["post-488816","post","type-post","status-publish","format-standard","has-post-thumbnail","hentry","category-orizatlan","tag-orizatlan","entry"],"_links":{"self":[{"href":"https:\/\/www.zunoticia.com\/noticias-de-hidalgo\/wp-json\/wp\/v2\/posts\/488816","targetHints":{"allow":["GET"]}}],"collection":[{"href":"https:\/\/www.zunoticia.com\/noticias-de-hidalgo\/wp-json\/wp\/v2\/posts"}],"about":[{"href":"https:\/\/www.zunoticia.com\/noticias-de-hidalgo\/wp-json\/wp\/v2\/types\/post"}],"author":[{"embeddable":true,"href":"https:\/\/www.zunoticia.com\/noticias-de-hidalgo\/wp-json\/wp\/v2\/users\/20"}],"replies":[{"embeddable":true,"href":"https:\/\/www.zunoticia.com\/noticias-de-hidalgo\/wp-json\/wp\/v2\/comments?post=488816"}],"version-history":[{"count":1,"href":"https:\/\/www.zunoticia.com\/noticias-de-hidalgo\/wp-json\/wp\/v2\/posts\/488816\/revisions"}],"predecessor-version":[{"id":488818,"href":"https:\/\/www.zunoticia.com\/noticias-de-hidalgo\/wp-json\/wp\/v2\/posts\/488816\/revisions\/488818"}],"wp:featuredmedia":[{"embeddable":true,"href":"https:\/\/www.zunoticia.com\/noticias-de-hidalgo\/wp-json\/wp\/v2\/media\/488817"}],"wp:attachment":[{"href":"https:\/\/www.zunoticia.com\/noticias-de-hidalgo\/wp-json\/wp\/v2\/media?parent=488816"}],"wp:term":[{"taxonomy":"category","embeddable":true,"href":"https:\/\/www.zunoticia.com\/noticias-de-hidalgo\/wp-json\/wp\/v2\/categories?post=488816"},{"taxonomy":"post_tag","embeddable":true,"href":"https:\/\/www.zunoticia.com\/noticias-de-hidalgo\/wp-json\/wp\/v2\/tags?post=488816"}],"curies":[{"name":"wp","href":"https:\/\/api.w.org\/{rel}","templated":true}]}}