{"id":488845,"date":"2023-06-26T19:04:25","date_gmt":"2023-06-27T01:04:25","guid":{"rendered":"https:\/\/www.zunoticia.com\/noticias-de-hidalgo\/?p=488845"},"modified":"2023-06-26T19:04:26","modified_gmt":"2023-06-27T01:04:26","slug":"ventas-raquiticas-en-fiestas-patronales-por-nula-difusion","status":"publish","type":"post","link":"https:\/\/www.zunoticia.com\/noticias-de-hidalgo\/2023\/06\/26\/ventas-raquiticas-en-fiestas-patronales-por-nula-difusion\/","title":{"rendered":"Ventas raqu\u00edticas en Fiestas patronales por nula difusi\u00f3n"},"content":{"rendered":"<aside class=\"mashsb-container mashsb-main mashsb-stretched\"><div class=\"mashsb-box\"><div class=\"mashsb-count mash-large\" style=\"float:left\"><div class=\"counts mashsbcount\">28<\/div><span class=\"mashsb-sharetext\">SHARES<\/span><\/div><div class=\"mashsb-buttons\"><a class=\"mashicon-facebook mash-large mash-center mashsb-noshadow\" href=\"https:\/\/www.facebook.com\/sharer.php?u=https%3A%2F%2Fwww.zunoticia.com%2Fnoticias-de-hidalgo%2F2023%2F06%2F26%2Fventas-raquiticas-en-fiestas-patronales-por-nula-difusion%2F\" target=\"_top\" rel=\"nofollow\"><span class=\"icon\"><\/span><span class=\"text\">Share<\/span><\/a><a class=\"mashicon-twitter mash-large mash-center mashsb-noshadow\" href=\"https:\/\/twitter.com\/intent\/tweet?text=&amp;url=https:\/\/www.zunoticia.com\/noticias-de-hidalgo\/2023\/06\/26\/ventas-raquiticas-en-fiestas-patronales-por-nula-difusion\/\" target=\"_top\" rel=\"nofollow\"><span class=\"icon\"><\/span><span class=\"text\">Tweet<\/span><\/a><div class=\"onoffswitch2 mash-large mashsb-noshadow\" style=\"display:none\"><\/div><\/div>\n            <\/div>\n                <div style=\"clear:both\"><\/div><div class=\"mashsb-toggle-container\"><\/div><\/aside>\n            <!-- Share buttons by mashshare.net - Version: 4.0.47-->\n<p><em>Por \u00c1ngel Silverio\/ Zunoticia<\/em><\/p>\n\n\n\n<p><strong>Jaltoc\u00e1n, Hgo<\/strong>.- Un ligero repunte de ventas se tuvo durante los d\u00edas en que se llev\u00f3 a cabo las fiestas patronales del municipio,&nbsp; sin embargo, no fueron lo que se esperaba, seg\u00fan indicaron los propios comerciantes, debido a la nula difusi\u00f3n que se le dio por parte del ayuntamiento.<\/p>\n\n\n\n<p>&#8220;El representante del comercio en este lugar, Lucio Romero Hern\u00e1ndez, lament\u00f3 que el ayuntamiento no haya promocionado estas fiestas en los medios de comunicaci\u00f3n, ni en las propias redes sociales del ayuntamiento; pues esto, aunque no lo pareciera s\u00ed se vio reflejado, ya que muy poca gente fue la que acudi\u00f3 a disfrutar de las fiestas.<\/p>\n\n\n\n<p>&#8220;Pues no fue lo que esper\u00e1bamos, porque hubo muy poca afluencia, si acaso pues solo estuvieron los que habitamos aqu\u00ed en la en la zona centro o en los barrios de aqu\u00ed de la cabecera municipal, de comunidades cercanas como Vinazco y Huichapa, pero de ah\u00ed en fuera, no vino gente de otro lado; porque no se le dio la difusi\u00f3n como anteriormente se hac\u00eda, incluso ni en las propias redes del ayuntamiento y eso se ve reflejado ahorita en nuestras ventas&#8221; explic\u00f3.<\/p>\n\n\n\n<p>En este sentido, dijo que, no hay apoyo al comercio ni siquiera de manera indirecta, pues con las fiestas patronales se pod\u00eda \u2018salir del hoyo\u2019 del cual la pandemia no les ha permitido avanzar.<\/p>\n","protected":false},"excerpt":{"rendered":"<p>Por \u00c1ngel Silverio\/ Zunoticia Jaltoc\u00e1n, Hgo.- Un ligero repunte de ventas se tuvo durante los d\u00edas en que se llev\u00f3 a cabo las fiestas patronales del municipio,&nbsp; sin embargo, no fueron lo que se esperaba, seg\u00fan indicaron los propios comerciantes, debido a la nula difusi\u00f3n que se le dio por parte del ayuntamiento. &#8220;El representante&hellip; <a class=\"more-link\" href=\"https:\/\/www.zunoticia.com\/noticias-de-hidalgo\/2023\/06\/26\/ventas-raquiticas-en-fiestas-patronales-por-nula-difusion\/\">Seguir leyendo <span class=\"screen-reader-text\">Ventas raqu\u00edticas en Fiestas patronales por nula difusi\u00f3n<\/span><\/a><\/p>\n","protected":false},"author":20,"featured_media":488846,"comment_status":"closed","ping_status":"open","sticky":false,"template":"","format":"standard","meta":{"rop_custom_images_group":[],"rop_custom_messages_group":[],"rop_publish_now":"initial","rop_publish_now_accounts":{"facebook_10159540855086992_322828327761733":""},"rop_publish_now_history":[],"rop_publish_now_status":"pending","footnotes":""},"categories":[200],"tags":[131],"class_list":["post-488845","post","type-post","status-publish","format-standard","has-post-thumbnail","hentry","category-jaltocan","tag-jaltocan","entry"],"_links":{"self":[{"href":"https:\/\/www.zunoticia.com\/noticias-de-hidalgo\/wp-json\/wp\/v2\/posts\/488845","targetHints":{"allow":["GET"]}}],"collection":[{"href":"https:\/\/www.zunoticia.com\/noticias-de-hidalgo\/wp-json\/wp\/v2\/posts"}],"about":[{"href":"https:\/\/www.zunoticia.com\/noticias-de-hidalgo\/wp-json\/wp\/v2\/types\/post"}],"author":[{"embeddable":true,"href":"https:\/\/www.zunoticia.com\/noticias-de-hidalgo\/wp-json\/wp\/v2\/users\/20"}],"replies":[{"embeddable":true,"href":"https:\/\/www.zunoticia.com\/noticias-de-hidalgo\/wp-json\/wp\/v2\/comments?post=488845"}],"version-history":[{"count":1,"href":"https:\/\/www.zunoticia.com\/noticias-de-hidalgo\/wp-json\/wp\/v2\/posts\/488845\/revisions"}],"predecessor-version":[{"id":488847,"href":"https:\/\/www.zunoticia.com\/noticias-de-hidalgo\/wp-json\/wp\/v2\/posts\/488845\/revisions\/488847"}],"wp:featuredmedia":[{"embeddable":true,"href":"https:\/\/www.zunoticia.com\/noticias-de-hidalgo\/wp-json\/wp\/v2\/media\/488846"}],"wp:attachment":[{"href":"https:\/\/www.zunoticia.com\/noticias-de-hidalgo\/wp-json\/wp\/v2\/media?parent=488845"}],"wp:term":[{"taxonomy":"category","embeddable":true,"href":"https:\/\/www.zunoticia.com\/noticias-de-hidalgo\/wp-json\/wp\/v2\/categories?post=488845"},{"taxonomy":"post_tag","embeddable":true,"href":"https:\/\/www.zunoticia.com\/noticias-de-hidalgo\/wp-json\/wp\/v2\/tags?post=488845"}],"curies":[{"name":"wp","href":"https:\/\/api.w.org\/{rel}","templated":true}]}}