{"id":488849,"date":"2023-06-26T19:46:45","date_gmt":"2023-06-27T01:46:45","guid":{"rendered":"https:\/\/www.zunoticia.com\/noticias-de-hidalgo\/?p=488849"},"modified":"2023-06-26T19:46:46","modified_gmt":"2023-06-27T01:46:46","slug":"esperan-que-onda-tropical-provoque-lluvias-en-la-huasteca-pc","status":"publish","type":"post","link":"https:\/\/www.zunoticia.com\/noticias-de-hidalgo\/2023\/06\/26\/esperan-que-onda-tropical-provoque-lluvias-en-la-huasteca-pc\/","title":{"rendered":"Esperan que Onda Tropical provoque lluvias en la huasteca: PC"},"content":{"rendered":"<aside class=\"mashsb-container mashsb-main mashsb-stretched\"><div class=\"mashsb-box\"><div class=\"mashsb-count mash-large\" style=\"float:left\"><div class=\"counts mashsbcount\">13<\/div><span class=\"mashsb-sharetext\">SHARES<\/span><\/div><div class=\"mashsb-buttons\"><a class=\"mashicon-facebook mash-large mash-center mashsb-noshadow\" href=\"https:\/\/www.facebook.com\/sharer.php?u=https%3A%2F%2Fwww.zunoticia.com%2Fnoticias-de-hidalgo%2F2023%2F06%2F26%2Fesperan-que-onda-tropical-provoque-lluvias-en-la-huasteca-pc%2F\" target=\"_top\" rel=\"nofollow\"><span class=\"icon\"><\/span><span class=\"text\">Share<\/span><\/a><a class=\"mashicon-twitter mash-large mash-center mashsb-noshadow\" href=\"https:\/\/twitter.com\/intent\/tweet?text=&amp;url=https:\/\/www.zunoticia.com\/noticias-de-hidalgo\/2023\/06\/26\/esperan-que-onda-tropical-provoque-lluvias-en-la-huasteca-pc\/\" target=\"_top\" rel=\"nofollow\"><span class=\"icon\"><\/span><span class=\"text\">Tweet<\/span><\/a><div class=\"onoffswitch2 mash-large mashsb-noshadow\" style=\"display:none\"><\/div><\/div>\n            <\/div>\n                <div style=\"clear:both\"><\/div><div class=\"mashsb-toggle-container\"><\/div><\/aside>\n            <!-- Share buttons by mashshare.net - Version: 4.0.47-->\n<p><em>Por Enedino Hern\u00e1ndez\/Zunoticia<\/em><\/p>\n\n\n\n<p><strong>Huejutla, Hgo.-<\/strong> Con la entrada de la Onda Tropical n\u00famero 7 se esperan lluvias intensas en algunos puntos del pa\u00eds y en la regi\u00f3n, confirma el responsable de la Coordinaci\u00f3n Regional de Protecci\u00f3n Civil de la Subsecretar\u00eda de Gobierno en la Huasteca, H\u00e9ctor Hilario Manuel.<\/p>\n\n\n\n<p>Expone que, desde el fin de semana ya se han registrado algunas lluvias en esta zona, por lo que debemos mantenernos atentos, no exponernos y seguir puntualmente con las recomendaciones que emitan las autoridades competentes.<\/p>\n\n\n\n<p>Insiste que, la poblaci\u00f3n deber\u00e1 de permanecer muy atenta ante cualquier informaci\u00f3n o recomendaci\u00f3n que se vaya dando, ya sea por medio de Protecci\u00f3n Civil del Estado, de los directores de Protecci\u00f3n Civil de los municipios y de Protecci\u00f3n Civil Regional de la Subsecretaria de Gobierno en la Huasteca.<\/p>\n\n\n\n<p>Asegur\u00f3 que, como Protecci\u00f3n Civil en la Huasteca se mantienen atentos durante las 24 horas del d\u00eda, sobre todo, se mantienen en comunicaci\u00f3n con cada uno de los municipios del estado, especialmente con los 9 municipios que corresponden a la regi\u00f3n Huasteca.<\/p>\n\n\n\n<p>A\u00f1ade que, para la zona Huasteca se contemplan en estos d\u00edas algunas lluvias ligeras, m\u00e1s no en toda la regi\u00f3n, algunas ya se presentaron en la zona de Tehuetl\u00e1n, San Felipe Orizatl\u00e1n, Xochiatipan, Huazalingo, entre otros.<\/p>\n\n\n\n<p>H\u00e9ctor Hilario Manuel hace un llamado a la poblaci\u00f3n a mantenerse atentos ante cualquier recomendaci\u00f3n, a mantener la calma ante cualquier situaci\u00f3n, y que sepan que personal de Protecci\u00f3n Civil siempre est\u00e1 al pendiente, las 24 horas del d\u00eda.<\/p>\n","protected":false},"excerpt":{"rendered":"<p>Por Enedino Hern\u00e1ndez\/Zunoticia Huejutla, Hgo.- Con la entrada de la Onda Tropical n\u00famero 7 se esperan lluvias intensas en algunos puntos del pa\u00eds y en la regi\u00f3n, confirma el responsable de la Coordinaci\u00f3n Regional de Protecci\u00f3n Civil de la Subsecretar\u00eda de Gobierno en la Huasteca, H\u00e9ctor Hilario Manuel. Expone que, desde el fin de semana&hellip; <a class=\"more-link\" href=\"https:\/\/www.zunoticia.com\/noticias-de-hidalgo\/2023\/06\/26\/esperan-que-onda-tropical-provoque-lluvias-en-la-huasteca-pc\/\">Seguir leyendo <span class=\"screen-reader-text\">Esperan que Onda Tropical provoque lluvias en la huasteca: PC<\/span><\/a><\/p>\n","protected":false},"author":12,"featured_media":488856,"comment_status":"closed","ping_status":"open","sticky":false,"template":"","format":"standard","meta":{"rop_custom_images_group":[],"rop_custom_messages_group":[],"rop_publish_now":"initial","rop_publish_now_accounts":{"facebook_10159540855086992_322828327761733":""},"rop_publish_now_history":[],"rop_publish_now_status":"pending","footnotes":""},"categories":[181],"tags":[121],"class_list":["post-488849","post","type-post","status-publish","format-standard","has-post-thumbnail","hentry","category-huejutla","tag-huejutla","entry"],"_links":{"self":[{"href":"https:\/\/www.zunoticia.com\/noticias-de-hidalgo\/wp-json\/wp\/v2\/posts\/488849","targetHints":{"allow":["GET"]}}],"collection":[{"href":"https:\/\/www.zunoticia.com\/noticias-de-hidalgo\/wp-json\/wp\/v2\/posts"}],"about":[{"href":"https:\/\/www.zunoticia.com\/noticias-de-hidalgo\/wp-json\/wp\/v2\/types\/post"}],"author":[{"embeddable":true,"href":"https:\/\/www.zunoticia.com\/noticias-de-hidalgo\/wp-json\/wp\/v2\/users\/12"}],"replies":[{"embeddable":true,"href":"https:\/\/www.zunoticia.com\/noticias-de-hidalgo\/wp-json\/wp\/v2\/comments?post=488849"}],"version-history":[{"count":1,"href":"https:\/\/www.zunoticia.com\/noticias-de-hidalgo\/wp-json\/wp\/v2\/posts\/488849\/revisions"}],"predecessor-version":[{"id":488857,"href":"https:\/\/www.zunoticia.com\/noticias-de-hidalgo\/wp-json\/wp\/v2\/posts\/488849\/revisions\/488857"}],"wp:featuredmedia":[{"embeddable":true,"href":"https:\/\/www.zunoticia.com\/noticias-de-hidalgo\/wp-json\/wp\/v2\/media\/488856"}],"wp:attachment":[{"href":"https:\/\/www.zunoticia.com\/noticias-de-hidalgo\/wp-json\/wp\/v2\/media?parent=488849"}],"wp:term":[{"taxonomy":"category","embeddable":true,"href":"https:\/\/www.zunoticia.com\/noticias-de-hidalgo\/wp-json\/wp\/v2\/categories?post=488849"},{"taxonomy":"post_tag","embeddable":true,"href":"https:\/\/www.zunoticia.com\/noticias-de-hidalgo\/wp-json\/wp\/v2\/tags?post=488849"}],"curies":[{"name":"wp","href":"https:\/\/api.w.org\/{rel}","templated":true}]}}