{"id":488879,"date":"2023-06-26T21:45:32","date_gmt":"2023-06-27T03:45:32","guid":{"rendered":"https:\/\/www.zunoticia.com\/noticias-de-hidalgo\/?p=488879"},"modified":"2023-06-26T21:45:34","modified_gmt":"2023-06-27T03:45:34","slug":"acuerdan-etapas-para-elegir-al-responsable-nacional-para-la-construccion-del-frente-amplio-por-mexico","status":"publish","type":"post","link":"https:\/\/www.zunoticia.com\/noticias-de-hidalgo\/2023\/06\/26\/acuerdan-etapas-para-elegir-al-responsable-nacional-para-la-construccion-del-frente-amplio-por-mexico\/","title":{"rendered":"Acuerdan etapas para elegir al responsable nacional para la construcci\u00f3n del Frente Amplio por M\u00e9xico"},"content":{"rendered":"<aside class=\"mashsb-container mashsb-main mashsb-stretched\"><div class=\"mashsb-box\"><div class=\"mashsb-count mash-large\" style=\"float:left\"><div class=\"counts mashsbcount\">26<\/div><span class=\"mashsb-sharetext\">SHARES<\/span><\/div><div class=\"mashsb-buttons\"><a class=\"mashicon-facebook mash-large mash-center mashsb-noshadow\" href=\"https:\/\/www.facebook.com\/sharer.php?u=https%3A%2F%2Fwww.zunoticia.com%2Fnoticias-de-hidalgo%2F2023%2F06%2F26%2Facuerdan-etapas-para-elegir-al-responsable-nacional-para-la-construccion-del-frente-amplio-por-mexico%2F\" target=\"_top\" rel=\"nofollow\"><span class=\"icon\"><\/span><span class=\"text\">Share<\/span><\/a><a class=\"mashicon-twitter mash-large mash-center mashsb-noshadow\" href=\"https:\/\/twitter.com\/intent\/tweet?text=&amp;url=https:\/\/www.zunoticia.com\/noticias-de-hidalgo\/2023\/06\/26\/acuerdan-etapas-para-elegir-al-responsable-nacional-para-la-construccion-del-frente-amplio-por-mexico\/\" target=\"_top\" rel=\"nofollow\"><span class=\"icon\"><\/span><span class=\"text\">Tweet<\/span><\/a><div class=\"onoffswitch2 mash-large mashsb-noshadow\" style=\"display:none\"><\/div><\/div>\n            <\/div>\n                <div style=\"clear:both\"><\/div><div class=\"mashsb-toggle-container\"><\/div><\/aside>\n            <!-- Share buttons by mashshare.net - Version: 4.0.47-->\n<ul class=\"wp-block-list\">\n<li>El proceso constar\u00e1 de tres etapas de selecci\u00f3n, donde quienes aspiren se ir\u00e1n sumando en cada una de ellas hasta definir el responsable del Frente Amplio por M\u00e9xico.<\/li>\n<\/ul>\n\n\n\n<p><em>Por <\/em><em>Redacci\u00f3n\/Zunoticia<\/em><em><\/em><\/p>\n\n\n\n<p><strong>Ciudad de M\u00e9xico<\/strong><strong>.<\/strong> Los partidos Acci\u00f3n Nacional (PAN), Revolucionario Institucional (PRI) y de la Revoluci\u00f3n Democr\u00e1tica (PRD), junto con organizaciones de la sociedad civil, comienzan hoy una nueva etapa para defender la democracia y la libertad en M\u00e9xico, con la construcci\u00f3n del Frente Amplio por M\u00e9xico (FAM).<\/p>\n\n\n\n<p>Para dar seguimiento y cumplimiento de la elecci\u00f3n del Responsable Nacional para la Construcci\u00f3n del Frente Amplio por M\u00e9xico, se conformar\u00e1 un Comit\u00e9 Organizador y un Observatorio, que vigilar\u00e1 las tres etapas que integran este proceso.&nbsp;<\/p>\n\n\n\n<p>La primera etapa comenzar\u00e1 el 4 de julio, con los registros de las y los ciudadanos que quieran participar para ser el o la Responsable Nacional para la Construcci\u00f3n del Frente Amplio por M\u00e9xico. Estos se llevar\u00e1n a cabo ante la Comisi\u00f3n de Registros del PAN, PRI y PRD, y una vez concluido este periodo se dar\u00e1 a conocer a las y los participantes registrados.&nbsp;<\/p>\n\n\n\n<p>Quienes se inscriban en esta primera etapa, deber\u00e1n ser respaldados por militantes, simpatizantes o integrantes de la sociedad civil, a trav\u00e9s de una plataforma electr\u00f3nica que iniciar\u00e1 desde cero con un registro de hasta 200 mil firmas.&nbsp;<\/p>\n\n\n\n<p>Concluido el periodo de registro de aspirantes se dar\u00e1 a conocer el nombre de quienes cumplieron con el m\u00ednimo apoyo social requerido y pasar\u00e1n a la etapa dos.&nbsp;<\/p>\n","protected":false},"excerpt":{"rendered":"<p>Por Redacci\u00f3n\/Zunoticia Ciudad de M\u00e9xico. Los partidos Acci\u00f3n Nacional (PAN), Revolucionario Institucional (PRI) y de la Revoluci\u00f3n Democr\u00e1tica (PRD), junto con organizaciones de la sociedad civil, comienzan hoy una nueva etapa para defender la democracia y la libertad en M\u00e9xico, con la construcci\u00f3n del Frente Amplio por M\u00e9xico (FAM). Para dar seguimiento y cumplimiento de&hellip; <a class=\"more-link\" href=\"https:\/\/www.zunoticia.com\/noticias-de-hidalgo\/2023\/06\/26\/acuerdan-etapas-para-elegir-al-responsable-nacional-para-la-construccion-del-frente-amplio-por-mexico\/\">Seguir leyendo <span class=\"screen-reader-text\">Acuerdan etapas para elegir al responsable nacional para la construcci\u00f3n del Frente Amplio por M\u00e9xico<\/span><\/a><\/p>\n","protected":false},"author":12,"featured_media":488880,"comment_status":"closed","ping_status":"open","sticky":false,"template":"","format":"standard","meta":{"rop_custom_images_group":[],"rop_custom_messages_group":[],"rop_publish_now":"initial","rop_publish_now_accounts":{"facebook_10159540855086992_322828327761733":""},"rop_publish_now_history":[],"rop_publish_now_status":"pending","footnotes":""},"categories":[218],"tags":[217],"class_list":["post-488879","post","type-post","status-publish","format-standard","has-post-thumbnail","hentry","category-nacional","tag-nacional","entry"],"_links":{"self":[{"href":"https:\/\/www.zunoticia.com\/noticias-de-hidalgo\/wp-json\/wp\/v2\/posts\/488879","targetHints":{"allow":["GET"]}}],"collection":[{"href":"https:\/\/www.zunoticia.com\/noticias-de-hidalgo\/wp-json\/wp\/v2\/posts"}],"about":[{"href":"https:\/\/www.zunoticia.com\/noticias-de-hidalgo\/wp-json\/wp\/v2\/types\/post"}],"author":[{"embeddable":true,"href":"https:\/\/www.zunoticia.com\/noticias-de-hidalgo\/wp-json\/wp\/v2\/users\/12"}],"replies":[{"embeddable":true,"href":"https:\/\/www.zunoticia.com\/noticias-de-hidalgo\/wp-json\/wp\/v2\/comments?post=488879"}],"version-history":[{"count":1,"href":"https:\/\/www.zunoticia.com\/noticias-de-hidalgo\/wp-json\/wp\/v2\/posts\/488879\/revisions"}],"predecessor-version":[{"id":488883,"href":"https:\/\/www.zunoticia.com\/noticias-de-hidalgo\/wp-json\/wp\/v2\/posts\/488879\/revisions\/488883"}],"wp:featuredmedia":[{"embeddable":true,"href":"https:\/\/www.zunoticia.com\/noticias-de-hidalgo\/wp-json\/wp\/v2\/media\/488880"}],"wp:attachment":[{"href":"https:\/\/www.zunoticia.com\/noticias-de-hidalgo\/wp-json\/wp\/v2\/media?parent=488879"}],"wp:term":[{"taxonomy":"category","embeddable":true,"href":"https:\/\/www.zunoticia.com\/noticias-de-hidalgo\/wp-json\/wp\/v2\/categories?post=488879"},{"taxonomy":"post_tag","embeddable":true,"href":"https:\/\/www.zunoticia.com\/noticias-de-hidalgo\/wp-json\/wp\/v2\/tags?post=488879"}],"curies":[{"name":"wp","href":"https:\/\/api.w.org\/{rel}","templated":true}]}}