{"id":489297,"date":"2023-06-28T14:51:35","date_gmt":"2023-06-28T20:51:35","guid":{"rendered":"https:\/\/www.zunoticia.com\/noticias-de-hidalgo\/?p=489297"},"modified":"2023-06-28T14:51:36","modified_gmt":"2023-06-28T20:51:36","slug":"volveremos-a-los-inicios-y-recordaremos-a-los-amigos-iniesta-mondragon","status":"publish","type":"post","link":"https:\/\/www.zunoticia.com\/noticias-de-hidalgo\/2023\/06\/28\/volveremos-a-los-inicios-y-recordaremos-a-los-amigos-iniesta-mondragon\/","title":{"rendered":"Volveremos a los inicios y recordaremos a los amigos: Iniesta Mondrag\u00f3n"},"content":{"rendered":"<aside class=\"mashsb-container mashsb-main mashsb-stretched\"><div class=\"mashsb-box\"><div class=\"mashsb-count mash-large\" style=\"float:left\"><div class=\"counts mashsbcount\">10<\/div><span class=\"mashsb-sharetext\">SHARES<\/span><\/div><div class=\"mashsb-buttons\"><a class=\"mashicon-facebook mash-large mash-center mashsb-noshadow\" href=\"https:\/\/www.facebook.com\/sharer.php?u=https%3A%2F%2Fwww.zunoticia.com%2Fnoticias-de-hidalgo%2F2023%2F06%2F28%2Fvolveremos-a-los-inicios-y-recordaremos-a-los-amigos-iniesta-mondragon%2F\" target=\"_top\" rel=\"nofollow\"><span class=\"icon\"><\/span><span class=\"text\">Share<\/span><\/a><a class=\"mashicon-twitter mash-large mash-center mashsb-noshadow\" href=\"https:\/\/twitter.com\/intent\/tweet?text=&amp;url=https:\/\/www.zunoticia.com\/noticias-de-hidalgo\/2023\/06\/28\/volveremos-a-los-inicios-y-recordaremos-a-los-amigos-iniesta-mondragon\/\" target=\"_top\" rel=\"nofollow\"><span class=\"icon\"><\/span><span class=\"text\">Tweet<\/span><\/a><div class=\"onoffswitch2 mash-large mashsb-noshadow\" style=\"display:none\"><\/div><\/div>\n            <\/div>\n                <div style=\"clear:both\"><\/div><div class=\"mashsb-toggle-container\"><\/div><\/aside>\n            <!-- Share buttons by mashshare.net - Version: 4.0.47-->\n<p><em>Por Salvador Altamirano\/Zunoticia<\/em><\/p>\n\n\n\n<p><strong>Huejutla, Hgo<\/strong>.- Entrevistado respecto a la tem\u00e1tica de la onceava &#8220;Feria del Libro de Huejutla&#8221;, que tendr\u00e1 efecto en el mes de noviembre,&nbsp; el organizador de la misma, Leopoldo Enrique Iniesta Mondrag\u00f3n enfatiz\u00f3 que, &#8220;volver\u00e1n a los inicios y recordar\u00e1n a los amigos&#8221;.<\/p>\n\n\n\n<p>Explic\u00f3 que, volver\u00e1n a los inicios porque est\u00e1n en pl\u00e1ticas con las autoridades educativas de la Escuela Primaria L\u00e1zaro C\u00e1rdenas del R\u00edo&#8221;, en donde se inici\u00f3 el evento, para darle continuidad ah\u00ed mismo.<\/p>\n\n\n\n<p>Agreg\u00f3 que, por la importancia de la actividad, intent\u00e1ndola hacer m\u00e1s transcendental, fue a \u2018tocar puertas a otra parte\u2019, en donde por lo fuerte de los toquidos medio le abrieron de mala gana y medio lo apoyaron, por lo que considera que la feria nunca debi\u00f3 de haber salido de la Escuela L\u00e1zaro C\u00e1rdenas.<\/p>\n\n\n\n<p>A pregunta expresa, especific\u00f3 que, en esta ocasi\u00f3n se les rendir\u00e1n homenajes p\u00f3stumos a quienes creyeron y apoyaron el evento en sus inicios, a Maribel Flores; Refugio Miranda San Rom\u00e1n y Cris\u00f3foro S\u00e1nchez Trujillo, con actividades espec\u00edficas del trabajo cultural que hicieron en vida.<\/p>\n\n\n\n<p>Para finalizar, Iniesta Mondrag\u00f3n subray\u00f3 que, a todos quienes pusieron su &#8220;granito de arena&#8221;, coloquialmente hablando, para la Feria del Libro de Huejutla, merecen ser recordados y nunca olvidamos, por lo que extiende un agradecimiento a sus familias.<\/p>\n\n\n\n<p><\/p>\n","protected":false},"excerpt":{"rendered":"<p>Por Salvador Altamirano\/Zunoticia Huejutla, Hgo.- Entrevistado respecto a la tem\u00e1tica de la onceava &#8220;Feria del Libro de Huejutla&#8221;, que tendr\u00e1 efecto en el mes de noviembre,&nbsp; el organizador de la misma, Leopoldo Enrique Iniesta Mondrag\u00f3n enfatiz\u00f3 que, &#8220;volver\u00e1n a los inicios y recordar\u00e1n a los amigos&#8221;. Explic\u00f3 que, volver\u00e1n a los inicios porque est\u00e1n en&hellip; <a class=\"more-link\" href=\"https:\/\/www.zunoticia.com\/noticias-de-hidalgo\/2023\/06\/28\/volveremos-a-los-inicios-y-recordaremos-a-los-amigos-iniesta-mondragon\/\">Seguir leyendo <span class=\"screen-reader-text\">Volveremos a los inicios y recordaremos a los amigos: Iniesta Mondrag\u00f3n<\/span><\/a><\/p>\n","protected":false},"author":20,"featured_media":489298,"comment_status":"closed","ping_status":"open","sticky":false,"template":"","format":"standard","meta":{"rop_custom_images_group":[],"rop_custom_messages_group":[],"rop_publish_now":"initial","rop_publish_now_accounts":{"facebook_10159540855086992_322828327761733":""},"rop_publish_now_history":[],"rop_publish_now_status":"pending","footnotes":""},"categories":[181],"tags":[121],"class_list":["post-489297","post","type-post","status-publish","format-standard","has-post-thumbnail","hentry","category-huejutla","tag-huejutla","entry"],"_links":{"self":[{"href":"https:\/\/www.zunoticia.com\/noticias-de-hidalgo\/wp-json\/wp\/v2\/posts\/489297","targetHints":{"allow":["GET"]}}],"collection":[{"href":"https:\/\/www.zunoticia.com\/noticias-de-hidalgo\/wp-json\/wp\/v2\/posts"}],"about":[{"href":"https:\/\/www.zunoticia.com\/noticias-de-hidalgo\/wp-json\/wp\/v2\/types\/post"}],"author":[{"embeddable":true,"href":"https:\/\/www.zunoticia.com\/noticias-de-hidalgo\/wp-json\/wp\/v2\/users\/20"}],"replies":[{"embeddable":true,"href":"https:\/\/www.zunoticia.com\/noticias-de-hidalgo\/wp-json\/wp\/v2\/comments?post=489297"}],"version-history":[{"count":1,"href":"https:\/\/www.zunoticia.com\/noticias-de-hidalgo\/wp-json\/wp\/v2\/posts\/489297\/revisions"}],"predecessor-version":[{"id":489299,"href":"https:\/\/www.zunoticia.com\/noticias-de-hidalgo\/wp-json\/wp\/v2\/posts\/489297\/revisions\/489299"}],"wp:featuredmedia":[{"embeddable":true,"href":"https:\/\/www.zunoticia.com\/noticias-de-hidalgo\/wp-json\/wp\/v2\/media\/489298"}],"wp:attachment":[{"href":"https:\/\/www.zunoticia.com\/noticias-de-hidalgo\/wp-json\/wp\/v2\/media?parent=489297"}],"wp:term":[{"taxonomy":"category","embeddable":true,"href":"https:\/\/www.zunoticia.com\/noticias-de-hidalgo\/wp-json\/wp\/v2\/categories?post=489297"},{"taxonomy":"post_tag","embeddable":true,"href":"https:\/\/www.zunoticia.com\/noticias-de-hidalgo\/wp-json\/wp\/v2\/tags?post=489297"}],"curies":[{"name":"wp","href":"https:\/\/api.w.org\/{rel}","templated":true}]}}