{"id":489331,"date":"2023-06-28T17:37:42","date_gmt":"2023-06-28T23:37:42","guid":{"rendered":"https:\/\/www.zunoticia.com\/noticias-de-hidalgo\/?p=489331"},"modified":"2023-06-28T17:37:43","modified_gmt":"2023-06-28T23:37:43","slug":"proponen-el-nombre-de-francisco-neumann-para-casa-de-la-cultura-huasteca","status":"publish","type":"post","link":"https:\/\/www.zunoticia.com\/noticias-de-hidalgo\/2023\/06\/28\/proponen-el-nombre-de-francisco-neumann-para-casa-de-la-cultura-huasteca\/","title":{"rendered":"Proponen el nombre de Francisco Neumann para Casa de la Cultura Huasteca"},"content":{"rendered":"<aside class=\"mashsb-container mashsb-main mashsb-stretched\"><div class=\"mashsb-box\"><div class=\"mashsb-count mash-large\" style=\"float:left\"><div class=\"counts mashsbcount\">49<\/div><span class=\"mashsb-sharetext\">SHARES<\/span><\/div><div class=\"mashsb-buttons\"><a class=\"mashicon-facebook mash-large mash-center mashsb-noshadow\" href=\"https:\/\/www.facebook.com\/sharer.php?u=https%3A%2F%2Fwww.zunoticia.com%2Fnoticias-de-hidalgo%2F2023%2F06%2F28%2Fproponen-el-nombre-de-francisco-neumann-para-casa-de-la-cultura-huasteca%2F\" target=\"_top\" rel=\"nofollow\"><span class=\"icon\"><\/span><span class=\"text\">Share<\/span><\/a><a class=\"mashicon-twitter mash-large mash-center mashsb-noshadow\" href=\"https:\/\/twitter.com\/intent\/tweet?text=&amp;url=https:\/\/www.zunoticia.com\/noticias-de-hidalgo\/2023\/06\/28\/proponen-el-nombre-de-francisco-neumann-para-casa-de-la-cultura-huasteca\/\" target=\"_top\" rel=\"nofollow\"><span class=\"icon\"><\/span><span class=\"text\">Tweet<\/span><\/a><div class=\"onoffswitch2 mash-large mashsb-noshadow\" style=\"display:none\"><\/div><\/div>\n            <\/div>\n                <div style=\"clear:both\"><\/div><div class=\"mashsb-toggle-container\"><\/div><\/aside>\n            <!-- Share buttons by mashshare.net - Version: 4.0.47-->\n<p><em>Por Salvador Altamirano\/Zunoticia<\/em><\/p>\n\n\n\n<p><strong>Huejutla, Hgo<\/strong>.- Derivado de lo expresado por el Gobernador del Estado de Hidalgo, Julio Menchaca Salazar, durante el evento de entrega de las instalaciones de la &#8220;Casa de la Cultura Huasteca&#8221;, consistente en que se emitir\u00e1 una convocatoria de concurso para que ostente el nombre de un personaje que tenga o haya tenido una denotada actividad en el arte regional.<\/p>\n\n\n\n<p>Al respecto, el reconocido escritor huejutlense, Gildardo de la Cruz Morales, autor de varios interesantes libros alusivos a los diferentes municipios de la regi\u00f3n, como &#8220;Huejutla, su origen, historia y geograf\u00eda&#8221;, propone p\u00fablicamente para el nombre del referido centro cultural, para omitir el de Casa Blanca, de triste recuerdo, el del extinto escritor, poeta y pintor, Francisco Neumann Lara.<\/p>\n\n\n\n<p>Especific\u00f3 que su propuesta se sustenta, en primer t\u00e9rmino, en que en 1982 public\u00f3 el libro denominado &#8220;Los Estandartes Blancos&#8221;, de reciente reedici\u00f3n, que ha sido ampliamente comentado y admirado por su gran contenido hist\u00f3rico y po\u00e9tico, en el que plasm\u00f3 en versos su profundo amor a la huasteca, en especial a su pueblo, Huejutla, al cual le dedic\u00f3 el singular soneto &#8220;Limonaria&#8221;.<\/p>\n\n\n\n<p>Agreg\u00f3 que, en 1973, p\u00fablico el que fue su primer libro titulado &#8220;Con la mano abierta&#8221;, donde se destaca el poema &#8220;Horizontes&#8221;, dedicado al Estado de Tlaxcala, el cual se declama en los actos sociales, por lo que el entonces gobernador Tulio Hern\u00e1ndez, lo nombr\u00f3 &#8220;Hijo predilecto del Estado&#8221;.<\/p>\n\n\n\n<p>Para finalizar, Gildardo de la Cruz Morales subray\u00f3 que en 1953 Neumann Lara incursion\u00f3 en el arte pict\u00f3rico, plasmando en sus obras paisajes naturalistas que en reiteradas ocasiones fueron exhibidos en las salas de Bellas Artes, recibiendo elogios de cr\u00edticos y artistas como Carlos Pellicer; Crespo de la Serna: Juan O&#8217;goman y Gerardo Murillo (Dr.Atl).<\/p>\n\n\n\n<figure class=\"wp-block-image size-full\"><img fetchpriority=\"high\" decoding=\"async\" width=\"940\" height=\"788\" src=\"https:\/\/www.zunoticia.com\/noticias-de-hidalgo\/wp-content\/uploads\/2023\/06\/2-262.png\" alt=\"\" class=\"wp-image-489333\" srcset=\"https:\/\/www.zunoticia.com\/noticias-de-hidalgo\/wp-content\/uploads\/2023\/06\/2-262.png 940w, https:\/\/www.zunoticia.com\/noticias-de-hidalgo\/wp-content\/uploads\/2023\/06\/2-262-300x251.png 300w, https:\/\/www.zunoticia.com\/noticias-de-hidalgo\/wp-content\/uploads\/2023\/06\/2-262-768x644.png 768w\" sizes=\"(max-width: 940px) 100vw, 940px\" \/><\/figure>\n","protected":false},"excerpt":{"rendered":"<p>Por Salvador Altamirano\/Zunoticia Huejutla, Hgo.- Derivado de lo expresado por el Gobernador del Estado de Hidalgo, Julio Menchaca Salazar, durante el evento de entrega de las instalaciones de la &#8220;Casa de la Cultura Huasteca&#8221;, consistente en que se emitir\u00e1 una convocatoria de concurso para que ostente el nombre de un personaje que tenga o haya&hellip; <a class=\"more-link\" href=\"https:\/\/www.zunoticia.com\/noticias-de-hidalgo\/2023\/06\/28\/proponen-el-nombre-de-francisco-neumann-para-casa-de-la-cultura-huasteca\/\">Seguir leyendo <span class=\"screen-reader-text\">Proponen el nombre de Francisco Neumann para Casa de la Cultura Huasteca<\/span><\/a><\/p>\n","protected":false},"author":20,"featured_media":489332,"comment_status":"closed","ping_status":"open","sticky":false,"template":"","format":"standard","meta":{"rop_custom_images_group":[],"rop_custom_messages_group":[],"rop_publish_now":"initial","rop_publish_now_accounts":{"facebook_10159540855086992_322828327761733":""},"rop_publish_now_history":[],"rop_publish_now_status":"pending","footnotes":""},"categories":[181],"tags":[121],"class_list":["post-489331","post","type-post","status-publish","format-standard","has-post-thumbnail","hentry","category-huejutla","tag-huejutla","entry"],"_links":{"self":[{"href":"https:\/\/www.zunoticia.com\/noticias-de-hidalgo\/wp-json\/wp\/v2\/posts\/489331","targetHints":{"allow":["GET"]}}],"collection":[{"href":"https:\/\/www.zunoticia.com\/noticias-de-hidalgo\/wp-json\/wp\/v2\/posts"}],"about":[{"href":"https:\/\/www.zunoticia.com\/noticias-de-hidalgo\/wp-json\/wp\/v2\/types\/post"}],"author":[{"embeddable":true,"href":"https:\/\/www.zunoticia.com\/noticias-de-hidalgo\/wp-json\/wp\/v2\/users\/20"}],"replies":[{"embeddable":true,"href":"https:\/\/www.zunoticia.com\/noticias-de-hidalgo\/wp-json\/wp\/v2\/comments?post=489331"}],"version-history":[{"count":1,"href":"https:\/\/www.zunoticia.com\/noticias-de-hidalgo\/wp-json\/wp\/v2\/posts\/489331\/revisions"}],"predecessor-version":[{"id":489334,"href":"https:\/\/www.zunoticia.com\/noticias-de-hidalgo\/wp-json\/wp\/v2\/posts\/489331\/revisions\/489334"}],"wp:featuredmedia":[{"embeddable":true,"href":"https:\/\/www.zunoticia.com\/noticias-de-hidalgo\/wp-json\/wp\/v2\/media\/489332"}],"wp:attachment":[{"href":"https:\/\/www.zunoticia.com\/noticias-de-hidalgo\/wp-json\/wp\/v2\/media?parent=489331"}],"wp:term":[{"taxonomy":"category","embeddable":true,"href":"https:\/\/www.zunoticia.com\/noticias-de-hidalgo\/wp-json\/wp\/v2\/categories?post=489331"},{"taxonomy":"post_tag","embeddable":true,"href":"https:\/\/www.zunoticia.com\/noticias-de-hidalgo\/wp-json\/wp\/v2\/tags?post=489331"}],"curies":[{"name":"wp","href":"https:\/\/api.w.org\/{rel}","templated":true}]}}