{"id":489338,"date":"2023-06-28T17:50:33","date_gmt":"2023-06-28T23:50:33","guid":{"rendered":"https:\/\/www.zunoticia.com\/noticias-de-hidalgo\/?p=489338"},"modified":"2023-06-28T17:50:34","modified_gmt":"2023-06-28T23:50:34","slug":"presentaran-el-frente-comun-en-defensa-de-la-4t","status":"publish","type":"post","link":"https:\/\/www.zunoticia.com\/noticias-de-hidalgo\/2023\/06\/28\/presentaran-el-frente-comun-en-defensa-de-la-4t\/","title":{"rendered":"Presentar\u00e1n el Frente Com\u00fan en Defensa de la 4T"},"content":{"rendered":"<aside class=\"mashsb-container mashsb-main mashsb-stretched\"><div class=\"mashsb-box\"><div class=\"mashsb-count mash-large\" style=\"float:left\"><div class=\"counts mashsbcount\">9<\/div><span class=\"mashsb-sharetext\">SHARES<\/span><\/div><div class=\"mashsb-buttons\"><a class=\"mashicon-facebook mash-large mash-center mashsb-noshadow\" href=\"https:\/\/www.facebook.com\/sharer.php?u=https%3A%2F%2Fwww.zunoticia.com%2Fnoticias-de-hidalgo%2F2023%2F06%2F28%2Fpresentaran-el-frente-comun-en-defensa-de-la-4t%2F\" target=\"_top\" rel=\"nofollow\"><span class=\"icon\"><\/span><span class=\"text\">Share<\/span><\/a><a class=\"mashicon-twitter mash-large mash-center mashsb-noshadow\" href=\"https:\/\/twitter.com\/intent\/tweet?text=&amp;url=https:\/\/www.zunoticia.com\/noticias-de-hidalgo\/2023\/06\/28\/presentaran-el-frente-comun-en-defensa-de-la-4t\/\" target=\"_top\" rel=\"nofollow\"><span class=\"icon\"><\/span><span class=\"text\">Tweet<\/span><\/a><div class=\"onoffswitch2 mash-large mashsb-noshadow\" style=\"display:none\"><\/div><\/div>\n            <\/div>\n                <div style=\"clear:both\"><\/div><div class=\"mashsb-toggle-container\"><\/div><\/aside>\n            <!-- Share buttons by mashshare.net - Version: 4.0.47-->\n<p><em>Por \u00c1ngel Silverio\/Zunoticia<\/em><\/p>\n\n\n\n<p><strong>San Felipe Orizatl\u00e1n, Hgo.- <\/strong>Este pr\u00f3ximo domingo, se estar\u00e1 llevando a cabo la presentaci\u00f3n del Frente Com\u00fan en Defensa de la Cuarta Transformaci\u00f3n de San Felipe Orizatl\u00e1n, por lo que se est\u00e1 haciendo la invitaci\u00f3n a todos los ciudadanos que deseen, ser part\u00edcipes a acudir y conocer el fin de este bloque.<\/p>\n\n\n\n<p>Al respecto Nicol\u00e1s S\u00e1nchez Vite, quien forma parte de este frente com\u00fan, mencion\u00f3 que se est\u00e1 haciendo una invitaci\u00f3n al acto de presentaci\u00f3n de esta organizaci\u00f3n pol\u00edtica, la cual tiene como finalidad participar activamente en la consolidaci\u00f3n de la cuarta transformaci\u00f3n en Orizatl\u00e1n.<\/p>\n\n\n\n<p>&#8220;Se trata de juntar ciudadanos de partidos, interesados en mejorar la pol\u00edtica, servicios sociales, erradicar corrupci\u00f3n, cacicazgo, discriminaci\u00f3n, porque de que se puede, se puede; tenemos aspirantes honestos, responsables, comprometidos con la cuarta transformaci\u00f3n de la que habla nuestro presidente Andr\u00e9s Manuel L\u00f3pez Obrador&#8221; cit\u00f3.<\/p>\n\n\n\n<p>La presentaci\u00f3n de este frente com\u00fan, ser\u00e1 este pr\u00f3ximo domingo 2 de julio, en la avenida Felipe \u00c1ngeles, n\u00famero 12, en el domicilio conocido del Ingeniero Salvador Mart\u00ednez Baltazar.<\/p>\n","protected":false},"excerpt":{"rendered":"<p>Por \u00c1ngel Silverio\/Zunoticia San Felipe Orizatl\u00e1n, Hgo.- Este pr\u00f3ximo domingo, se estar\u00e1 llevando a cabo la presentaci\u00f3n del Frente Com\u00fan en Defensa de la Cuarta Transformaci\u00f3n de San Felipe Orizatl\u00e1n, por lo que se est\u00e1 haciendo la invitaci\u00f3n a todos los ciudadanos que deseen, ser part\u00edcipes a acudir y conocer el fin de este bloque.&hellip; <a class=\"more-link\" href=\"https:\/\/www.zunoticia.com\/noticias-de-hidalgo\/2023\/06\/28\/presentaran-el-frente-comun-en-defensa-de-la-4t\/\">Seguir leyendo <span class=\"screen-reader-text\">Presentar\u00e1n el Frente Com\u00fan en Defensa de la 4T<\/span><\/a><\/p>\n","protected":false},"author":20,"featured_media":489339,"comment_status":"closed","ping_status":"open","sticky":false,"template":"","format":"standard","meta":{"rop_custom_images_group":[],"rop_custom_messages_group":[],"rop_publish_now":"initial","rop_publish_now_accounts":{"facebook_10159540855086992_322828327761733":""},"rop_publish_now_history":[],"rop_publish_now_status":"pending","footnotes":""},"categories":[180],"tags":[129],"class_list":["post-489338","post","type-post","status-publish","format-standard","has-post-thumbnail","hentry","category-orizatlan","tag-orizatlan","entry"],"_links":{"self":[{"href":"https:\/\/www.zunoticia.com\/noticias-de-hidalgo\/wp-json\/wp\/v2\/posts\/489338","targetHints":{"allow":["GET"]}}],"collection":[{"href":"https:\/\/www.zunoticia.com\/noticias-de-hidalgo\/wp-json\/wp\/v2\/posts"}],"about":[{"href":"https:\/\/www.zunoticia.com\/noticias-de-hidalgo\/wp-json\/wp\/v2\/types\/post"}],"author":[{"embeddable":true,"href":"https:\/\/www.zunoticia.com\/noticias-de-hidalgo\/wp-json\/wp\/v2\/users\/20"}],"replies":[{"embeddable":true,"href":"https:\/\/www.zunoticia.com\/noticias-de-hidalgo\/wp-json\/wp\/v2\/comments?post=489338"}],"version-history":[{"count":1,"href":"https:\/\/www.zunoticia.com\/noticias-de-hidalgo\/wp-json\/wp\/v2\/posts\/489338\/revisions"}],"predecessor-version":[{"id":489340,"href":"https:\/\/www.zunoticia.com\/noticias-de-hidalgo\/wp-json\/wp\/v2\/posts\/489338\/revisions\/489340"}],"wp:featuredmedia":[{"embeddable":true,"href":"https:\/\/www.zunoticia.com\/noticias-de-hidalgo\/wp-json\/wp\/v2\/media\/489339"}],"wp:attachment":[{"href":"https:\/\/www.zunoticia.com\/noticias-de-hidalgo\/wp-json\/wp\/v2\/media?parent=489338"}],"wp:term":[{"taxonomy":"category","embeddable":true,"href":"https:\/\/www.zunoticia.com\/noticias-de-hidalgo\/wp-json\/wp\/v2\/categories?post=489338"},{"taxonomy":"post_tag","embeddable":true,"href":"https:\/\/www.zunoticia.com\/noticias-de-hidalgo\/wp-json\/wp\/v2\/tags?post=489338"}],"curies":[{"name":"wp","href":"https:\/\/api.w.org\/{rel}","templated":true}]}}