{"id":489341,"date":"2023-06-28T18:02:55","date_gmt":"2023-06-29T00:02:55","guid":{"rendered":"https:\/\/www.zunoticia.com\/noticias-de-hidalgo\/?p=489341"},"modified":"2023-06-28T18:02:56","modified_gmt":"2023-06-29T00:02:56","slug":"por-la-ola-de-calor-se-tuvieron-casos-de-personas-con-insolacion-y-cuadros-de-deshidratacion-crm","status":"publish","type":"post","link":"https:\/\/www.zunoticia.com\/noticias-de-hidalgo\/2023\/06\/28\/por-la-ola-de-calor-se-tuvieron-casos-de-personas-con-insolacion-y-cuadros-de-deshidratacion-crm\/","title":{"rendered":"Por la Ola de Calor se tuvieron casos de personas con insolaci\u00f3n y cuadros de deshidrataci\u00f3n: CRM"},"content":{"rendered":"<aside class=\"mashsb-container mashsb-main mashsb-stretched\"><div class=\"mashsb-box\"><div class=\"mashsb-count mash-large\" style=\"float:left\"><div class=\"counts mashsbcount\">1<\/div><span class=\"mashsb-sharetext\">SHARES<\/span><\/div><div class=\"mashsb-buttons\"><a class=\"mashicon-facebook mash-large mash-center mashsb-noshadow\" href=\"https:\/\/www.facebook.com\/sharer.php?u=https%3A%2F%2Fwww.zunoticia.com%2Fnoticias-de-hidalgo%2F2023%2F06%2F28%2Fpor-la-ola-de-calor-se-tuvieron-casos-de-personas-con-insolacion-y-cuadros-de-deshidratacion-crm%2F\" target=\"_top\" rel=\"nofollow\"><span class=\"icon\"><\/span><span class=\"text\">Share<\/span><\/a><a class=\"mashicon-twitter mash-large mash-center mashsb-noshadow\" href=\"https:\/\/twitter.com\/intent\/tweet?text=&amp;url=https:\/\/www.zunoticia.com\/noticias-de-hidalgo\/2023\/06\/28\/por-la-ola-de-calor-se-tuvieron-casos-de-personas-con-insolacion-y-cuadros-de-deshidratacion-crm\/\" target=\"_top\" rel=\"nofollow\"><span class=\"icon\"><\/span><span class=\"text\">Tweet<\/span><\/a><div class=\"onoffswitch2 mash-large mashsb-noshadow\" style=\"display:none\"><\/div><\/div>\n            <\/div>\n                <div style=\"clear:both\"><\/div><div class=\"mashsb-toggle-container\"><\/div><\/aside>\n            <!-- Share buttons by mashshare.net - Version: 4.0.47-->\n<p><em>Por Enedino Hern\u00e1ndez\/Zunoticia<\/em><\/p>\n\n\n\n<p><strong>Huejutla, Hidalgo<\/strong>.- Con motivo de la Ola de Calor registrada en esta zona de la huasteca, se tuvieron reportes de algunas personas con insolaci\u00f3n, as\u00ed como varias m\u00e1s con cuadros de deshidrataci\u00f3n, las cuales fueron atendidas oportunamente, situaciones que se presentaron principalmente en donde se ten\u00eda una mayor concentraci\u00f3n de personas, como es el domingo de tianguis.<\/p>\n\n\n\n<p>El coordinador administrativo de Cruz Roja Mexicana en Huejutla, Jos\u00e9 Luis Bautista, se\u00f1al\u00f3 que, debido a la aglomeraci\u00f3n de personas, y la poca circulaci\u00f3n de aire, se detectaron algunas personas con insolaci\u00f3n y cuadros de deshidrataci\u00f3n, mismos que fueron atendidos oportunamente.<\/p>\n\n\n\n<p>Detall\u00f3 que, este tipo de casos se pudieron observar y atender principalmente en las semanas, en las cuales se tuvo un mayor calor, ya en estos \u00faltimos d\u00edas la situaci\u00f3n se ha estado normalizando poco a poco.<\/p>\n\n\n\n<p>Reconoci\u00f3 que, la regi\u00f3n es clasificada como una zona muy caliente, sin embargo, la ola de calor nos hizo ver la importancia de extremar una mayor precauci\u00f3n, pues los calores que se registraron en estas semanas fueron bastante considerables.<\/p>\n\n\n\n<p>Recomend\u00f3 a la poblaci\u00f3n en general seguir con las medidas preventivas, hidratarse adecuadamente, sobre todo se deben aplicar un mayor cuidado a los adultos mayores y a los menores de edad, as\u00ed como a las personas con alg\u00fan diagn\u00f3stico de pre diabetes, hipertensi\u00f3n, problemas renales, entre otros.<\/p>\n\n\n\n<p><\/p>\n","protected":false},"excerpt":{"rendered":"<p>Por Enedino Hern\u00e1ndez\/Zunoticia Huejutla, Hidalgo.- Con motivo de la Ola de Calor registrada en esta zona de la huasteca, se tuvieron reportes de algunas personas con insolaci\u00f3n, as\u00ed como varias m\u00e1s con cuadros de deshidrataci\u00f3n, las cuales fueron atendidas oportunamente, situaciones que se presentaron principalmente en donde se ten\u00eda una mayor concentraci\u00f3n de personas, como&hellip; <a class=\"more-link\" href=\"https:\/\/www.zunoticia.com\/noticias-de-hidalgo\/2023\/06\/28\/por-la-ola-de-calor-se-tuvieron-casos-de-personas-con-insolacion-y-cuadros-de-deshidratacion-crm\/\">Seguir leyendo <span class=\"screen-reader-text\">Por la Ola de Calor se tuvieron casos de personas con insolaci\u00f3n y cuadros de deshidrataci\u00f3n: CRM<\/span><\/a><\/p>\n","protected":false},"author":20,"featured_media":489342,"comment_status":"closed","ping_status":"open","sticky":false,"template":"","format":"standard","meta":{"rop_custom_images_group":[],"rop_custom_messages_group":[],"rop_publish_now":"initial","rop_publish_now_accounts":{"facebook_10159540855086992_322828327761733":""},"rop_publish_now_history":[],"rop_publish_now_status":"pending","footnotes":""},"categories":[181],"tags":[121],"class_list":["post-489341","post","type-post","status-publish","format-standard","has-post-thumbnail","hentry","category-huejutla","tag-huejutla","entry"],"_links":{"self":[{"href":"https:\/\/www.zunoticia.com\/noticias-de-hidalgo\/wp-json\/wp\/v2\/posts\/489341","targetHints":{"allow":["GET"]}}],"collection":[{"href":"https:\/\/www.zunoticia.com\/noticias-de-hidalgo\/wp-json\/wp\/v2\/posts"}],"about":[{"href":"https:\/\/www.zunoticia.com\/noticias-de-hidalgo\/wp-json\/wp\/v2\/types\/post"}],"author":[{"embeddable":true,"href":"https:\/\/www.zunoticia.com\/noticias-de-hidalgo\/wp-json\/wp\/v2\/users\/20"}],"replies":[{"embeddable":true,"href":"https:\/\/www.zunoticia.com\/noticias-de-hidalgo\/wp-json\/wp\/v2\/comments?post=489341"}],"version-history":[{"count":1,"href":"https:\/\/www.zunoticia.com\/noticias-de-hidalgo\/wp-json\/wp\/v2\/posts\/489341\/revisions"}],"predecessor-version":[{"id":489343,"href":"https:\/\/www.zunoticia.com\/noticias-de-hidalgo\/wp-json\/wp\/v2\/posts\/489341\/revisions\/489343"}],"wp:featuredmedia":[{"embeddable":true,"href":"https:\/\/www.zunoticia.com\/noticias-de-hidalgo\/wp-json\/wp\/v2\/media\/489342"}],"wp:attachment":[{"href":"https:\/\/www.zunoticia.com\/noticias-de-hidalgo\/wp-json\/wp\/v2\/media?parent=489341"}],"wp:term":[{"taxonomy":"category","embeddable":true,"href":"https:\/\/www.zunoticia.com\/noticias-de-hidalgo\/wp-json\/wp\/v2\/categories?post=489341"},{"taxonomy":"post_tag","embeddable":true,"href":"https:\/\/www.zunoticia.com\/noticias-de-hidalgo\/wp-json\/wp\/v2\/tags?post=489341"}],"curies":[{"name":"wp","href":"https:\/\/api.w.org\/{rel}","templated":true}]}}