{"id":489370,"date":"2023-06-28T20:15:44","date_gmt":"2023-06-29T02:15:44","guid":{"rendered":"https:\/\/www.zunoticia.com\/noticias-de-hidalgo\/?p=489370"},"modified":"2023-06-28T20:15:46","modified_gmt":"2023-06-29T02:15:46","slug":"joel-nochebuena-encabezo-la-ceremonia-de-clausura-en-el-cemsad-cochotla","status":"publish","type":"post","link":"https:\/\/www.zunoticia.com\/noticias-de-hidalgo\/2023\/06\/28\/joel-nochebuena-encabezo-la-ceremonia-de-clausura-en-el-cemsad-cochotla\/","title":{"rendered":"Joel Nochebuena encabez\u00f3 la ceremonia de clausura en el CEMSaD Cochotla"},"content":{"rendered":"<aside class=\"mashsb-container mashsb-main mashsb-stretched\"><div class=\"mashsb-box\"><div class=\"mashsb-count mash-large\" style=\"float:left\"><div class=\"counts mashsbcount\">22<\/div><span class=\"mashsb-sharetext\">SHARES<\/span><\/div><div class=\"mashsb-buttons\"><a class=\"mashicon-facebook mash-large mash-center mashsb-noshadow\" href=\"https:\/\/www.facebook.com\/sharer.php?u=https%3A%2F%2Fwww.zunoticia.com%2Fnoticias-de-hidalgo%2F2023%2F06%2F28%2Fjoel-nochebuena-encabezo-la-ceremonia-de-clausura-en-el-cemsad-cochotla%2F\" target=\"_top\" rel=\"nofollow\"><span class=\"icon\"><\/span><span class=\"text\">Share<\/span><\/a><a class=\"mashicon-twitter mash-large mash-center mashsb-noshadow\" href=\"https:\/\/twitter.com\/intent\/tweet?text=&amp;url=https:\/\/www.zunoticia.com\/noticias-de-hidalgo\/2023\/06\/28\/joel-nochebuena-encabezo-la-ceremonia-de-clausura-en-el-cemsad-cochotla\/\" target=\"_top\" rel=\"nofollow\"><span class=\"icon\"><\/span><span class=\"text\">Tweet<\/span><\/a><div class=\"onoffswitch2 mash-large mashsb-noshadow\" style=\"display:none\"><\/div><\/div>\n            <\/div>\n                <div style=\"clear:both\"><\/div><div class=\"mashsb-toggle-container\"><\/div><\/aside>\n            <!-- Share buttons by mashshare.net - Version: 4.0.47-->\n<ul class=\"wp-block-list\">\n<li>Llevar\u00e1 el alcalde m\u00faltiples beneficios a la instituci\u00f3n.<\/li>\n<\/ul>\n\n\n\n<p><em>Por Karen Rivera\/Zunoticia<\/em><\/p>\n\n\n\n<p><strong>Atlapexco, Hgo.-<\/strong> Como parte de los compromisos con el sector educativo, el Presidente Municipal, Joel Nochebuena Hern\u00e1ndez, fue parte de la ceremonia de clausura 2020-2023 del CEMSaD Cochotla.<\/p>\n\n\n\n<figure class=\"wp-block-image size-large\"><img fetchpriority=\"high\" decoding=\"async\" width=\"1024\" height=\"785\" src=\"https:\/\/www.zunoticia.com\/noticias-de-hidalgo\/wp-content\/uploads\/2023\/06\/eZy-Watermark-28-06-2023-08-11-07-9400p.m.-1024x785.jpg\" alt=\"\" class=\"wp-image-489393\" srcset=\"https:\/\/www.zunoticia.com\/noticias-de-hidalgo\/wp-content\/uploads\/2023\/06\/eZy-Watermark-28-06-2023-08-11-07-9400p.m.-1024x785.jpg 1024w, https:\/\/www.zunoticia.com\/noticias-de-hidalgo\/wp-content\/uploads\/2023\/06\/eZy-Watermark-28-06-2023-08-11-07-9400p.m.-300x230.jpg 300w, https:\/\/www.zunoticia.com\/noticias-de-hidalgo\/wp-content\/uploads\/2023\/06\/eZy-Watermark-28-06-2023-08-11-07-9400p.m.-768x589.jpg 768w, https:\/\/www.zunoticia.com\/noticias-de-hidalgo\/wp-content\/uploads\/2023\/06\/eZy-Watermark-28-06-2023-08-11-07-9400p.m..jpg 1080w\" sizes=\"(max-width: 1024px) 100vw, 1024px\" \/><\/figure>\n\n\n\n<p>En su discurso felicit\u00f3 a todos los alumnos que concluyeron su educaci\u00f3n media superior y los invit\u00f3 a continuar con sus estudios, ya que asegur\u00f3 &#8220;la \u00fanica forma de defender a su familia y a su pueblo es prepar\u00e1ndose y estudiando para tener los elementos necesarios y luchar por la gente que m\u00e1s lo necesita&#8221;.<\/p>\n\n\n\n<p>Anunci\u00f3 que, se instalar\u00e1 un aire acondicionado en las aulas de segundo y cuarto semestre, para beneficio de la comunidad estudiantil.<\/p>\n","protected":false},"excerpt":{"rendered":"<p>Por Karen Rivera\/Zunoticia Atlapexco, Hgo.- Como parte de los compromisos con el sector educativo, el Presidente Municipal, Joel Nochebuena Hern\u00e1ndez, fue parte de la ceremonia de clausura 2020-2023 del CEMSaD Cochotla. En su discurso felicit\u00f3 a todos los alumnos que concluyeron su educaci\u00f3n media superior y los invit\u00f3 a continuar con sus estudios, ya que&hellip; <a class=\"more-link\" href=\"https:\/\/www.zunoticia.com\/noticias-de-hidalgo\/2023\/06\/28\/joel-nochebuena-encabezo-la-ceremonia-de-clausura-en-el-cemsad-cochotla\/\">Seguir leyendo <span class=\"screen-reader-text\">Joel Nochebuena encabez\u00f3 la ceremonia de clausura en el CEMSaD Cochotla<\/span><\/a><\/p>\n","protected":false},"author":12,"featured_media":489392,"comment_status":"closed","ping_status":"open","sticky":false,"template":"","format":"standard","meta":{"rop_custom_images_group":[],"rop_custom_messages_group":[],"rop_publish_now":"initial","rop_publish_now_accounts":{"facebook_10159540855086992_322828327761733":""},"rop_publish_now_history":[],"rop_publish_now_status":"pending","footnotes":""},"categories":[182],"tags":[133],"class_list":["post-489370","post","type-post","status-publish","format-standard","has-post-thumbnail","hentry","category-atlapexco","tag-atlapexco","entry"],"_links":{"self":[{"href":"https:\/\/www.zunoticia.com\/noticias-de-hidalgo\/wp-json\/wp\/v2\/posts\/489370","targetHints":{"allow":["GET"]}}],"collection":[{"href":"https:\/\/www.zunoticia.com\/noticias-de-hidalgo\/wp-json\/wp\/v2\/posts"}],"about":[{"href":"https:\/\/www.zunoticia.com\/noticias-de-hidalgo\/wp-json\/wp\/v2\/types\/post"}],"author":[{"embeddable":true,"href":"https:\/\/www.zunoticia.com\/noticias-de-hidalgo\/wp-json\/wp\/v2\/users\/12"}],"replies":[{"embeddable":true,"href":"https:\/\/www.zunoticia.com\/noticias-de-hidalgo\/wp-json\/wp\/v2\/comments?post=489370"}],"version-history":[{"count":1,"href":"https:\/\/www.zunoticia.com\/noticias-de-hidalgo\/wp-json\/wp\/v2\/posts\/489370\/revisions"}],"predecessor-version":[{"id":489394,"href":"https:\/\/www.zunoticia.com\/noticias-de-hidalgo\/wp-json\/wp\/v2\/posts\/489370\/revisions\/489394"}],"wp:featuredmedia":[{"embeddable":true,"href":"https:\/\/www.zunoticia.com\/noticias-de-hidalgo\/wp-json\/wp\/v2\/media\/489392"}],"wp:attachment":[{"href":"https:\/\/www.zunoticia.com\/noticias-de-hidalgo\/wp-json\/wp\/v2\/media?parent=489370"}],"wp:term":[{"taxonomy":"category","embeddable":true,"href":"https:\/\/www.zunoticia.com\/noticias-de-hidalgo\/wp-json\/wp\/v2\/categories?post=489370"},{"taxonomy":"post_tag","embeddable":true,"href":"https:\/\/www.zunoticia.com\/noticias-de-hidalgo\/wp-json\/wp\/v2\/tags?post=489370"}],"curies":[{"name":"wp","href":"https:\/\/api.w.org\/{rel}","templated":true}]}}