{"id":489420,"date":"2023-06-28T21:30:22","date_gmt":"2023-06-29T03:30:22","guid":{"rendered":"https:\/\/www.zunoticia.com\/noticias-de-hidalgo\/?p=489420"},"modified":"2023-06-28T21:30:24","modified_gmt":"2023-06-29T03:30:24","slug":"habitantes-de-la-colonia-aviacion-civil-insisten-en-un-nuevo-mercado-en-la-zona","status":"publish","type":"post","link":"https:\/\/www.zunoticia.com\/noticias-de-hidalgo\/2023\/06\/28\/habitantes-de-la-colonia-aviacion-civil-insisten-en-un-nuevo-mercado-en-la-zona\/","title":{"rendered":"Habitantes de la colonia Aviaci\u00f3n Civil insisten en un nuevo mercado en la zona"},"content":{"rendered":"<aside class=\"mashsb-container mashsb-main mashsb-stretched\"><div class=\"mashsb-box\"><div class=\"mashsb-count mash-large\" style=\"float:left\"><div class=\"counts mashsbcount\">24<\/div><span class=\"mashsb-sharetext\">SHARES<\/span><\/div><div class=\"mashsb-buttons\"><a class=\"mashicon-facebook mash-large mash-center mashsb-noshadow\" href=\"https:\/\/www.facebook.com\/sharer.php?u=https%3A%2F%2Fwww.zunoticia.com%2Fnoticias-de-hidalgo%2F2023%2F06%2F28%2Fhabitantes-de-la-colonia-aviacion-civil-insisten-en-un-nuevo-mercado-en-la-zona%2F\" target=\"_top\" rel=\"nofollow\"><span class=\"icon\"><\/span><span class=\"text\">Share<\/span><\/a><a class=\"mashicon-twitter mash-large mash-center mashsb-noshadow\" href=\"https:\/\/twitter.com\/intent\/tweet?text=&amp;url=https:\/\/www.zunoticia.com\/noticias-de-hidalgo\/2023\/06\/28\/habitantes-de-la-colonia-aviacion-civil-insisten-en-un-nuevo-mercado-en-la-zona\/\" target=\"_top\" rel=\"nofollow\"><span class=\"icon\"><\/span><span class=\"text\">Tweet<\/span><\/a><div class=\"onoffswitch2 mash-large mashsb-noshadow\" style=\"display:none\"><\/div><\/div>\n            <\/div>\n                <div style=\"clear:both\"><\/div><div class=\"mashsb-toggle-container\"><\/div><\/aside>\n            <!-- Share buttons by mashshare.net - Version: 4.0.47-->\n<p><em>Por Salvador Altamirano\/Zunoticia<\/em><\/p>\n\n\n\n<p><strong>Huejutla, Hgo.-<\/strong> Habitantes de la colonia Aviaci\u00f3n Civil y sectores poblacionales circunvecinos, expresaron en su momento su opini\u00f3n y deseo, lo cual ratifican, de que el llamado Mercado Laurel se constituya como tal, ya que es m\u00e1s zona habitacional que centro comercial.<\/p>\n\n\n\n<p>Explicaron que, durante el gobierno de Mar\u00eda del Carmen Lara Garc\u00eda, ese espacio que era parte del campo de aviaci\u00f3n local fue donado por el municipio, precisamente, para un nuevo mercado, pero obscuros manejos, incluso pol\u00edticos, lo fueron tornando en propiedades y hay quienes han hecho grandes negocios con lo que es de todos los ciudadanos y no les cost\u00f3 ni un centavo.<\/p>\n\n\n\n<figure class=\"wp-block-image size-large\"><img fetchpriority=\"high\" decoding=\"async\" width=\"1024\" height=\"768\" src=\"https:\/\/www.zunoticia.com\/noticias-de-hidalgo\/wp-content\/uploads\/2023\/06\/eZy-Watermark-28-06-2023-07-23-51-4270p.m.-1024x768.jpg\" alt=\"\" class=\"wp-image-489384\" srcset=\"https:\/\/www.zunoticia.com\/noticias-de-hidalgo\/wp-content\/uploads\/2023\/06\/eZy-Watermark-28-06-2023-07-23-51-4270p.m.-1024x768.jpg 1024w, https:\/\/www.zunoticia.com\/noticias-de-hidalgo\/wp-content\/uploads\/2023\/06\/eZy-Watermark-28-06-2023-07-23-51-4270p.m.-300x225.jpg 300w, https:\/\/www.zunoticia.com\/noticias-de-hidalgo\/wp-content\/uploads\/2023\/06\/eZy-Watermark-28-06-2023-07-23-51-4270p.m.-768x576.jpg 768w, https:\/\/www.zunoticia.com\/noticias-de-hidalgo\/wp-content\/uploads\/2023\/06\/eZy-Watermark-28-06-2023-07-23-51-4270p.m..jpg 1280w\" sizes=\"(max-width: 1024px) 100vw, 1024px\" \/><\/figure>\n\n\n\n<p>Agregaron que, no obstante, si se obliga a los &#8220;due\u00f1os&#8221; de los locales a que los utilicen, ya que est\u00e1n pr\u00e1cticamente abandonados, se puede establecer un centro comercial que beneficiar\u00eda a todas las colonias cercanas.<\/p>\n\n\n\n<p>Para finalizar, comentaron que, \u201cde ocuparse todos los locales, y se vendan en ellos lo que se encuentra en el mercado central, al menos los que vivimos en esta zona, ya no ir\u00edamos hasta all\u00e1, nos quedar\u00edamos aqu\u00ed, en donde tambi\u00e9n est\u00e1 la Central de Abasto, que ofrece fruta y verduras frescas y a buen precio\u201d.<\/p>\n","protected":false},"excerpt":{"rendered":"<p>Por Salvador Altamirano\/Zunoticia Huejutla, Hgo.- Habitantes de la colonia Aviaci\u00f3n Civil y sectores poblacionales circunvecinos, expresaron en su momento su opini\u00f3n y deseo, lo cual ratifican, de que el llamado Mercado Laurel se constituya como tal, ya que es m\u00e1s zona habitacional que centro comercial. Explicaron que, durante el gobierno de Mar\u00eda del Carmen Lara&hellip; <a class=\"more-link\" href=\"https:\/\/www.zunoticia.com\/noticias-de-hidalgo\/2023\/06\/28\/habitantes-de-la-colonia-aviacion-civil-insisten-en-un-nuevo-mercado-en-la-zona\/\">Seguir leyendo <span class=\"screen-reader-text\">Habitantes de la colonia Aviaci\u00f3n Civil insisten en un nuevo mercado en la zona<\/span><\/a><\/p>\n","protected":false},"author":12,"featured_media":489383,"comment_status":"closed","ping_status":"open","sticky":false,"template":"","format":"standard","meta":{"rop_custom_images_group":[],"rop_custom_messages_group":[],"rop_publish_now":"initial","rop_publish_now_accounts":{"facebook_10159540855086992_322828327761733":""},"rop_publish_now_history":[],"rop_publish_now_status":"pending","footnotes":""},"categories":[181],"tags":[121],"class_list":["post-489420","post","type-post","status-publish","format-standard","has-post-thumbnail","hentry","category-huejutla","tag-huejutla","entry"],"_links":{"self":[{"href":"https:\/\/www.zunoticia.com\/noticias-de-hidalgo\/wp-json\/wp\/v2\/posts\/489420","targetHints":{"allow":["GET"]}}],"collection":[{"href":"https:\/\/www.zunoticia.com\/noticias-de-hidalgo\/wp-json\/wp\/v2\/posts"}],"about":[{"href":"https:\/\/www.zunoticia.com\/noticias-de-hidalgo\/wp-json\/wp\/v2\/types\/post"}],"author":[{"embeddable":true,"href":"https:\/\/www.zunoticia.com\/noticias-de-hidalgo\/wp-json\/wp\/v2\/users\/12"}],"replies":[{"embeddable":true,"href":"https:\/\/www.zunoticia.com\/noticias-de-hidalgo\/wp-json\/wp\/v2\/comments?post=489420"}],"version-history":[{"count":1,"href":"https:\/\/www.zunoticia.com\/noticias-de-hidalgo\/wp-json\/wp\/v2\/posts\/489420\/revisions"}],"predecessor-version":[{"id":489423,"href":"https:\/\/www.zunoticia.com\/noticias-de-hidalgo\/wp-json\/wp\/v2\/posts\/489420\/revisions\/489423"}],"wp:featuredmedia":[{"embeddable":true,"href":"https:\/\/www.zunoticia.com\/noticias-de-hidalgo\/wp-json\/wp\/v2\/media\/489383"}],"wp:attachment":[{"href":"https:\/\/www.zunoticia.com\/noticias-de-hidalgo\/wp-json\/wp\/v2\/media?parent=489420"}],"wp:term":[{"taxonomy":"category","embeddable":true,"href":"https:\/\/www.zunoticia.com\/noticias-de-hidalgo\/wp-json\/wp\/v2\/categories?post=489420"},{"taxonomy":"post_tag","embeddable":true,"href":"https:\/\/www.zunoticia.com\/noticias-de-hidalgo\/wp-json\/wp\/v2\/tags?post=489420"}],"curies":[{"name":"wp","href":"https:\/\/api.w.org\/{rel}","templated":true}]}}