{"id":489422,"date":"2023-06-28T21:36:38","date_gmt":"2023-06-29T03:36:38","guid":{"rendered":"https:\/\/www.zunoticia.com\/noticias-de-hidalgo\/?p=489422"},"modified":"2023-06-28T21:36:39","modified_gmt":"2023-06-29T03:36:39","slug":"huastecos-acudiran-al-zocalo-a-celebrar-aniversario-del-triunfo-de-morena","status":"publish","type":"post","link":"https:\/\/www.zunoticia.com\/noticias-de-hidalgo\/2023\/06\/28\/huastecos-acudiran-al-zocalo-a-celebrar-aniversario-del-triunfo-de-morena\/","title":{"rendered":"Huastecos acudir\u00e1n al z\u00f3calo a celebrar aniversario del triunfo de Morena"},"content":{"rendered":"<aside class=\"mashsb-container mashsb-main mashsb-stretched\"><div class=\"mashsb-box\"><div class=\"mashsb-count mash-large\" style=\"float:left\"><div class=\"counts mashsbcount\">0<\/div><span class=\"mashsb-sharetext\">SHARES<\/span><\/div><div class=\"mashsb-buttons\"><a class=\"mashicon-facebook mash-large mash-center mashsb-noshadow\" href=\"https:\/\/www.facebook.com\/sharer.php?u=https%3A%2F%2Fwww.zunoticia.com%2Fnoticias-de-hidalgo%2F2023%2F06%2F28%2Fhuastecos-acudiran-al-zocalo-a-celebrar-aniversario-del-triunfo-de-morena%2F\" target=\"_top\" rel=\"nofollow\"><span class=\"icon\"><\/span><span class=\"text\">Share<\/span><\/a><a class=\"mashicon-twitter mash-large mash-center mashsb-noshadow\" href=\"https:\/\/twitter.com\/intent\/tweet?text=&amp;url=https:\/\/www.zunoticia.com\/noticias-de-hidalgo\/2023\/06\/28\/huastecos-acudiran-al-zocalo-a-celebrar-aniversario-del-triunfo-de-morena\/\" target=\"_top\" rel=\"nofollow\"><span class=\"icon\"><\/span><span class=\"text\">Tweet<\/span><\/a><div class=\"onoffswitch2 mash-large mashsb-noshadow\" style=\"display:none\"><\/div><\/div>\n            <\/div>\n                <div style=\"clear:both\"><\/div><div class=\"mashsb-toggle-container\"><\/div><\/aside>\n            <!-- Share buttons by mashshare.net - Version: 4.0.47-->\n<p><em>Por Enedino Hern\u00e1ndez\/Zunoticia<\/em><\/p>\n\n\n\n<p><strong>Huejutla, Hgo.-<\/strong> Un buen n\u00famero de ciudadanos de la huasteca se preparan con toda anticipaci\u00f3n para acudir el d\u00eda primero de julio al Z\u00f3calo, en la ciudad de M\u00e9xico, para celebrar el quinto aniversario del triunfo del Movimiento de Regeneraci\u00f3n Nacional (MORENA).<\/p>\n\n\n\n<p>El profesor Arturo Badillo Molinos, miembro fundador de Morena en la huasteca, dijo que, la convocatoria que se tiene es directamente del Presidente de M\u00e9xico, Andr\u00e9s Manuel L\u00f3pez Obrador, ya que en el 2018 se tuvo una participaci\u00f3n entusiasta de parte del pueblo mexicano.<\/p>\n\n\n\n<p>Dijo que la alta puntuaci\u00f3n en votos en favor de Morena fue algo hist\u00f3rico y ahora los ciudadanos habr\u00e1n de celebrar el quinto aniversario de ese triunfo que llev\u00f3 a Morena a gobernar el pa\u00eds y con ello vino a fortalecerse la democracia.<\/p>\n\n\n\n<p>Asegura que, de la zona Huasteca un buen n\u00famero de ciudadanos ya se est\u00e1n organizando para participar en este gran evento, \u201cvamos a darnos cita en el z\u00f3calo, de manera unida acudiremos los de Huejutla, Huautla, Yahualica, Xochiatipan, Atlapexco, San Felipe Orizatl\u00e1n, entre otros.<\/p>\n\n\n\n<p>Reconoce que, a cinco a\u00f1os del triunfo de Morena en M\u00e9xico, al momento se han concretado importantes avances \u201ctal vez no de manera impactante en la econom\u00eda, pues es algo muy palpable que en ese aspecto hemos estado rezagos por la mala inversi\u00f3n de los Ex Presidentes y la fuga de mucho capital econ\u00f3mico en sus gestiones\u201d.<\/p>\n\n\n\n<p>Concluye diciendo que, \u201cactualmente en la gesti\u00f3n de Andr\u00e9s Manuel L\u00f3pez Obrador, se ha tratado de nivelar muchas cosas, pero falta todav\u00eda por ejemplo en los salarios que a\u00fan se encuentran bajitos por la inflaci\u00f3n, y lo vemos porque no alcanza como para poder adquirir la canasta b\u00e1sica, es un impacto muy fuerte para los trabajadores y para la sociedad en general\u201d.<\/p>\n","protected":false},"excerpt":{"rendered":"<p>Por Enedino Hern\u00e1ndez\/Zunoticia Huejutla, Hgo.- Un buen n\u00famero de ciudadanos de la huasteca se preparan con toda anticipaci\u00f3n para acudir el d\u00eda primero de julio al Z\u00f3calo, en la ciudad de M\u00e9xico, para celebrar el quinto aniversario del triunfo del Movimiento de Regeneraci\u00f3n Nacional (MORENA). El profesor Arturo Badillo Molinos, miembro fundador de Morena en&hellip; <a class=\"more-link\" href=\"https:\/\/www.zunoticia.com\/noticias-de-hidalgo\/2023\/06\/28\/huastecos-acudiran-al-zocalo-a-celebrar-aniversario-del-triunfo-de-morena\/\">Seguir leyendo <span class=\"screen-reader-text\">Huastecos acudir\u00e1n al z\u00f3calo a celebrar aniversario del triunfo de Morena<\/span><\/a><\/p>\n","protected":false},"author":12,"featured_media":489385,"comment_status":"closed","ping_status":"open","sticky":false,"template":"","format":"standard","meta":{"rop_custom_images_group":[],"rop_custom_messages_group":[],"rop_publish_now":"initial","rop_publish_now_accounts":{"facebook_10159540855086992_322828327761733":""},"rop_publish_now_history":[],"rop_publish_now_status":"pending","footnotes":""},"categories":[181],"tags":[121],"class_list":["post-489422","post","type-post","status-publish","format-standard","has-post-thumbnail","hentry","category-huejutla","tag-huejutla","entry"],"_links":{"self":[{"href":"https:\/\/www.zunoticia.com\/noticias-de-hidalgo\/wp-json\/wp\/v2\/posts\/489422","targetHints":{"allow":["GET"]}}],"collection":[{"href":"https:\/\/www.zunoticia.com\/noticias-de-hidalgo\/wp-json\/wp\/v2\/posts"}],"about":[{"href":"https:\/\/www.zunoticia.com\/noticias-de-hidalgo\/wp-json\/wp\/v2\/types\/post"}],"author":[{"embeddable":true,"href":"https:\/\/www.zunoticia.com\/noticias-de-hidalgo\/wp-json\/wp\/v2\/users\/12"}],"replies":[{"embeddable":true,"href":"https:\/\/www.zunoticia.com\/noticias-de-hidalgo\/wp-json\/wp\/v2\/comments?post=489422"}],"version-history":[{"count":1,"href":"https:\/\/www.zunoticia.com\/noticias-de-hidalgo\/wp-json\/wp\/v2\/posts\/489422\/revisions"}],"predecessor-version":[{"id":489424,"href":"https:\/\/www.zunoticia.com\/noticias-de-hidalgo\/wp-json\/wp\/v2\/posts\/489422\/revisions\/489424"}],"wp:featuredmedia":[{"embeddable":true,"href":"https:\/\/www.zunoticia.com\/noticias-de-hidalgo\/wp-json\/wp\/v2\/media\/489385"}],"wp:attachment":[{"href":"https:\/\/www.zunoticia.com\/noticias-de-hidalgo\/wp-json\/wp\/v2\/media?parent=489422"}],"wp:term":[{"taxonomy":"category","embeddable":true,"href":"https:\/\/www.zunoticia.com\/noticias-de-hidalgo\/wp-json\/wp\/v2\/categories?post=489422"},{"taxonomy":"post_tag","embeddable":true,"href":"https:\/\/www.zunoticia.com\/noticias-de-hidalgo\/wp-json\/wp\/v2\/tags?post=489422"}],"curies":[{"name":"wp","href":"https:\/\/api.w.org\/{rel}","templated":true}]}}