{"id":489446,"date":"2023-06-28T23:23:25","date_gmt":"2023-06-29T05:23:25","guid":{"rendered":"https:\/\/www.zunoticia.com\/noticias-de-hidalgo\/?p=489446"},"modified":"2023-06-29T12:35:48","modified_gmt":"2023-06-29T18:35:48","slug":"espejeando-por-perseo-684","status":"publish","type":"post","link":"https:\/\/www.zunoticia.com\/noticias-de-hidalgo\/2023\/06\/28\/espejeando-por-perseo-684\/","title":{"rendered":"ESPEJEANDO por Perseo"},"content":{"rendered":"<aside class=\"mashsb-container mashsb-main mashsb-stretched\"><div class=\"mashsb-box\"><div class=\"mashsb-count mash-large\" style=\"float:left\"><div class=\"counts mashsbcount\">25<\/div><span class=\"mashsb-sharetext\">SHARES<\/span><\/div><div class=\"mashsb-buttons\"><a class=\"mashicon-facebook mash-large mash-center mashsb-noshadow\" href=\"https:\/\/www.facebook.com\/sharer.php?u=https%3A%2F%2Fwww.zunoticia.com%2Fnoticias-de-hidalgo%2F2023%2F06%2F28%2Fespejeando-por-perseo-684%2F\" target=\"_top\" rel=\"nofollow\"><span class=\"icon\"><\/span><span class=\"text\">Share<\/span><\/a><a class=\"mashicon-twitter mash-large mash-center mashsb-noshadow\" href=\"https:\/\/twitter.com\/intent\/tweet?text=&amp;url=https:\/\/www.zunoticia.com\/noticias-de-hidalgo\/2023\/06\/28\/espejeando-por-perseo-684\/\" target=\"_top\" rel=\"nofollow\"><span class=\"icon\"><\/span><span class=\"text\">Tweet<\/span><\/a><div class=\"onoffswitch2 mash-large mashsb-noshadow\" style=\"display:none\"><\/div><\/div>\n            <\/div>\n                <div style=\"clear:both\"><\/div><div class=\"mashsb-toggle-container\"><\/div><\/aside>\n            <!-- Share buttons by mashshare.net - Version: 4.0.47-->\n<p>\u2022 Recorre la Huasteca C\u00e9sar Cruz Ben\u00edtez, Ind\u00edgena H\u00f1an\u00f1u que ha solicitado registro para participar en la encuesta para la Coordinaci\u00f3n de la Defensa de la Transformaci\u00f3n, a la par de &#8220;Las Corcholatas&#8221; Claudia, Marcelo, Ricardo, Ad\u00e1n Augusto, Gerardo y el del PVEM.<\/p>\n\n\n\n<p>\u2022 Es oriundo de la comunidad de San Idelfonso, municipio de Tepeji del R\u00edo, Hidalgo, militante de MORENA; en Zunoticia Global dijo que ha solicitado registro para participar en la encuesta para la Coordinaci\u00f3n de la Defensa de la Transformaci\u00f3n, en su calidad de persona ind\u00edgena.<\/p>\n\n\n\n<p>\u2022 El pasado 16 de junio solicit\u00f3 su registro e inicia sus actividades, y estuvo en Huejutla en la comunidad de Buena Vista.<\/p>\n\n\n\n<p>\u2022 En entrevista acepta que, al participar en la encuesta, intenta visibilizar a los pueblos y comunidades ind\u00edgenas y afromexicanos, porque las condiciones de vida de los pueblos y comunidades ind\u00edgenas que, pese a los esfuerzos, contin\u00faan siendo precarias, un 69.5 por ciento se encuentra en situaci\u00f3n de pobreza, de acuerdo con el Coneval, es decir, unas 8 millones 340 mil personas.<\/p>\n\n\n\n<p>\u2022 Aunado a ello, los pueblos originarios siguen padeciendo saqueo, miseria y discriminaci\u00f3n. Pese a ello, dijo \u201csomos ejemplo de resistencia y perseverancia\u201d.<\/p>\n\n\n\n<p>\u2022 Acepta no bastan 6 a\u00f1os para revertir tantas injusticia y agravios al pueblo de M\u00e9xico y los pueblos originarios y afromexicanos que le dan identidad.<\/p>\n\n\n\n<p>\u2022 Consider\u00f3 que es necesario que en la Constituci\u00f3n Pol\u00edtica de M\u00e9xico se reconozca plenamente los derechos de nuestros pueblos y comunidades ind\u00edgenas y afromexicanas, como un componente fundamental de la Cuarta Transformaci\u00f3n.<\/p>\n\n\n\n<p>\u2022 Dijo que M\u00e9xico es una naci\u00f3n multiling\u00fce, con 68 lenguas ind\u00edgenas originarias, m\u00e1s el espa\u00f1ol; nuestro pa\u00eds cuenta con 11 familias ling\u00fc\u00edsticas, 68 agrupaciones ling\u00fc\u00edsticas de donde se derivan 364 variantes ling\u00fc\u00edsticas.<\/p>\n\n\n\n<p>\u2022 112 muertos por calor, en M\u00e9xico el esquema es grave y alarmante, la emergencia por este fen\u00f3meno emergente que Hidalgo deber\u00e1 considerar, sobre todo en municipios con mayor problema como La Huasteca Hidalguense, d\u00f3nde las temperaturas han sido severas y el sector ganadero pasa por un momento dif\u00edcil, los productores esperan lluvias y ni siquiera en el d\u00eda de San Juan como en otros a\u00f1os que llueve, lo que ha complicado el momento para nuestra gente.<\/p>\n\n\n\n<p>\u2022 El agua es otro problema en cuanto a los puntos de captaci\u00f3n que est\u00e1 tandeando y justificando da\u00f1os en el bombeo, cuando tenemos el problema tan complicado<\/p>\n\n\n\n<p>\u2022 Estas unidades andan a la vuelta y vuelta, all\u00e1 donde el Contralor \u00c1lvaro Bardales ha regresado una y otra vez, pues ya debe tener una radiograf\u00eda como tutor de la regi\u00f3n huasteca.<\/p>\n\n\n\n<p>\u2022 Recordemos que con la pandemia algunos gobiernos usaron esto para sacar econom\u00eda irregular, hacer compras privilegiando factores, ya estamos en contingencia y no se ha dicho nada al respecto o no sabemos cu\u00e1les son los criterios para declarar da\u00f1os, la intenci\u00f3n de que llegue la lluvia, est\u00e1 previsto, por otro lado, estamos en temporada de huracanes y esto nos pone en una encrucijada.<\/p>\n\n\n<div class=\"wp-block-image\">\n<figure class=\"aligncenter size-large\"><img fetchpriority=\"high\" decoding=\"async\" width=\"819\" height=\"1024\" src=\"https:\/\/www.zunoticia.com\/noticias-de-hidalgo\/wp-content\/uploads\/2023\/06\/Imagen-de-WhatsApp-2023-06-28-a-las-23.15.03-819x1024.jpg\" alt=\"\" class=\"wp-image-489447\" srcset=\"https:\/\/www.zunoticia.com\/noticias-de-hidalgo\/wp-content\/uploads\/2023\/06\/Imagen-de-WhatsApp-2023-06-28-a-las-23.15.03-819x1024.jpg 819w, https:\/\/www.zunoticia.com\/noticias-de-hidalgo\/wp-content\/uploads\/2023\/06\/Imagen-de-WhatsApp-2023-06-28-a-las-23.15.03-240x300.jpg 240w, https:\/\/www.zunoticia.com\/noticias-de-hidalgo\/wp-content\/uploads\/2023\/06\/Imagen-de-WhatsApp-2023-06-28-a-las-23.15.03-768x960.jpg 768w, https:\/\/www.zunoticia.com\/noticias-de-hidalgo\/wp-content\/uploads\/2023\/06\/Imagen-de-WhatsApp-2023-06-28-a-las-23.15.03.jpg 1151w\" sizes=\"(max-width: 819px) 100vw, 819px\" \/><\/figure>\n<\/div>","protected":false},"excerpt":{"rendered":"<p>\u2022 Recorre la Huasteca C\u00e9sar Cruz Ben\u00edtez, Ind\u00edgena H\u00f1an\u00f1u que ha solicitado registro para participar en la encuesta para la Coordinaci\u00f3n de la Defensa de la Transformaci\u00f3n, a la par de &#8220;Las Corcholatas&#8221; Claudia, Marcelo, Ricardo, Ad\u00e1n Augusto, Gerardo y el del PVEM. \u2022 Es oriundo de la comunidad de San Idelfonso, municipio de Tepeji&hellip; <a class=\"more-link\" href=\"https:\/\/www.zunoticia.com\/noticias-de-hidalgo\/2023\/06\/28\/espejeando-por-perseo-684\/\">Seguir leyendo <span class=\"screen-reader-text\">ESPEJEANDO por Perseo<\/span><\/a><\/p>\n","protected":false},"author":12,"featured_media":489448,"comment_status":"closed","ping_status":"open","sticky":false,"template":"","format":"standard","meta":{"rop_custom_images_group":[],"rop_custom_messages_group":[],"rop_publish_now":"initial","rop_publish_now_accounts":{"facebook_10159540855086992_322828327761733":""},"rop_publish_now_history":[],"rop_publish_now_status":"pending","footnotes":""},"categories":[176],"tags":[205],"class_list":["post-489446","post","type-post","status-publish","format-standard","has-post-thumbnail","hentry","category-espejeando","tag-espejeando","entry"],"_links":{"self":[{"href":"https:\/\/www.zunoticia.com\/noticias-de-hidalgo\/wp-json\/wp\/v2\/posts\/489446","targetHints":{"allow":["GET"]}}],"collection":[{"href":"https:\/\/www.zunoticia.com\/noticias-de-hidalgo\/wp-json\/wp\/v2\/posts"}],"about":[{"href":"https:\/\/www.zunoticia.com\/noticias-de-hidalgo\/wp-json\/wp\/v2\/types\/post"}],"author":[{"embeddable":true,"href":"https:\/\/www.zunoticia.com\/noticias-de-hidalgo\/wp-json\/wp\/v2\/users\/12"}],"replies":[{"embeddable":true,"href":"https:\/\/www.zunoticia.com\/noticias-de-hidalgo\/wp-json\/wp\/v2\/comments?post=489446"}],"version-history":[{"count":2,"href":"https:\/\/www.zunoticia.com\/noticias-de-hidalgo\/wp-json\/wp\/v2\/posts\/489446\/revisions"}],"predecessor-version":[{"id":489461,"href":"https:\/\/www.zunoticia.com\/noticias-de-hidalgo\/wp-json\/wp\/v2\/posts\/489446\/revisions\/489461"}],"wp:featuredmedia":[{"embeddable":true,"href":"https:\/\/www.zunoticia.com\/noticias-de-hidalgo\/wp-json\/wp\/v2\/media\/489448"}],"wp:attachment":[{"href":"https:\/\/www.zunoticia.com\/noticias-de-hidalgo\/wp-json\/wp\/v2\/media?parent=489446"}],"wp:term":[{"taxonomy":"category","embeddable":true,"href":"https:\/\/www.zunoticia.com\/noticias-de-hidalgo\/wp-json\/wp\/v2\/categories?post=489446"},{"taxonomy":"post_tag","embeddable":true,"href":"https:\/\/www.zunoticia.com\/noticias-de-hidalgo\/wp-json\/wp\/v2\/tags?post=489446"}],"curies":[{"name":"wp","href":"https:\/\/api.w.org\/{rel}","templated":true}]}}