{"id":489529,"date":"2023-06-29T17:51:56","date_gmt":"2023-06-29T23:51:56","guid":{"rendered":"https:\/\/www.zunoticia.com\/noticias-de-hidalgo\/?p=489529"},"modified":"2023-06-29T17:51:57","modified_gmt":"2023-06-29T23:51:57","slug":"comienza-capacitacion-a-productores-apicolas-y-de-citricos","status":"publish","type":"post","link":"https:\/\/www.zunoticia.com\/noticias-de-hidalgo\/2023\/06\/29\/comienza-capacitacion-a-productores-apicolas-y-de-citricos\/","title":{"rendered":"Comienza capacitaci\u00f3n a productores ap\u00edcolas y de c\u00edtricos"},"content":{"rendered":"<aside class=\"mashsb-container mashsb-main mashsb-stretched\"><div class=\"mashsb-box\"><div class=\"mashsb-count mash-large\" style=\"float:left\"><div class=\"counts mashsbcount\">6<\/div><span class=\"mashsb-sharetext\">SHARES<\/span><\/div><div class=\"mashsb-buttons\"><a class=\"mashicon-facebook mash-large mash-center mashsb-noshadow\" href=\"https:\/\/www.facebook.com\/sharer.php?u=https%3A%2F%2Fwww.zunoticia.com%2Fnoticias-de-hidalgo%2F2023%2F06%2F29%2Fcomienza-capacitacion-a-productores-apicolas-y-de-citricos%2F\" target=\"_top\" rel=\"nofollow\"><span class=\"icon\"><\/span><span class=\"text\">Share<\/span><\/a><a class=\"mashicon-twitter mash-large mash-center mashsb-noshadow\" href=\"https:\/\/twitter.com\/intent\/tweet?text=&amp;url=https:\/\/www.zunoticia.com\/noticias-de-hidalgo\/2023\/06\/29\/comienza-capacitacion-a-productores-apicolas-y-de-citricos\/\" target=\"_top\" rel=\"nofollow\"><span class=\"icon\"><\/span><span class=\"text\">Tweet<\/span><\/a><div class=\"onoffswitch2 mash-large mashsb-noshadow\" style=\"display:none\"><\/div><\/div>\n            <\/div>\n                <div style=\"clear:both\"><\/div><div class=\"mashsb-toggle-container\"><\/div><\/aside>\n            <!-- Share buttons by mashshare.net - Version: 4.0.47-->\n<p><em>Por \u00c1ngel Silverio\/Zunoticia<\/em><\/p>\n\n\n\n<p><strong>San Felipe Orizatl\u00e1n, Hgo<\/strong>.- Atendiendo la principal demanda de los productores con la intenci\u00f3n de promover y favorecer a los trabajadores del campo, especialmente a los apicultores y citricultores, se llev\u00f3 a cabo una capacitaci\u00f3n de vital importancia, con la cual se busca que puedan mejorar sus cosechas, as\u00ed generar un mejor mercado para ellos.<\/p>\n\n\n\n<p>Al respecto, el secretario del ayuntamiento municipal, Camilo Melo Rivera, en nombre de la alcaldesa Erika Saab, precis\u00f3 que, es importante hacer este tipo de acciones para que los productores cada d\u00eda puedan seguir aprendiendo, con el objetivo de producir m\u00e1s y as\u00ed conseguir el valor agregado de sus productos; por lo que la administraci\u00f3n municipal seguir\u00e1 trabajando de la mano con el Gobierno Estatal para traer m\u00e1s y mejores beneficios para las y los productores orizatlenses.<\/p>\n\n\n\n<p>Es as\u00ed que se realizaron dos capacitaciones sobre Prevenci\u00f3n y Control de Plagas; Enfermedades en la Crianza de las Abejas, a cargo de \u00c1ngel de Jes\u00fas Hern\u00e1ndez Ram\u00edrez; y Plagas y Enfermedades de los C\u00edtricos a cargo del ponente Marcos Silvestre Mart\u00edn, talleres que ser\u00e1n sin duda de gran utilidad para mejorar la producci\u00f3n tanto de miel como de naranja.<\/p>\n\n\n\n<p>En esta primera reuni\u00f3n del Consejo municipal de Desarrollo Rural Sustentable, estuvieron presentes Ricardo Reyes, jefe de Desarrollo Distrital Rural Huejutla; Alfredo Salinas \u00c1lvarez, titular de SADER San Felipe; Yamil Fayad Ver\u00e1stegui, representante de Marco Antonio Ramos Moguel, subsecretario de Gobierno en la Huasteca; Jorge Luis P\u00e9rez Monroy, presidente estatal del Comit\u00e9 Sistema Producto C\u00edtricos en Hidalgo; Jorge Gea Vite, enlace de Planeaci\u00f3n y Prospectiva en la Huasteca; Maricela Hern\u00e1ndez, directora de Proyectos Productivos Municipal.<\/p>\n\n\n\n<figure class=\"wp-block-image size-full\"><img fetchpriority=\"high\" decoding=\"async\" width=\"940\" height=\"788\" src=\"https:\/\/www.zunoticia.com\/noticias-de-hidalgo\/wp-content\/uploads\/2023\/06\/Diseno-sin-titulo-169.png\" alt=\"\" class=\"wp-image-489531\" srcset=\"https:\/\/www.zunoticia.com\/noticias-de-hidalgo\/wp-content\/uploads\/2023\/06\/Diseno-sin-titulo-169.png 940w, https:\/\/www.zunoticia.com\/noticias-de-hidalgo\/wp-content\/uploads\/2023\/06\/Diseno-sin-titulo-169-300x251.png 300w, https:\/\/www.zunoticia.com\/noticias-de-hidalgo\/wp-content\/uploads\/2023\/06\/Diseno-sin-titulo-169-768x644.png 768w\" sizes=\"(max-width: 940px) 100vw, 940px\" \/><\/figure>\n","protected":false},"excerpt":{"rendered":"<p>Por \u00c1ngel Silverio\/Zunoticia San Felipe Orizatl\u00e1n, Hgo.- Atendiendo la principal demanda de los productores con la intenci\u00f3n de promover y favorecer a los trabajadores del campo, especialmente a los apicultores y citricultores, se llev\u00f3 a cabo una capacitaci\u00f3n de vital importancia, con la cual se busca que puedan mejorar sus cosechas, as\u00ed generar un mejor&hellip; <a class=\"more-link\" href=\"https:\/\/www.zunoticia.com\/noticias-de-hidalgo\/2023\/06\/29\/comienza-capacitacion-a-productores-apicolas-y-de-citricos\/\">Seguir leyendo <span class=\"screen-reader-text\">Comienza capacitaci\u00f3n a productores ap\u00edcolas y de c\u00edtricos<\/span><\/a><\/p>\n","protected":false},"author":20,"featured_media":489530,"comment_status":"closed","ping_status":"open","sticky":false,"template":"","format":"standard","meta":{"rop_custom_images_group":[],"rop_custom_messages_group":[],"rop_publish_now":"initial","rop_publish_now_accounts":{"facebook_10159540855086992_322828327761733":""},"rop_publish_now_history":[],"rop_publish_now_status":"pending","footnotes":""},"categories":[180],"tags":[129],"class_list":["post-489529","post","type-post","status-publish","format-standard","has-post-thumbnail","hentry","category-orizatlan","tag-orizatlan","entry"],"_links":{"self":[{"href":"https:\/\/www.zunoticia.com\/noticias-de-hidalgo\/wp-json\/wp\/v2\/posts\/489529","targetHints":{"allow":["GET"]}}],"collection":[{"href":"https:\/\/www.zunoticia.com\/noticias-de-hidalgo\/wp-json\/wp\/v2\/posts"}],"about":[{"href":"https:\/\/www.zunoticia.com\/noticias-de-hidalgo\/wp-json\/wp\/v2\/types\/post"}],"author":[{"embeddable":true,"href":"https:\/\/www.zunoticia.com\/noticias-de-hidalgo\/wp-json\/wp\/v2\/users\/20"}],"replies":[{"embeddable":true,"href":"https:\/\/www.zunoticia.com\/noticias-de-hidalgo\/wp-json\/wp\/v2\/comments?post=489529"}],"version-history":[{"count":1,"href":"https:\/\/www.zunoticia.com\/noticias-de-hidalgo\/wp-json\/wp\/v2\/posts\/489529\/revisions"}],"predecessor-version":[{"id":489532,"href":"https:\/\/www.zunoticia.com\/noticias-de-hidalgo\/wp-json\/wp\/v2\/posts\/489529\/revisions\/489532"}],"wp:featuredmedia":[{"embeddable":true,"href":"https:\/\/www.zunoticia.com\/noticias-de-hidalgo\/wp-json\/wp\/v2\/media\/489530"}],"wp:attachment":[{"href":"https:\/\/www.zunoticia.com\/noticias-de-hidalgo\/wp-json\/wp\/v2\/media?parent=489529"}],"wp:term":[{"taxonomy":"category","embeddable":true,"href":"https:\/\/www.zunoticia.com\/noticias-de-hidalgo\/wp-json\/wp\/v2\/categories?post=489529"},{"taxonomy":"post_tag","embeddable":true,"href":"https:\/\/www.zunoticia.com\/noticias-de-hidalgo\/wp-json\/wp\/v2\/tags?post=489529"}],"curies":[{"name":"wp","href":"https:\/\/api.w.org\/{rel}","templated":true}]}}