{"id":489816,"date":"2023-06-30T12:26:02","date_gmt":"2023-06-30T18:26:02","guid":{"rendered":"https:\/\/www.zunoticia.com\/noticias-de-hidalgo\/?p=489816"},"modified":"2023-06-30T12:26:03","modified_gmt":"2023-06-30T18:26:03","slug":"el-heroe-local-de-huejutla-no-era-hidalguense-iniesta-mondragon","status":"publish","type":"post","link":"https:\/\/www.zunoticia.com\/noticias-de-hidalgo\/2023\/06\/30\/el-heroe-local-de-huejutla-no-era-hidalguense-iniesta-mondragon\/","title":{"rendered":"El h\u00e9roe local de Huejutla no era hidalguense: Iniesta Mondrag\u00f3n"},"content":{"rendered":"<aside class=\"mashsb-container mashsb-main mashsb-stretched\"><div class=\"mashsb-box\"><div class=\"mashsb-count mash-large\" style=\"float:left\"><div class=\"counts mashsbcount\">28<\/div><span class=\"mashsb-sharetext\">SHARES<\/span><\/div><div class=\"mashsb-buttons\"><a class=\"mashicon-facebook mash-large mash-center mashsb-noshadow\" href=\"https:\/\/www.facebook.com\/sharer.php?u=https%3A%2F%2Fwww.zunoticia.com%2Fnoticias-de-hidalgo%2F2023%2F06%2F30%2Fel-heroe-local-de-huejutla-no-era-hidalguense-iniesta-mondragon%2F\" target=\"_top\" rel=\"nofollow\"><span class=\"icon\"><\/span><span class=\"text\">Share<\/span><\/a><a class=\"mashicon-twitter mash-large mash-center mashsb-noshadow\" href=\"https:\/\/twitter.com\/intent\/tweet?text=&amp;url=https:\/\/www.zunoticia.com\/noticias-de-hidalgo\/2023\/06\/30\/el-heroe-local-de-huejutla-no-era-hidalguense-iniesta-mondragon\/\" target=\"_top\" rel=\"nofollow\"><span class=\"icon\"><\/span><span class=\"text\">Tweet<\/span><\/a><div class=\"onoffswitch2 mash-large mashsb-noshadow\" style=\"display:none\"><\/div><\/div>\n            <\/div>\n                <div style=\"clear:both\"><\/div><div class=\"mashsb-toggle-container\"><\/div><\/aside>\n            <!-- Share buttons by mashshare.net - Version: 4.0.47-->\n<p><em>Por Salvador Altamirano\/Zunoticia<\/em><\/p>\n\n\n\n<p><strong>Huejutla, Hgo<\/strong>.- El mediador de la &#8220;Sala de Lectura Jaime Sabines&#8221;, Leopoldo Enrique Iniesta Mondrag\u00f3n, refiri\u00f3 que muchos nativos de Huejutla -sin generalizar-, tienen una peculiaridad muy detallada, que consiste en que critican el quehacer de quienes llegamos de otros lugares, no obstante que vengamos a contribuir al progreso, en mi caso, en el tema cultural.<\/p>\n\n\n\n<p>Agreg\u00f3, \u201cla mayor\u00eda de los huejutlenses creen que quienes llegamos de fuera venimos a destruir, y eso no es cierto, tratamos de impulsar su cultura y todos los aspectos que conllevan al progreso; tenemos iniciativa y no es que los locales no la tengan, pero generalmente les da temor iniciar un proyecto, y lo cristalizan hasta que otro, posiblemente fuere\u00f1o, lo hace\u201d.<\/p>\n\n\n\n<p>Subray\u00f3 que, hablando de no nativo 100 %, en el concepto hist\u00f3rico, el h\u00e9roe local Antonio Reyes Cabrera &#8220;El Tordo&#8221; no era hidalguense, era mexiquense, ya que en ese entonces, en 1866 el Estado de Hidalgo no exist\u00eda, pertenec\u00eda al Segundo Distrito Militar del Estado de M\u00e9xico y fue hasta el 16 de agosto de 1869 que se constituy\u00f3 como tal a trav\u00e9s del decreto de don Benito Ju\u00e1rez Garc\u00eda.<\/p>\n\n\n\n<p>A pregunta expresa, subray\u00f3 que, la huasteca y Huejutla en particular son muy hermosos, y muchas personas locales o no quieren su progreso, pero el problema es el calcitrante pensamiento pol\u00edtico, los desacuerdos, \u201ceso es lo que despedaza todo, por lo que es muy importante que las autoridades municipales hagan conciencia que Huejutla ha sido tambi\u00e9n forjada por mucha gente no nacida aqu\u00ed, proveniente de otros lugares, y la apoyen, no discriminen\u201d.<\/p>\n\n\n\n<p>Para finalizar, Iniesta Mondrag\u00f3n enfatiz\u00f3 que, cuando se empiece a tener el pensamiento local con el de fuera, habr\u00e1 un Huejutla m\u00e1s hermoso, que puede llegar por m\u00e9ritos propios, con sustento al &#8220;Pueblo M\u00e1gico&#8221; que se requiere.<\/p>\n\n\n\n<figure class=\"wp-block-image size-full\"><img fetchpriority=\"high\" decoding=\"async\" width=\"940\" height=\"788\" src=\"https:\/\/www.zunoticia.com\/noticias-de-hidalgo\/wp-content\/uploads\/2023\/06\/1-273.png\" alt=\"\" class=\"wp-image-489818\" srcset=\"https:\/\/www.zunoticia.com\/noticias-de-hidalgo\/wp-content\/uploads\/2023\/06\/1-273.png 940w, https:\/\/www.zunoticia.com\/noticias-de-hidalgo\/wp-content\/uploads\/2023\/06\/1-273-300x251.png 300w, https:\/\/www.zunoticia.com\/noticias-de-hidalgo\/wp-content\/uploads\/2023\/06\/1-273-768x644.png 768w\" sizes=\"(max-width: 940px) 100vw, 940px\" \/><\/figure>\n","protected":false},"excerpt":{"rendered":"<p>Por Salvador Altamirano\/Zunoticia Huejutla, Hgo.- El mediador de la &#8220;Sala de Lectura Jaime Sabines&#8221;, Leopoldo Enrique Iniesta Mondrag\u00f3n, refiri\u00f3 que muchos nativos de Huejutla -sin generalizar-, tienen una peculiaridad muy detallada, que consiste en que critican el quehacer de quienes llegamos de otros lugares, no obstante que vengamos a contribuir al progreso, en mi caso,&hellip; <a class=\"more-link\" href=\"https:\/\/www.zunoticia.com\/noticias-de-hidalgo\/2023\/06\/30\/el-heroe-local-de-huejutla-no-era-hidalguense-iniesta-mondragon\/\">Seguir leyendo <span class=\"screen-reader-text\">El h\u00e9roe local de Huejutla no era hidalguense: Iniesta Mondrag\u00f3n<\/span><\/a><\/p>\n","protected":false},"author":20,"featured_media":489817,"comment_status":"closed","ping_status":"open","sticky":false,"template":"","format":"standard","meta":{"rop_custom_images_group":[],"rop_custom_messages_group":[],"rop_publish_now":"initial","rop_publish_now_accounts":{"facebook_10159540855086992_322828327761733":""},"rop_publish_now_history":[],"rop_publish_now_status":"pending","footnotes":""},"categories":[181],"tags":[121],"class_list":["post-489816","post","type-post","status-publish","format-standard","has-post-thumbnail","hentry","category-huejutla","tag-huejutla","entry"],"_links":{"self":[{"href":"https:\/\/www.zunoticia.com\/noticias-de-hidalgo\/wp-json\/wp\/v2\/posts\/489816","targetHints":{"allow":["GET"]}}],"collection":[{"href":"https:\/\/www.zunoticia.com\/noticias-de-hidalgo\/wp-json\/wp\/v2\/posts"}],"about":[{"href":"https:\/\/www.zunoticia.com\/noticias-de-hidalgo\/wp-json\/wp\/v2\/types\/post"}],"author":[{"embeddable":true,"href":"https:\/\/www.zunoticia.com\/noticias-de-hidalgo\/wp-json\/wp\/v2\/users\/20"}],"replies":[{"embeddable":true,"href":"https:\/\/www.zunoticia.com\/noticias-de-hidalgo\/wp-json\/wp\/v2\/comments?post=489816"}],"version-history":[{"count":2,"href":"https:\/\/www.zunoticia.com\/noticias-de-hidalgo\/wp-json\/wp\/v2\/posts\/489816\/revisions"}],"predecessor-version":[{"id":489820,"href":"https:\/\/www.zunoticia.com\/noticias-de-hidalgo\/wp-json\/wp\/v2\/posts\/489816\/revisions\/489820"}],"wp:featuredmedia":[{"embeddable":true,"href":"https:\/\/www.zunoticia.com\/noticias-de-hidalgo\/wp-json\/wp\/v2\/media\/489817"}],"wp:attachment":[{"href":"https:\/\/www.zunoticia.com\/noticias-de-hidalgo\/wp-json\/wp\/v2\/media?parent=489816"}],"wp:term":[{"taxonomy":"category","embeddable":true,"href":"https:\/\/www.zunoticia.com\/noticias-de-hidalgo\/wp-json\/wp\/v2\/categories?post=489816"},{"taxonomy":"post_tag","embeddable":true,"href":"https:\/\/www.zunoticia.com\/noticias-de-hidalgo\/wp-json\/wp\/v2\/tags?post=489816"}],"curies":[{"name":"wp","href":"https:\/\/api.w.org\/{rel}","templated":true}]}}