{"id":489825,"date":"2023-06-30T12:57:50","date_gmt":"2023-06-30T18:57:50","guid":{"rendered":"https:\/\/www.zunoticia.com\/noticias-de-hidalgo\/?p=489825"},"modified":"2023-06-30T12:57:51","modified_gmt":"2023-06-30T18:57:51","slug":"inician-actividades-por-primer-centenario-de-la-diocesis-de-huejutla","status":"publish","type":"post","link":"https:\/\/www.zunoticia.com\/noticias-de-hidalgo\/2023\/06\/30\/inician-actividades-por-primer-centenario-de-la-diocesis-de-huejutla\/","title":{"rendered":"Inician actividades por primer Centenario de la Di\u00f3cesis de Huejutla"},"content":{"rendered":"<aside class=\"mashsb-container mashsb-main mashsb-stretched\"><div class=\"mashsb-box\"><div class=\"mashsb-count mash-large\" style=\"float:left\"><div class=\"counts mashsbcount\">27<\/div><span class=\"mashsb-sharetext\">SHARES<\/span><\/div><div class=\"mashsb-buttons\"><a class=\"mashicon-facebook mash-large mash-center mashsb-noshadow\" href=\"https:\/\/www.facebook.com\/sharer.php?u=https%3A%2F%2Fwww.zunoticia.com%2Fnoticias-de-hidalgo%2F2023%2F06%2F30%2Finician-actividades-por-primer-centenario-de-la-diocesis-de-huejutla%2F\" target=\"_top\" rel=\"nofollow\"><span class=\"icon\"><\/span><span class=\"text\">Share<\/span><\/a><a class=\"mashicon-twitter mash-large mash-center mashsb-noshadow\" href=\"https:\/\/twitter.com\/intent\/tweet?text=&amp;url=https:\/\/www.zunoticia.com\/noticias-de-hidalgo\/2023\/06\/30\/inician-actividades-por-primer-centenario-de-la-diocesis-de-huejutla\/\" target=\"_top\" rel=\"nofollow\"><span class=\"icon\"><\/span><span class=\"text\">Tweet<\/span><\/a><div class=\"onoffswitch2 mash-large mashsb-noshadow\" style=\"display:none\"><\/div><\/div>\n            <\/div>\n                <div style=\"clear:both\"><\/div><div class=\"mashsb-toggle-container\"><\/div><\/aside>\n            <!-- Share buttons by mashshare.net - Version: 4.0.47-->\n<p><em>Por Enedino Hern\u00e1ndez\/Zunoticia<\/em><\/p>\n\n\n\n<p><strong>Huejutla, Hgo<\/strong>.- Con una celebraci\u00f3n eucar\u00edstica, realizada a las 11:00 horas de este viernes 30 de junio, en la Catedral Cristo Rey, se iniciaron las actividades por el primer Centenario de la erecci\u00f3n de la Di\u00f3cesis de Huejutla de Reyes.<\/p>\n\n\n\n<p>Este 30 de junio, sacerdotes, religiosas y laicos comprometidos, acompa\u00f1aron al Obispo de la Di\u00f3cesis de Huejutla, Jos\u00e9 Hir\u00e1is Acosta Beltr\u00e1n; en la celebraci\u00f3n eucar\u00edstica en Catedral con los restos de Monse\u00f1or Manuel Yerena y Camarena, II obispo de Huejutla.<\/p>\n\n\n\n<p>Es importante se\u00f1alar que, la erecci\u00f3n de la Di\u00f3cesis de Huejutla fue decretada por el Papa P\u00edo XI, en noviembre de 1922 y su primer Obispo tom\u00f3 posesi\u00f3n el 1\u00ba de julio de 1923.<\/p>\n\n\n\n<p>Asimismo, a las 18:00 horas, seis de la tarde, en la explanada del reloj municipal se lleva a cabo la presentaci\u00f3n de la Obra de Teatro \u201cel Centinela\u201d, y en seguida, la Banda sinf\u00f3nica de Oaxaca.<\/p>\n\n\n\n<p>Las actividades del primer Centenario de la Di\u00f3cesis de Huejutla concluyen este primero de julio, a las 12:00 horas con la solemne concelebraci\u00f3n eucar\u00edstica en la explanada del reloj, presidida por el Nuncio Apost\u00f3lico, Joseph Spiteri.<\/p>\n\n\n\n<figure class=\"wp-block-gallery has-nested-images columns-default is-cropped wp-block-gallery-1 is-layout-flex wp-block-gallery-is-layout-flex\">\n<figure class=\"wp-block-image size-large\"><img fetchpriority=\"high\" decoding=\"async\" width=\"940\" height=\"788\" data-id=\"489828\" src=\"https:\/\/www.zunoticia.com\/noticias-de-hidalgo\/wp-content\/uploads\/2023\/06\/2-282.png\" alt=\"\" class=\"wp-image-489828\" srcset=\"https:\/\/www.zunoticia.com\/noticias-de-hidalgo\/wp-content\/uploads\/2023\/06\/2-282.png 940w, https:\/\/www.zunoticia.com\/noticias-de-hidalgo\/wp-content\/uploads\/2023\/06\/2-282-300x251.png 300w, https:\/\/www.zunoticia.com\/noticias-de-hidalgo\/wp-content\/uploads\/2023\/06\/2-282-768x644.png 768w\" sizes=\"(max-width: 940px) 100vw, 940px\" \/><\/figure>\n\n\n\n<figure class=\"wp-block-image size-large\"><img decoding=\"async\" width=\"940\" height=\"788\" data-id=\"489827\" src=\"https:\/\/www.zunoticia.com\/noticias-de-hidalgo\/wp-content\/uploads\/2023\/06\/3-107.png\" alt=\"\" class=\"wp-image-489827\" srcset=\"https:\/\/www.zunoticia.com\/noticias-de-hidalgo\/wp-content\/uploads\/2023\/06\/3-107.png 940w, https:\/\/www.zunoticia.com\/noticias-de-hidalgo\/wp-content\/uploads\/2023\/06\/3-107-300x251.png 300w, https:\/\/www.zunoticia.com\/noticias-de-hidalgo\/wp-content\/uploads\/2023\/06\/3-107-768x644.png 768w\" sizes=\"(max-width: 940px) 100vw, 940px\" \/><\/figure>\n<\/figure>\n","protected":false},"excerpt":{"rendered":"<p>Por Enedino Hern\u00e1ndez\/Zunoticia Huejutla, Hgo.- Con una celebraci\u00f3n eucar\u00edstica, realizada a las 11:00 horas de este viernes 30 de junio, en la Catedral Cristo Rey, se iniciaron las actividades por el primer Centenario de la erecci\u00f3n de la Di\u00f3cesis de Huejutla de Reyes. Este 30 de junio, sacerdotes, religiosas y laicos comprometidos, acompa\u00f1aron al Obispo&hellip; <a class=\"more-link\" href=\"https:\/\/www.zunoticia.com\/noticias-de-hidalgo\/2023\/06\/30\/inician-actividades-por-primer-centenario-de-la-diocesis-de-huejutla\/\">Seguir leyendo <span class=\"screen-reader-text\">Inician actividades por primer Centenario de la Di\u00f3cesis de Huejutla<\/span><\/a><\/p>\n","protected":false},"author":20,"featured_media":489826,"comment_status":"closed","ping_status":"open","sticky":false,"template":"","format":"standard","meta":{"rop_custom_images_group":[],"rop_custom_messages_group":[],"rop_publish_now":"initial","rop_publish_now_accounts":{"facebook_10159540855086992_322828327761733":""},"rop_publish_now_history":[],"rop_publish_now_status":"pending","footnotes":""},"categories":[181],"tags":[121],"class_list":["post-489825","post","type-post","status-publish","format-standard","has-post-thumbnail","hentry","category-huejutla","tag-huejutla","entry"],"_links":{"self":[{"href":"https:\/\/www.zunoticia.com\/noticias-de-hidalgo\/wp-json\/wp\/v2\/posts\/489825","targetHints":{"allow":["GET"]}}],"collection":[{"href":"https:\/\/www.zunoticia.com\/noticias-de-hidalgo\/wp-json\/wp\/v2\/posts"}],"about":[{"href":"https:\/\/www.zunoticia.com\/noticias-de-hidalgo\/wp-json\/wp\/v2\/types\/post"}],"author":[{"embeddable":true,"href":"https:\/\/www.zunoticia.com\/noticias-de-hidalgo\/wp-json\/wp\/v2\/users\/20"}],"replies":[{"embeddable":true,"href":"https:\/\/www.zunoticia.com\/noticias-de-hidalgo\/wp-json\/wp\/v2\/comments?post=489825"}],"version-history":[{"count":1,"href":"https:\/\/www.zunoticia.com\/noticias-de-hidalgo\/wp-json\/wp\/v2\/posts\/489825\/revisions"}],"predecessor-version":[{"id":489829,"href":"https:\/\/www.zunoticia.com\/noticias-de-hidalgo\/wp-json\/wp\/v2\/posts\/489825\/revisions\/489829"}],"wp:featuredmedia":[{"embeddable":true,"href":"https:\/\/www.zunoticia.com\/noticias-de-hidalgo\/wp-json\/wp\/v2\/media\/489826"}],"wp:attachment":[{"href":"https:\/\/www.zunoticia.com\/noticias-de-hidalgo\/wp-json\/wp\/v2\/media?parent=489825"}],"wp:term":[{"taxonomy":"category","embeddable":true,"href":"https:\/\/www.zunoticia.com\/noticias-de-hidalgo\/wp-json\/wp\/v2\/categories?post=489825"},{"taxonomy":"post_tag","embeddable":true,"href":"https:\/\/www.zunoticia.com\/noticias-de-hidalgo\/wp-json\/wp\/v2\/tags?post=489825"}],"curies":[{"name":"wp","href":"https:\/\/api.w.org\/{rel}","templated":true}]}}