{"id":489975,"date":"2023-06-30T17:34:41","date_gmt":"2023-06-30T23:34:41","guid":{"rendered":"https:\/\/www.zunoticia.com\/noticias-de-hidalgo\/?p=489975"},"modified":"2023-06-30T17:34:41","modified_gmt":"2023-06-30T23:34:41","slug":"personas-con-discapacidad-acreditan-habilidades-para-el-trabajo","status":"publish","type":"post","link":"https:\/\/www.zunoticia.com\/noticias-de-hidalgo\/2023\/06\/30\/personas-con-discapacidad-acreditan-habilidades-para-el-trabajo\/","title":{"rendered":"Personas con discapacidad acreditan habilidades para el trabajo&nbsp;"},"content":{"rendered":"<aside class=\"mashsb-container mashsb-main mashsb-stretched\"><div class=\"mashsb-box\"><div class=\"mashsb-count mash-large\" style=\"float:left\"><div class=\"counts mashsbcount\">1<\/div><span class=\"mashsb-sharetext\">SHARES<\/span><\/div><div class=\"mashsb-buttons\"><a class=\"mashicon-facebook mash-large mash-center mashsb-noshadow\" href=\"https:\/\/www.facebook.com\/sharer.php?u=https%3A%2F%2Fwww.zunoticia.com%2Fnoticias-de-hidalgo%2F2023%2F06%2F30%2Fpersonas-con-discapacidad-acreditan-habilidades-para-el-trabajo%2F\" target=\"_top\" rel=\"nofollow\"><span class=\"icon\"><\/span><span class=\"text\">Share<\/span><\/a><a class=\"mashicon-twitter mash-large mash-center mashsb-noshadow\" href=\"https:\/\/twitter.com\/intent\/tweet?text=&amp;url=https:\/\/www.zunoticia.com\/noticias-de-hidalgo\/2023\/06\/30\/personas-con-discapacidad-acreditan-habilidades-para-el-trabajo\/\" target=\"_top\" rel=\"nofollow\"><span class=\"icon\"><\/span><span class=\"text\">Tweet<\/span><\/a><div class=\"onoffswitch2 mash-large mashsb-noshadow\" style=\"display:none\"><\/div><\/div>\n            <\/div>\n                <div style=\"clear:both\"><\/div><div class=\"mashsb-toggle-container\"><\/div><\/aside>\n            <!-- Share buttons by mashshare.net - Version: 4.0.47-->\n<ul class=\"wp-block-list\">\n<li><em>El sistema de evaluaci\u00f3n VALPAR contiene valoraciones de clasificaci\u00f3n num\u00e9rica, de actividades de oficina, simulaci\u00f3n de ensamblado<\/em><\/li>\n<\/ul>\n\n\n\n<p><br><em>Por Redacci\u00f3n\/Zunoticia<\/em><\/p>\n\n\n\n<p><strong>Pachuca de Soto, Hgo<\/strong>.- El secretario del Trabajo, Oscar Javier Gonz\u00e1lez Hern\u00e1ndez y Alfonso Hayyim Flores Barrera, director general de Inclusi\u00f3n para Personas con Discapacidad de la Secretar\u00eda de Bienestar e Inclusi\u00f3n Social (Sebiso), realizaron la entrega de constancias VALPAR a 25 personas de este sector social, documento que acredita su habilidad para desempe\u00f1arse en alguna actividad laboral.<\/p>\n\n\n\n<p>El sistema VALPAR, explic\u00f3 el titular de la STPSH, es un conjunto de pruebas por las cuales se miden objetivamente las habilidades manuales y digitales de las y los buscadores de empleo que tienen alg\u00fan tipo de discapacidad, como es la coordinaci\u00f3n motora, capacidad de concentraci\u00f3n y de seguimiento de instrucciones.<\/p>\n\n\n\n<p>La entrega de las constancias se realiz\u00f3 en el marco de la Estrategia Abriendo Espacios, acci\u00f3n que tiene por objetivo, contribuir en la definici\u00f3n del perfil laboral de las y los buscadores de trabajo con la finalidad de incluirlos en espacios laborales con tareas espec\u00edficas y con ello propiciar el bienestar de todas y todos como es la instrucci\u00f3n del gobernador Julio Menchaca, refiri\u00f3.<\/p>\n\n\n\n<p>\u201cHoy por hoy el gobernador est\u00e1 pendiente de que todos tengamos un espacio digno para laborar, para desarrollarnos, por ello la STPSH, junto con la Secretar\u00eda de Bienestar e Inclusi\u00f3n Social, conjuntamos esfuerzos para que m\u00e1s hidalguenses logren acceder a programas y apoyos que les ayuden a superarse,\u201d subray\u00f3 el encargado de la pol\u00edtica laboral.<\/p>\n\n\n\n<p>Alfonso Hayyim Flores Barrera, destac\u00f3 el esfuerzo de quienes recibieron la constancia del sistema VALPAR y se\u00f1al\u00f3 que se trata del inicio de un camino para continuar con la vinculaci\u00f3n y buscar herramientas, que permitan una mayor facilidad de obtener y permanecer en un empleo.<\/p>\n\n\n\n<p>\u201cEl trabajo coordinado permitir\u00e1 identificar en donde es posible adquirir m\u00e1s capacitaci\u00f3n y de acuerdo a los perfiles laborales en donde se puede aprovechar el potencial que tenemos y demostrar que las personas con discapacidad somos tambi\u00e9n parte de la productividad, somos parte importante de la participaci\u00f3n para hacer grande a nuestro estado de Hidalgo,\u201d puntualiz\u00f3.<\/p>\n\n\n\n<p>Expres\u00f3 que este tipo de acciones fortalece la labor que se realiza en las diferentes \u00e1reas del gobierno de Hidalgo, y como lo ha instruido la titular de la Sebiso, Simey Olvera, llevar a cabo un trabajo colaborativo interinstitucional en beneficio de las personas con discapacidad.<\/p>\n\n\n\n<p>El sistema de evaluaci\u00f3n VALPAR contiene valoraciones de clasificaci\u00f3n num\u00e9rica, de actividades de oficina, simulaci\u00f3n de ensamblado, manipulaci\u00f3n repetitiva, as\u00ed como identificaci\u00f3n de un rango de movimientos corporales (tronco, piernas, brazos, manos y dedos) para conocer la motricidad gruesa.<\/p>\n\n\n\n<p>Adem\u00e1s, las y los buscadores de empleo tambi\u00e9n son asignados a \u00e1reas en las que puedan supervisar el trabajo en serie, discriminar colores, tama\u00f1os o realizar actividades en equipo.<\/p>\n\n\n\n<figure class=\"wp-block-image size-full\"><img fetchpriority=\"high\" decoding=\"async\" width=\"940\" height=\"788\" src=\"https:\/\/www.zunoticia.com\/noticias-de-hidalgo\/wp-content\/uploads\/2023\/06\/1-280.png\" alt=\"\" class=\"wp-image-489977\" srcset=\"https:\/\/www.zunoticia.com\/noticias-de-hidalgo\/wp-content\/uploads\/2023\/06\/1-280.png 940w, https:\/\/www.zunoticia.com\/noticias-de-hidalgo\/wp-content\/uploads\/2023\/06\/1-280-300x251.png 300w, https:\/\/www.zunoticia.com\/noticias-de-hidalgo\/wp-content\/uploads\/2023\/06\/1-280-768x644.png 768w\" sizes=\"(max-width: 940px) 100vw, 940px\" \/><\/figure>\n","protected":false},"excerpt":{"rendered":"<p>Por Redacci\u00f3n\/Zunoticia Pachuca de Soto, Hgo.- El secretario del Trabajo, Oscar Javier Gonz\u00e1lez Hern\u00e1ndez y Alfonso Hayyim Flores Barrera, director general de Inclusi\u00f3n para Personas con Discapacidad de la Secretar\u00eda de Bienestar e Inclusi\u00f3n Social (Sebiso), realizaron la entrega de constancias VALPAR a 25 personas de este sector social, documento que acredita su habilidad para&hellip; <a class=\"more-link\" href=\"https:\/\/www.zunoticia.com\/noticias-de-hidalgo\/2023\/06\/30\/personas-con-discapacidad-acreditan-habilidades-para-el-trabajo\/\">Seguir leyendo <span class=\"screen-reader-text\">Personas con discapacidad acreditan habilidades para el trabajo&nbsp;<\/span><\/a><\/p>\n","protected":false},"author":20,"featured_media":489976,"comment_status":"closed","ping_status":"open","sticky":false,"template":"","format":"standard","meta":{"rop_custom_images_group":[],"rop_custom_messages_group":[],"rop_publish_now":"initial","rop_publish_now_accounts":{"facebook_10159540855086992_322828327761733":""},"rop_publish_now_history":[],"rop_publish_now_status":"pending","footnotes":""},"categories":[208],"tags":[214],"class_list":["post-489975","post","type-post","status-publish","format-standard","has-post-thumbnail","hentry","category-estado","tag-estado","entry"],"_links":{"self":[{"href":"https:\/\/www.zunoticia.com\/noticias-de-hidalgo\/wp-json\/wp\/v2\/posts\/489975","targetHints":{"allow":["GET"]}}],"collection":[{"href":"https:\/\/www.zunoticia.com\/noticias-de-hidalgo\/wp-json\/wp\/v2\/posts"}],"about":[{"href":"https:\/\/www.zunoticia.com\/noticias-de-hidalgo\/wp-json\/wp\/v2\/types\/post"}],"author":[{"embeddable":true,"href":"https:\/\/www.zunoticia.com\/noticias-de-hidalgo\/wp-json\/wp\/v2\/users\/20"}],"replies":[{"embeddable":true,"href":"https:\/\/www.zunoticia.com\/noticias-de-hidalgo\/wp-json\/wp\/v2\/comments?post=489975"}],"version-history":[{"count":1,"href":"https:\/\/www.zunoticia.com\/noticias-de-hidalgo\/wp-json\/wp\/v2\/posts\/489975\/revisions"}],"predecessor-version":[{"id":489978,"href":"https:\/\/www.zunoticia.com\/noticias-de-hidalgo\/wp-json\/wp\/v2\/posts\/489975\/revisions\/489978"}],"wp:featuredmedia":[{"embeddable":true,"href":"https:\/\/www.zunoticia.com\/noticias-de-hidalgo\/wp-json\/wp\/v2\/media\/489976"}],"wp:attachment":[{"href":"https:\/\/www.zunoticia.com\/noticias-de-hidalgo\/wp-json\/wp\/v2\/media?parent=489975"}],"wp:term":[{"taxonomy":"category","embeddable":true,"href":"https:\/\/www.zunoticia.com\/noticias-de-hidalgo\/wp-json\/wp\/v2\/categories?post=489975"},{"taxonomy":"post_tag","embeddable":true,"href":"https:\/\/www.zunoticia.com\/noticias-de-hidalgo\/wp-json\/wp\/v2\/tags?post=489975"}],"curies":[{"name":"wp","href":"https:\/\/api.w.org\/{rel}","templated":true}]}}