{"id":489994,"date":"2023-06-30T18:17:50","date_gmt":"2023-07-01T00:17:50","guid":{"rendered":"https:\/\/www.zunoticia.com\/noticias-de-hidalgo\/?p=489994"},"modified":"2023-06-30T18:17:51","modified_gmt":"2023-07-01T00:17:51","slug":"huejutla-emprende-fortalece-actividades-comerciales","status":"publish","type":"post","link":"https:\/\/www.zunoticia.com\/noticias-de-hidalgo\/2023\/06\/30\/huejutla-emprende-fortalece-actividades-comerciales\/","title":{"rendered":"Huejutla Emprende fortalece actividades comerciales"},"content":{"rendered":"<aside class=\"mashsb-container mashsb-main mashsb-stretched\"><div class=\"mashsb-box\"><div class=\"mashsb-count mash-large\" style=\"float:left\"><div class=\"counts mashsbcount\">7<\/div><span class=\"mashsb-sharetext\">SHARES<\/span><\/div><div class=\"mashsb-buttons\"><a class=\"mashicon-facebook mash-large mash-center mashsb-noshadow\" href=\"https:\/\/www.facebook.com\/sharer.php?u=https%3A%2F%2Fwww.zunoticia.com%2Fnoticias-de-hidalgo%2F2023%2F06%2F30%2Fhuejutla-emprende-fortalece-actividades-comerciales%2F\" target=\"_top\" rel=\"nofollow\"><span class=\"icon\"><\/span><span class=\"text\">Share<\/span><\/a><a class=\"mashicon-twitter mash-large mash-center mashsb-noshadow\" href=\"https:\/\/twitter.com\/intent\/tweet?text=&amp;url=https:\/\/www.zunoticia.com\/noticias-de-hidalgo\/2023\/06\/30\/huejutla-emprende-fortalece-actividades-comerciales\/\" target=\"_top\" rel=\"nofollow\"><span class=\"icon\"><\/span><span class=\"text\">Tweet<\/span><\/a><div class=\"onoffswitch2 mash-large mashsb-noshadow\" style=\"display:none\"><\/div><\/div>\n            <\/div>\n                <div style=\"clear:both\"><\/div><div class=\"mashsb-toggle-container\"><\/div><\/aside>\n            <!-- Share buttons by mashshare.net - Version: 4.0.47-->\n<p><em>Por Enedino Hern\u00e1ndez\/Zunoticia<\/em><\/p>\n\n\n\n<p><strong>Huejutla, Hgo<\/strong>.- El secretario de Desarrollo Econ\u00f3mico de la presidencia municipal de Huejutla de Reyes, Salatiel Dom\u00ednguez Flores, confirm\u00f3 que por espacio de tres d\u00edas de este fin de semana (viernes, s\u00e1bado y domingo) integrantes del grupo Huejutla Emprende con Tradici\u00f3n, fortalecen sus actividades econ\u00f3micas comerciales.<\/p>\n\n\n\n<p>Dijo que, anteriormente la actividad econ\u00f3mica de Huejutla Emprende se desarrollaba en la zona centro de Huejutla, pero en estos d\u00edas se saca de la zona para hacerlo en un espacio, ubicado frente a las instalaciones de la central de autobuses ADO, en esta ciudad.<\/p>\n\n\n\n<p>Indic\u00f3 que, son m\u00e1s de 80 expositores quienes participan en estas acciones y en las cuales los ciudadanos podr\u00e1n encontrar todo tipo de ofertas relacionadas con el emprendimiento de estas personas, quienes se han aglutinado en un grupo para fortalecer la actividad comercial.<\/p>\n\n\n\n<p>Sugiere a la poblaci\u00f3n en general que acudan a este espacio, en la cual podr\u00e1n encontrar una diversidad de productos de emprendimiento y sobre todo, en donde tendr\u00e1n la oportunidad de apoyar al adquirir alguno de estos productos.<\/p>\n\n\n\n<p>Concluy\u00f3 citando que, esta actividad inicialmente se hab\u00eda programado llevarla a cabo de manera mensual, como parte de la actividad denominada Huejutla Emprende con Tradici\u00f3n, pero por cuestiones log\u00edsticas se emprende una segunda aventura, saliendo fuera del primer cuadro de la ciudad para darle apertura a un sistema conocido como \u201cmercado rodante\u201d.<\/p>\n\n\n\n<p><\/p>\n","protected":false},"excerpt":{"rendered":"<p>Por Enedino Hern\u00e1ndez\/Zunoticia Huejutla, Hgo.- El secretario de Desarrollo Econ\u00f3mico de la presidencia municipal de Huejutla de Reyes, Salatiel Dom\u00ednguez Flores, confirm\u00f3 que por espacio de tres d\u00edas de este fin de semana (viernes, s\u00e1bado y domingo) integrantes del grupo Huejutla Emprende con Tradici\u00f3n, fortalecen sus actividades econ\u00f3micas comerciales. Dijo que, anteriormente la actividad econ\u00f3mica&hellip; <a class=\"more-link\" href=\"https:\/\/www.zunoticia.com\/noticias-de-hidalgo\/2023\/06\/30\/huejutla-emprende-fortalece-actividades-comerciales\/\">Seguir leyendo <span class=\"screen-reader-text\">Huejutla Emprende fortalece actividades comerciales<\/span><\/a><\/p>\n","protected":false},"author":20,"featured_media":489995,"comment_status":"closed","ping_status":"open","sticky":false,"template":"","format":"standard","meta":{"rop_custom_images_group":[],"rop_custom_messages_group":[],"rop_publish_now":"initial","rop_publish_now_accounts":{"facebook_10159540855086992_322828327761733":""},"rop_publish_now_history":[],"rop_publish_now_status":"pending","footnotes":""},"categories":[181],"tags":[121],"class_list":["post-489994","post","type-post","status-publish","format-standard","has-post-thumbnail","hentry","category-huejutla","tag-huejutla","entry"],"_links":{"self":[{"href":"https:\/\/www.zunoticia.com\/noticias-de-hidalgo\/wp-json\/wp\/v2\/posts\/489994","targetHints":{"allow":["GET"]}}],"collection":[{"href":"https:\/\/www.zunoticia.com\/noticias-de-hidalgo\/wp-json\/wp\/v2\/posts"}],"about":[{"href":"https:\/\/www.zunoticia.com\/noticias-de-hidalgo\/wp-json\/wp\/v2\/types\/post"}],"author":[{"embeddable":true,"href":"https:\/\/www.zunoticia.com\/noticias-de-hidalgo\/wp-json\/wp\/v2\/users\/20"}],"replies":[{"embeddable":true,"href":"https:\/\/www.zunoticia.com\/noticias-de-hidalgo\/wp-json\/wp\/v2\/comments?post=489994"}],"version-history":[{"count":1,"href":"https:\/\/www.zunoticia.com\/noticias-de-hidalgo\/wp-json\/wp\/v2\/posts\/489994\/revisions"}],"predecessor-version":[{"id":489996,"href":"https:\/\/www.zunoticia.com\/noticias-de-hidalgo\/wp-json\/wp\/v2\/posts\/489994\/revisions\/489996"}],"wp:featuredmedia":[{"embeddable":true,"href":"https:\/\/www.zunoticia.com\/noticias-de-hidalgo\/wp-json\/wp\/v2\/media\/489995"}],"wp:attachment":[{"href":"https:\/\/www.zunoticia.com\/noticias-de-hidalgo\/wp-json\/wp\/v2\/media?parent=489994"}],"wp:term":[{"taxonomy":"category","embeddable":true,"href":"https:\/\/www.zunoticia.com\/noticias-de-hidalgo\/wp-json\/wp\/v2\/categories?post=489994"},{"taxonomy":"post_tag","embeddable":true,"href":"https:\/\/www.zunoticia.com\/noticias-de-hidalgo\/wp-json\/wp\/v2\/tags?post=489994"}],"curies":[{"name":"wp","href":"https:\/\/api.w.org\/{rel}","templated":true}]}}