{"id":490036,"date":"2023-06-30T20:46:17","date_gmt":"2023-07-01T02:46:17","guid":{"rendered":"https:\/\/www.zunoticia.com\/noticias-de-hidalgo\/?p=490036"},"modified":"2023-06-30T20:46:18","modified_gmt":"2023-07-01T02:46:18","slug":"escasea-un-poco-la-boleada-reconoce-presidente-del-gremio","status":"publish","type":"post","link":"https:\/\/www.zunoticia.com\/noticias-de-hidalgo\/2023\/06\/30\/escasea-un-poco-la-boleada-reconoce-presidente-del-gremio\/","title":{"rendered":"Escasea un poco la \u201cboleada\u201d, reconoce presidente del gremio"},"content":{"rendered":"<aside class=\"mashsb-container mashsb-main mashsb-stretched\"><div class=\"mashsb-box\"><div class=\"mashsb-count mash-large\" style=\"float:left\"><div class=\"counts mashsbcount\">56<\/div><span class=\"mashsb-sharetext\">SHARES<\/span><\/div><div class=\"mashsb-buttons\"><a class=\"mashicon-facebook mash-large mash-center mashsb-noshadow\" href=\"https:\/\/www.facebook.com\/sharer.php?u=https%3A%2F%2Fwww.zunoticia.com%2Fnoticias-de-hidalgo%2F2023%2F06%2F30%2Fescasea-un-poco-la-boleada-reconoce-presidente-del-gremio%2F\" target=\"_top\" rel=\"nofollow\"><span class=\"icon\"><\/span><span class=\"text\">Share<\/span><\/a><a class=\"mashicon-twitter mash-large mash-center mashsb-noshadow\" href=\"https:\/\/twitter.com\/intent\/tweet?text=&amp;url=https:\/\/www.zunoticia.com\/noticias-de-hidalgo\/2023\/06\/30\/escasea-un-poco-la-boleada-reconoce-presidente-del-gremio\/\" target=\"_top\" rel=\"nofollow\"><span class=\"icon\"><\/span><span class=\"text\">Tweet<\/span><\/a><div class=\"onoffswitch2 mash-large mashsb-noshadow\" style=\"display:none\"><\/div><\/div>\n            <\/div>\n                <div style=\"clear:both\"><\/div><div class=\"mashsb-toggle-container\"><\/div><\/aside>\n            <!-- Share buttons by mashshare.net - Version: 4.0.47-->\n<p><em>Por Enedino Hern\u00e1ndez\/Zunoticia<\/em><\/p>\n\n\n\n<p><strong>Huejutla, Hgo.-<\/strong> El Presidente de la Uni\u00f3n de Aseadores de Calzado en Huejutla de Reyes, Agust\u00edn Lara, reconoci\u00f3 que en estos d\u00edas ha escaseado un poco la \u201cboleada\u201d pero que se mantienen con la esperanza de poder mejorar en los d\u00edas siguientes.<\/p>\n\n\n\n<p>Detalla que, la escasez en la boleada es posible que se deba \u201ca que las familias est\u00e9n guardando dinero para la temporada de clausuras, pero, la actividad que realizamos est\u00e1 muy baja, creo que en todos los establecimientos comerciales est\u00e1 igual\u201d.<\/p>\n\n\n\n<p>Se\u00f1ala que, cuando no se tiene una mayor actividad laboral, se buscan las alternativas de ingresos que son muy necesarias, como es ayudante de alba\u00f1il, de pintores, o en donde haya un poco de trabajo para poder llevar el sustento diario a la casa.<\/p>\n\n\n\n<p>Abunda que, por el momento se trabaja con el 10% de los aseadores de calzado \u201ccasi no vienen, se emplean en otras actividades para poder llevar el sustento diario a sus familias; esperamos que mejore la situaci\u00f3n, esperamos que la gente tenga un poco m\u00e1s de ingreso para que venga a visitarnos\u201d.<\/p>\n\n\n\n<p>Agust\u00edn Lara expone que, al momento se siguen cobrando las mismas tarifas por el servicio del aseo del calzado, la boleada en 20 pesos, boleada con tinta 25 pesos, cambio de color en botas 40 a 50 pesos.<\/p>\n","protected":false},"excerpt":{"rendered":"<p>Por Enedino Hern\u00e1ndez\/Zunoticia Huejutla, Hgo.- El Presidente de la Uni\u00f3n de Aseadores de Calzado en Huejutla de Reyes, Agust\u00edn Lara, reconoci\u00f3 que en estos d\u00edas ha escaseado un poco la \u201cboleada\u201d pero que se mantienen con la esperanza de poder mejorar en los d\u00edas siguientes. Detalla que, la escasez en la boleada es posible que&hellip; <a class=\"more-link\" href=\"https:\/\/www.zunoticia.com\/noticias-de-hidalgo\/2023\/06\/30\/escasea-un-poco-la-boleada-reconoce-presidente-del-gremio\/\">Seguir leyendo <span class=\"screen-reader-text\">Escasea un poco la \u201cboleada\u201d, reconoce presidente del gremio<\/span><\/a><\/p>\n","protected":false},"author":12,"featured_media":490037,"comment_status":"closed","ping_status":"open","sticky":false,"template":"","format":"standard","meta":{"rop_custom_images_group":[],"rop_custom_messages_group":[],"rop_publish_now":"initial","rop_publish_now_accounts":{"facebook_10159540855086992_322828327761733":""},"rop_publish_now_history":[],"rop_publish_now_status":"pending","footnotes":""},"categories":[181],"tags":[121],"class_list":["post-490036","post","type-post","status-publish","format-standard","has-post-thumbnail","hentry","category-huejutla","tag-huejutla","entry"],"_links":{"self":[{"href":"https:\/\/www.zunoticia.com\/noticias-de-hidalgo\/wp-json\/wp\/v2\/posts\/490036","targetHints":{"allow":["GET"]}}],"collection":[{"href":"https:\/\/www.zunoticia.com\/noticias-de-hidalgo\/wp-json\/wp\/v2\/posts"}],"about":[{"href":"https:\/\/www.zunoticia.com\/noticias-de-hidalgo\/wp-json\/wp\/v2\/types\/post"}],"author":[{"embeddable":true,"href":"https:\/\/www.zunoticia.com\/noticias-de-hidalgo\/wp-json\/wp\/v2\/users\/12"}],"replies":[{"embeddable":true,"href":"https:\/\/www.zunoticia.com\/noticias-de-hidalgo\/wp-json\/wp\/v2\/comments?post=490036"}],"version-history":[{"count":1,"href":"https:\/\/www.zunoticia.com\/noticias-de-hidalgo\/wp-json\/wp\/v2\/posts\/490036\/revisions"}],"predecessor-version":[{"id":490043,"href":"https:\/\/www.zunoticia.com\/noticias-de-hidalgo\/wp-json\/wp\/v2\/posts\/490036\/revisions\/490043"}],"wp:featuredmedia":[{"embeddable":true,"href":"https:\/\/www.zunoticia.com\/noticias-de-hidalgo\/wp-json\/wp\/v2\/media\/490037"}],"wp:attachment":[{"href":"https:\/\/www.zunoticia.com\/noticias-de-hidalgo\/wp-json\/wp\/v2\/media?parent=490036"}],"wp:term":[{"taxonomy":"category","embeddable":true,"href":"https:\/\/www.zunoticia.com\/noticias-de-hidalgo\/wp-json\/wp\/v2\/categories?post=490036"},{"taxonomy":"post_tag","embeddable":true,"href":"https:\/\/www.zunoticia.com\/noticias-de-hidalgo\/wp-json\/wp\/v2\/tags?post=490036"}],"curies":[{"name":"wp","href":"https:\/\/api.w.org\/{rel}","templated":true}]}}