{"id":490050,"date":"2023-06-30T21:24:36","date_gmt":"2023-07-01T03:24:36","guid":{"rendered":"https:\/\/www.zunoticia.com\/noticias-de-hidalgo\/?p=490050"},"modified":"2023-06-30T21:24:37","modified_gmt":"2023-07-01T03:24:37","slug":"me-tienen-miedo-por-eso-me-critican-cesar-herrera","status":"publish","type":"post","link":"https:\/\/www.zunoticia.com\/noticias-de-hidalgo\/2023\/06\/30\/me-tienen-miedo-por-eso-me-critican-cesar-herrera\/","title":{"rendered":"&#8220;Me tienen miedo por eso me critican&#8221;: C\u00e9sar Herrera"},"content":{"rendered":"<aside class=\"mashsb-container mashsb-main mashsb-stretched\"><div class=\"mashsb-box\"><div class=\"mashsb-count mash-large\" style=\"float:left\"><div class=\"counts mashsbcount\">61<\/div><span class=\"mashsb-sharetext\">SHARES<\/span><\/div><div class=\"mashsb-buttons\"><a class=\"mashicon-facebook mash-large mash-center mashsb-noshadow\" href=\"https:\/\/www.facebook.com\/sharer.php?u=https%3A%2F%2Fwww.zunoticia.com%2Fnoticias-de-hidalgo%2F2023%2F06%2F30%2Fme-tienen-miedo-por-eso-me-critican-cesar-herrera%2F\" target=\"_top\" rel=\"nofollow\"><span class=\"icon\"><\/span><span class=\"text\">Share<\/span><\/a><a class=\"mashicon-twitter mash-large mash-center mashsb-noshadow\" href=\"https:\/\/twitter.com\/intent\/tweet?text=&amp;url=https:\/\/www.zunoticia.com\/noticias-de-hidalgo\/2023\/06\/30\/me-tienen-miedo-por-eso-me-critican-cesar-herrera\/\" target=\"_top\" rel=\"nofollow\"><span class=\"icon\"><\/span><span class=\"text\">Tweet<\/span><\/a><div class=\"onoffswitch2 mash-large mashsb-noshadow\" style=\"display:none\"><\/div><\/div>\n            <\/div>\n                <div style=\"clear:both\"><\/div><div class=\"mashsb-toggle-container\"><\/div><\/aside>\n            <!-- Share buttons by mashshare.net - Version: 4.0.47-->\n<ul class=\"wp-block-list\">\n<li>C\u00e9sar Herrera va por la alcald\u00eda de Yahualica, acepta el reto y aclara &#8220;Soy Institucional con el gobernador Julio Menchaca&#8221;.<\/li>\n<\/ul>\n\n\n\n<p><em>Por Mois\u00e9s Medrano\/Zunoticia<\/em><\/p>\n\n\n\n<p><strong>Yahualica, Hgo.-<\/strong> Entrevistado conforme a las cr\u00edticas que se le han venido \u00faltimamente sobre su persona y su presencia en Yahualica dijo &#8220;me da risa que escriban algunos reporteros que no tienen el valor de pararse frente a m\u00ed y preguntarme si quiero ser alcalde&#8221;.<\/p>\n\n\n\n<p>Lo anterior, con respecto a que anda detr\u00e1s del proyecto de Modesto Hern\u00e1ndez dijo, \u201cya en presidencia me dijeron de todo como funcionario, yo les digo que yo no ando detr\u00e1s de nadie, estoy trabajando para m\u00ed, cuestionan mi amistades con el alcalde y les tengo que recordar que soy amigo de Sen\u00f3n, soy amigo de El\u00edas, yo no tengo nada que ver con los problemas que sucedan en las decisiones personales\u201d.<\/p>\n\n\n\n<p>A\u00f1adi\u00f3 \u201cyo ando haciendo reuniones, estoy con mi proyecto, si estoy trabajando y si estoy observando a todos, no tengo nada que decir de los que participan es su asunto, s\u00ed veo en Modesto un hombre honesto que levant\u00f3 la mano, pero yo estoy en lo m\u00edo y respeto, cada quien su trabajo\u201d.<\/p>\n\n\n\n<p>Lament\u00f3 que exista gente que tenga que ver el dinero como asunto personal, de su forma de ser mencion\u00f3, \u201cyo cuando tuve el poder les ayud\u00e9 y fueron quienes hablaban bien de m\u00ed, quieren que publique la historia de lo que dijeron bien de m\u00ed, hoy no puedo pagarlo, no estoy en ese momento, lo lamento por ellos y si tuviera el poder pol\u00edtico aqu\u00ed estuvieran\u201d.<\/p>\n\n\n\n<p>Agradeci\u00f3 a los que mantienen la apertura permanente en los medios de comunicaci\u00f3n, \u201cno estoy casado con ninguno, con nadie y yo soy agradecido con los medios de comunicaci\u00f3n serios, formales, los que tienen una manera honesta de trabajar, sin chantajes, sin agresiones o que and\u00e9n inventando lo que no es\u201d.<\/p>\n\n\n\n<p>\u201cLa verdad me r\u00edo de lo que escriben algunos periodistas desinformados y hasta faltos de valor civil, para gastarse lo de la combi para recorrer Yahualica, entender qu\u00e9 est\u00e1 sucediendo y cu\u00e1ntos estamos trabajando un boleto por Morena, eso tambi\u00e9n lo quiero dejar claro soy institucional con el gobernador&nbsp;Julio&nbsp;Menchaca\u201d.<\/p>\n","protected":false},"excerpt":{"rendered":"<p>Por Mois\u00e9s Medrano\/Zunoticia Yahualica, Hgo.- Entrevistado conforme a las cr\u00edticas que se le han venido \u00faltimamente sobre su persona y su presencia en Yahualica dijo &#8220;me da risa que escriban algunos reporteros que no tienen el valor de pararse frente a m\u00ed y preguntarme si quiero ser alcalde&#8221;. Lo anterior, con respecto a que anda&hellip; <a class=\"more-link\" href=\"https:\/\/www.zunoticia.com\/noticias-de-hidalgo\/2023\/06\/30\/me-tienen-miedo-por-eso-me-critican-cesar-herrera\/\">Seguir leyendo <span class=\"screen-reader-text\">&#8220;Me tienen miedo por eso me critican&#8221;: C\u00e9sar Herrera<\/span><\/a><\/p>\n","protected":false},"author":12,"featured_media":490025,"comment_status":"closed","ping_status":"open","sticky":false,"template":"","format":"standard","meta":{"rop_custom_images_group":[],"rop_custom_messages_group":[],"rop_publish_now":"initial","rop_publish_now_accounts":{"facebook_10159540855086992_322828327761733":""},"rop_publish_now_history":[],"rop_publish_now_status":"pending","footnotes":""},"categories":[179,203],"tags":[123],"class_list":["post-490050","post","type-post","status-publish","format-standard","has-post-thumbnail","hentry","category-huasteca","category-yahualica","tag-yahualica","entry"],"_links":{"self":[{"href":"https:\/\/www.zunoticia.com\/noticias-de-hidalgo\/wp-json\/wp\/v2\/posts\/490050","targetHints":{"allow":["GET"]}}],"collection":[{"href":"https:\/\/www.zunoticia.com\/noticias-de-hidalgo\/wp-json\/wp\/v2\/posts"}],"about":[{"href":"https:\/\/www.zunoticia.com\/noticias-de-hidalgo\/wp-json\/wp\/v2\/types\/post"}],"author":[{"embeddable":true,"href":"https:\/\/www.zunoticia.com\/noticias-de-hidalgo\/wp-json\/wp\/v2\/users\/12"}],"replies":[{"embeddable":true,"href":"https:\/\/www.zunoticia.com\/noticias-de-hidalgo\/wp-json\/wp\/v2\/comments?post=490050"}],"version-history":[{"count":1,"href":"https:\/\/www.zunoticia.com\/noticias-de-hidalgo\/wp-json\/wp\/v2\/posts\/490050\/revisions"}],"predecessor-version":[{"id":490051,"href":"https:\/\/www.zunoticia.com\/noticias-de-hidalgo\/wp-json\/wp\/v2\/posts\/490050\/revisions\/490051"}],"wp:featuredmedia":[{"embeddable":true,"href":"https:\/\/www.zunoticia.com\/noticias-de-hidalgo\/wp-json\/wp\/v2\/media\/490025"}],"wp:attachment":[{"href":"https:\/\/www.zunoticia.com\/noticias-de-hidalgo\/wp-json\/wp\/v2\/media?parent=490050"}],"wp:term":[{"taxonomy":"category","embeddable":true,"href":"https:\/\/www.zunoticia.com\/noticias-de-hidalgo\/wp-json\/wp\/v2\/categories?post=490050"},{"taxonomy":"post_tag","embeddable":true,"href":"https:\/\/www.zunoticia.com\/noticias-de-hidalgo\/wp-json\/wp\/v2\/tags?post=490050"}],"curies":[{"name":"wp","href":"https:\/\/api.w.org\/{rel}","templated":true}]}}