{"id":492650,"date":"2023-07-10T14:11:43","date_gmt":"2023-07-10T20:11:43","guid":{"rendered":"https:\/\/www.zunoticia.com\/noticias-de-hidalgo\/?p=492650"},"modified":"2023-07-10T14:11:44","modified_gmt":"2023-07-10T20:11:44","slug":"expresiones-politicas-buscan-posicionar-a-marcelo-ebrad","status":"publish","type":"post","link":"https:\/\/www.zunoticia.com\/noticias-de-hidalgo\/2023\/07\/10\/expresiones-politicas-buscan-posicionar-a-marcelo-ebrad\/","title":{"rendered":"Expresiones pol\u00edticas buscan posicionar a Marcelo Ebrad"},"content":{"rendered":"<aside class=\"mashsb-container mashsb-main mashsb-stretched\"><div class=\"mashsb-box\"><div class=\"mashsb-count mash-large\" style=\"float:left\"><div class=\"counts mashsbcount\">1<\/div><span class=\"mashsb-sharetext\">SHARES<\/span><\/div><div class=\"mashsb-buttons\"><a class=\"mashicon-facebook mash-large mash-center mashsb-noshadow\" href=\"https:\/\/www.facebook.com\/sharer.php?u=https%3A%2F%2Fwww.zunoticia.com%2Fnoticias-de-hidalgo%2F2023%2F07%2F10%2Fexpresiones-politicas-buscan-posicionar-a-marcelo-ebrad%2F\" target=\"_top\" rel=\"nofollow\"><span class=\"icon\"><\/span><span class=\"text\">Share<\/span><\/a><a class=\"mashicon-twitter mash-large mash-center mashsb-noshadow\" href=\"https:\/\/twitter.com\/intent\/tweet?text=&amp;url=https:\/\/www.zunoticia.com\/noticias-de-hidalgo\/2023\/07\/10\/expresiones-politicas-buscan-posicionar-a-marcelo-ebrad\/\" target=\"_top\" rel=\"nofollow\"><span class=\"icon\"><\/span><span class=\"text\">Tweet<\/span><\/a><div class=\"onoffswitch2 mash-large mashsb-noshadow\" style=\"display:none\"><\/div><\/div>\n            <\/div>\n                <div style=\"clear:both\"><\/div><div class=\"mashsb-toggle-container\"><\/div><\/aside>\n            <!-- Share buttons by mashshare.net - Version: 4.0.47-->\n<p><em>Por Enedino Hern\u00e1ndez\/Zunoticia<\/em><\/p>\n\n\n\n<p><strong>Huejutla, Hgo<\/strong>.- Un buen n\u00famero de expresiones pol\u00edticas buscan posicionar a Marcelo Ebrad en esta zona huasteca, principalmente en el municipio de Huejutla de Reyes.<\/p>\n\n\n\n<p>El representante de la Federaci\u00f3n Nacional de Abogados Liberales (FENAL), Ejemer Aquileo Vargas S\u00e1enz, se\u00f1al\u00f3 que, por este motivo el s\u00e1bado 8 de julio en el tianguis de Tehuetl\u00e1n, del municipio de Huejutla de Reyes, se realizaron diversas actividades.<\/p>\n\n\n\n<p>Subray\u00f3 que, son once las expresiones pol\u00edticas que respaldan el proyecto, entre las que se menciona a la Federaci\u00f3n Nacional de Abogados Liberales, Fuerza Marcelo, Ju\u00e1rez Siglo XXI, la Cuarta Rep\u00fablica, Avanzada Nacional, M\u00e9xico Cuenta, Plataforma Verde, Di\u00e1logos Progresistas y UNORCA.<\/p>\n\n\n\n<p>Detall\u00f3 que, en forma coordinada realizaron volanteo, entrega de tr\u00edpticos, colocaci\u00f3n de lonas para posicionar, fortalecer y promocionar el proyecto pol\u00edtico de Marcelo Ebrard en diversos puntos de la sierra y huasteca de Hidalgo.<\/p>\n\n\n\n<p>Concluy\u00f3 que, las actividades antes expuestas se realizaron tambi\u00e9n durante este fin de semana en la plaza comercial de Huejutla y en el Mercado Municipal.<\/p>\n","protected":false},"excerpt":{"rendered":"<p>Por Enedino Hern\u00e1ndez\/Zunoticia Huejutla, Hgo.- Un buen n\u00famero de expresiones pol\u00edticas buscan posicionar a Marcelo Ebrad en esta zona huasteca, principalmente en el municipio de Huejutla de Reyes. El representante de la Federaci\u00f3n Nacional de Abogados Liberales (FENAL), Ejemer Aquileo Vargas S\u00e1enz, se\u00f1al\u00f3 que, por este motivo el s\u00e1bado 8 de julio en el tianguis&hellip; <a class=\"more-link\" href=\"https:\/\/www.zunoticia.com\/noticias-de-hidalgo\/2023\/07\/10\/expresiones-politicas-buscan-posicionar-a-marcelo-ebrad\/\">Seguir leyendo <span class=\"screen-reader-text\">Expresiones pol\u00edticas buscan posicionar a Marcelo Ebrad<\/span><\/a><\/p>\n","protected":false},"author":20,"featured_media":492657,"comment_status":"closed","ping_status":"open","sticky":false,"template":"","format":"standard","meta":{"rop_custom_images_group":[],"rop_custom_messages_group":[],"rop_publish_now":"initial","rop_publish_now_accounts":{"facebook_10159540855086992_322828327761733":""},"rop_publish_now_history":[],"rop_publish_now_status":"pending","footnotes":""},"categories":[181],"tags":[121],"class_list":["post-492650","post","type-post","status-publish","format-standard","has-post-thumbnail","hentry","category-huejutla","tag-huejutla","entry"],"_links":{"self":[{"href":"https:\/\/www.zunoticia.com\/noticias-de-hidalgo\/wp-json\/wp\/v2\/posts\/492650","targetHints":{"allow":["GET"]}}],"collection":[{"href":"https:\/\/www.zunoticia.com\/noticias-de-hidalgo\/wp-json\/wp\/v2\/posts"}],"about":[{"href":"https:\/\/www.zunoticia.com\/noticias-de-hidalgo\/wp-json\/wp\/v2\/types\/post"}],"author":[{"embeddable":true,"href":"https:\/\/www.zunoticia.com\/noticias-de-hidalgo\/wp-json\/wp\/v2\/users\/20"}],"replies":[{"embeddable":true,"href":"https:\/\/www.zunoticia.com\/noticias-de-hidalgo\/wp-json\/wp\/v2\/comments?post=492650"}],"version-history":[{"count":1,"href":"https:\/\/www.zunoticia.com\/noticias-de-hidalgo\/wp-json\/wp\/v2\/posts\/492650\/revisions"}],"predecessor-version":[{"id":492658,"href":"https:\/\/www.zunoticia.com\/noticias-de-hidalgo\/wp-json\/wp\/v2\/posts\/492650\/revisions\/492658"}],"wp:featuredmedia":[{"embeddable":true,"href":"https:\/\/www.zunoticia.com\/noticias-de-hidalgo\/wp-json\/wp\/v2\/media\/492657"}],"wp:attachment":[{"href":"https:\/\/www.zunoticia.com\/noticias-de-hidalgo\/wp-json\/wp\/v2\/media?parent=492650"}],"wp:term":[{"taxonomy":"category","embeddable":true,"href":"https:\/\/www.zunoticia.com\/noticias-de-hidalgo\/wp-json\/wp\/v2\/categories?post=492650"},{"taxonomy":"post_tag","embeddable":true,"href":"https:\/\/www.zunoticia.com\/noticias-de-hidalgo\/wp-json\/wp\/v2\/tags?post=492650"}],"curies":[{"name":"wp","href":"https:\/\/api.w.org\/{rel}","templated":true}]}}