{"id":492851,"date":"2023-07-10T16:57:58","date_gmt":"2023-07-10T22:57:58","guid":{"rendered":"https:\/\/www.zunoticia.com\/noticias-de-hidalgo\/?p=492851"},"modified":"2023-07-10T17:02:18","modified_gmt":"2023-07-10T23:02:18","slug":"con-emotiva-celebracion-fieles-catolicos-recibieron-la-imagen-de-san-miguel-arcangel","status":"publish","type":"post","link":"https:\/\/www.zunoticia.com\/noticias-de-hidalgo\/2023\/07\/10\/con-emotiva-celebracion-fieles-catolicos-recibieron-la-imagen-de-san-miguel-arcangel\/","title":{"rendered":"Con emotiva celebraci\u00f3n, fieles cat\u00f3licos recibieron la imagen de San Miguel Arc\u00e1ngel"},"content":{"rendered":"<aside class=\"mashsb-container mashsb-main mashsb-stretched\"><div class=\"mashsb-box\"><div class=\"mashsb-count mash-large\" style=\"float:left\"><div class=\"counts mashsbcount\">18<\/div><span class=\"mashsb-sharetext\">SHARES<\/span><\/div><div class=\"mashsb-buttons\"><a class=\"mashicon-facebook mash-large mash-center mashsb-noshadow\" href=\"https:\/\/www.facebook.com\/sharer.php?u=https%3A%2F%2Fwww.zunoticia.com%2Fnoticias-de-hidalgo%2F2023%2F07%2F10%2Fcon-emotiva-celebracion-fieles-catolicos-recibieron-la-imagen-de-san-miguel-arcangel%2F\" target=\"_top\" rel=\"nofollow\"><span class=\"icon\"><\/span><span class=\"text\">Share<\/span><\/a><a class=\"mashicon-twitter mash-large mash-center mashsb-noshadow\" href=\"https:\/\/twitter.com\/intent\/tweet?text=&amp;url=https:\/\/www.zunoticia.com\/noticias-de-hidalgo\/2023\/07\/10\/con-emotiva-celebracion-fieles-catolicos-recibieron-la-imagen-de-san-miguel-arcangel\/\" target=\"_top\" rel=\"nofollow\"><span class=\"icon\"><\/span><span class=\"text\">Tweet<\/span><\/a><div class=\"onoffswitch2 mash-large mashsb-noshadow\" style=\"display:none\"><\/div><\/div>\n            <\/div>\n                <div style=\"clear:both\"><\/div><div class=\"mashsb-toggle-container\"><\/div><\/aside>\n            <!-- Share buttons by mashshare.net - Version: 4.0.47-->\n<p><\/p>\n\n\n\n<p><em>Por Roberto Meza Ram\u00edrez\/Zunoticia<\/em><\/p>\n\n\n\n<p><strong>Yahualica, Hgo.<\/strong>&#8211; \u201cCon emotiva celebraci\u00f3n y gran entusiasmo participaron fieles cat\u00f3licos de la comunidad de Tepehixpa, en la recepci\u00f3n y bendici\u00f3n de la imagen de San Miguel Arc\u00e1ngel; con esto fortalecen su fe cat\u00f3lica\u201d, resalt\u00f3 el padre Luis Javier Bautista.<\/p>\n\n\n\n<p>El evento se efectu\u00f3 la tarde del pasado domingo, superando las expectativas de los organizadores, teniendo una participaci\u00f3n numerosa, proveniente de toda la cordillera de Tepehixpa.<\/p>\n\n\n\n<p>El evento religioso se desarroll\u00f3 en un clima de fraternidad entre los fieles y las comunidades que realizaron su visita, que acogieron con benepl\u00e1cito el anuncio del amor de Dios para los hombres.<\/p>\n\n\n\n<p>En la eucarist\u00eda, el padre Luis Javier Bautista anunci\u00f3 que en pr\u00f3ximos meses, tendr\u00e1 un encuentro nacional con las iglesias particulares de la comunidad misionera a la que pertenece y Tepehixpa ser\u00e1 la sede; \u201cpor tanto, es necesario desde ya prepararse para acudir a esta jornada que nos hermana y llena de la gracia y el esp\u00edritu misionero\u201d.<\/p>\n\n\n\n<figure class=\"wp-block-gallery has-nested-images columns-default is-cropped wp-block-gallery-1 is-layout-flex wp-block-gallery-is-layout-flex\">\n<figure class=\"wp-block-image size-large\"><img fetchpriority=\"high\" decoding=\"async\" width=\"940\" height=\"788\" data-id=\"492855\" src=\"https:\/\/www.zunoticia.com\/noticias-de-hidalgo\/wp-content\/uploads\/2023\/07\/1-57.png\" alt=\"\" class=\"wp-image-492855\" srcset=\"https:\/\/www.zunoticia.com\/noticias-de-hidalgo\/wp-content\/uploads\/2023\/07\/1-57.png 940w, https:\/\/www.zunoticia.com\/noticias-de-hidalgo\/wp-content\/uploads\/2023\/07\/1-57-300x251.png 300w, https:\/\/www.zunoticia.com\/noticias-de-hidalgo\/wp-content\/uploads\/2023\/07\/1-57-768x644.png 768w\" sizes=\"(max-width: 940px) 100vw, 940px\" \/><\/figure>\n\n\n\n<figure class=\"wp-block-image size-large\"><img decoding=\"async\" width=\"940\" height=\"788\" data-id=\"492857\" src=\"https:\/\/www.zunoticia.com\/noticias-de-hidalgo\/wp-content\/uploads\/2023\/07\/2-59.png\" alt=\"\" class=\"wp-image-492857\" srcset=\"https:\/\/www.zunoticia.com\/noticias-de-hidalgo\/wp-content\/uploads\/2023\/07\/2-59.png 940w, https:\/\/www.zunoticia.com\/noticias-de-hidalgo\/wp-content\/uploads\/2023\/07\/2-59-300x251.png 300w, https:\/\/www.zunoticia.com\/noticias-de-hidalgo\/wp-content\/uploads\/2023\/07\/2-59-768x644.png 768w\" sizes=\"(max-width: 940px) 100vw, 940px\" \/><\/figure>\n\n\n\n<figure class=\"wp-block-image size-large\"><img decoding=\"async\" width=\"940\" height=\"788\" data-id=\"492856\" src=\"https:\/\/www.zunoticia.com\/noticias-de-hidalgo\/wp-content\/uploads\/2023\/07\/3-20.png\" alt=\"\" class=\"wp-image-492856\" srcset=\"https:\/\/www.zunoticia.com\/noticias-de-hidalgo\/wp-content\/uploads\/2023\/07\/3-20.png 940w, https:\/\/www.zunoticia.com\/noticias-de-hidalgo\/wp-content\/uploads\/2023\/07\/3-20-300x251.png 300w, https:\/\/www.zunoticia.com\/noticias-de-hidalgo\/wp-content\/uploads\/2023\/07\/3-20-768x644.png 768w\" sizes=\"(max-width: 940px) 100vw, 940px\" \/><\/figure>\n<\/figure>\n","protected":false},"excerpt":{"rendered":"<p>Por Roberto Meza Ram\u00edrez\/Zunoticia Yahualica, Hgo.&#8211; \u201cCon emotiva celebraci\u00f3n y gran entusiasmo participaron fieles cat\u00f3licos de la comunidad de Tepehixpa, en la recepci\u00f3n y bendici\u00f3n de la imagen de San Miguel Arc\u00e1ngel; con esto fortalecen su fe cat\u00f3lica\u201d, resalt\u00f3 el padre Luis Javier Bautista. El evento se efectu\u00f3 la tarde del pasado domingo, superando las&hellip; <a class=\"more-link\" href=\"https:\/\/www.zunoticia.com\/noticias-de-hidalgo\/2023\/07\/10\/con-emotiva-celebracion-fieles-catolicos-recibieron-la-imagen-de-san-miguel-arcangel\/\">Seguir leyendo <span class=\"screen-reader-text\">Con emotiva celebraci\u00f3n, fieles cat\u00f3licos recibieron la imagen de San Miguel Arc\u00e1ngel<\/span><\/a><\/p>\n","protected":false},"author":20,"featured_media":492852,"comment_status":"closed","ping_status":"open","sticky":false,"template":"","format":"standard","meta":{"rop_custom_images_group":[],"rop_custom_messages_group":[],"rop_publish_now":"initial","rop_publish_now_accounts":{"facebook_10159540855086992_322828327761733":""},"rop_publish_now_history":[],"rop_publish_now_status":"pending","footnotes":""},"categories":[203],"tags":[123],"class_list":["post-492851","post","type-post","status-publish","format-standard","has-post-thumbnail","hentry","category-yahualica","tag-yahualica","entry"],"_links":{"self":[{"href":"https:\/\/www.zunoticia.com\/noticias-de-hidalgo\/wp-json\/wp\/v2\/posts\/492851","targetHints":{"allow":["GET"]}}],"collection":[{"href":"https:\/\/www.zunoticia.com\/noticias-de-hidalgo\/wp-json\/wp\/v2\/posts"}],"about":[{"href":"https:\/\/www.zunoticia.com\/noticias-de-hidalgo\/wp-json\/wp\/v2\/types\/post"}],"author":[{"embeddable":true,"href":"https:\/\/www.zunoticia.com\/noticias-de-hidalgo\/wp-json\/wp\/v2\/users\/20"}],"replies":[{"embeddable":true,"href":"https:\/\/www.zunoticia.com\/noticias-de-hidalgo\/wp-json\/wp\/v2\/comments?post=492851"}],"version-history":[{"count":2,"href":"https:\/\/www.zunoticia.com\/noticias-de-hidalgo\/wp-json\/wp\/v2\/posts\/492851\/revisions"}],"predecessor-version":[{"id":492858,"href":"https:\/\/www.zunoticia.com\/noticias-de-hidalgo\/wp-json\/wp\/v2\/posts\/492851\/revisions\/492858"}],"wp:featuredmedia":[{"embeddable":true,"href":"https:\/\/www.zunoticia.com\/noticias-de-hidalgo\/wp-json\/wp\/v2\/media\/492852"}],"wp:attachment":[{"href":"https:\/\/www.zunoticia.com\/noticias-de-hidalgo\/wp-json\/wp\/v2\/media?parent=492851"}],"wp:term":[{"taxonomy":"category","embeddable":true,"href":"https:\/\/www.zunoticia.com\/noticias-de-hidalgo\/wp-json\/wp\/v2\/categories?post=492851"},{"taxonomy":"post_tag","embeddable":true,"href":"https:\/\/www.zunoticia.com\/noticias-de-hidalgo\/wp-json\/wp\/v2\/tags?post=492851"}],"curies":[{"name":"wp","href":"https:\/\/api.w.org\/{rel}","templated":true}]}}