{"id":492881,"date":"2023-07-10T18:00:54","date_gmt":"2023-07-11T00:00:54","guid":{"rendered":"https:\/\/www.zunoticia.com\/noticias-de-hidalgo\/?p=492881"},"modified":"2023-07-10T18:00:55","modified_gmt":"2023-07-11T00:00:55","slug":"empieza-este-10-de-julio-la-primera-jornada-nacional-de-salud-publica-2023","status":"publish","type":"post","link":"https:\/\/www.zunoticia.com\/noticias-de-hidalgo\/2023\/07\/10\/empieza-este-10-de-julio-la-primera-jornada-nacional-de-salud-publica-2023\/","title":{"rendered":"Empieza este 10 de julio la Primera Jornada Nacional de Salud P\u00fablica 2023"},"content":{"rendered":"<aside class=\"mashsb-container mashsb-main mashsb-stretched\"><div class=\"mashsb-box\"><div class=\"mashsb-count mash-large\" style=\"float:left\"><div class=\"counts mashsbcount\">4<\/div><span class=\"mashsb-sharetext\">SHARES<\/span><\/div><div class=\"mashsb-buttons\"><a class=\"mashicon-facebook mash-large mash-center mashsb-noshadow\" href=\"https:\/\/www.facebook.com\/sharer.php?u=https%3A%2F%2Fwww.zunoticia.com%2Fnoticias-de-hidalgo%2F2023%2F07%2F10%2Fempieza-este-10-de-julio-la-primera-jornada-nacional-de-salud-publica-2023%2F\" target=\"_top\" rel=\"nofollow\"><span class=\"icon\"><\/span><span class=\"text\">Share<\/span><\/a><a class=\"mashicon-twitter mash-large mash-center mashsb-noshadow\" href=\"https:\/\/twitter.com\/intent\/tweet?text=&amp;url=https:\/\/www.zunoticia.com\/noticias-de-hidalgo\/2023\/07\/10\/empieza-este-10-de-julio-la-primera-jornada-nacional-de-salud-publica-2023\/\" target=\"_top\" rel=\"nofollow\"><span class=\"icon\"><\/span><span class=\"text\">Tweet<\/span><\/a><div class=\"onoffswitch2 mash-large mashsb-noshadow\" style=\"display:none\"><\/div><\/div>\n            <\/div>\n                <div style=\"clear:both\"><\/div><div class=\"mashsb-toggle-container\"><\/div><\/aside>\n            <!-- Share buttons by mashshare.net - Version: 4.0.47-->\n<p><em>Por Redacci\u00f3n\/Zunoticia<\/em><\/p>\n\n\n\n<p><strong>Pachuca de Soto, Hgo<\/strong>.- Actualmente, la salud de la poblaci\u00f3n est\u00e1 sujeta a cambios que ocurren a mayor velocidad, como resultado de las m\u00faltiples transiciones (econ\u00f3mica, demogr\u00e1fica, tecnol\u00f3gica, ambiental, epidemiol\u00f3gica y nutricional), aunado a la recuperaci\u00f3n y readaptaci\u00f3n de un evento de gran magnitud, como lo ha sido la pandemia de Covid-19.&nbsp;<\/p>\n\n\n\n<p>Lo anterior, genera la necesidad de redefinir los paradigmas de las agendas sanitarias, a fin de que tomen en cuenta las necesidades y demandas de la poblaci\u00f3n, con criterios de equidad e inclusi\u00f3n, y en apego a la perspectiva de la Atenci\u00f3n Primaria a la Salud y de las funciones esenciales de salud p\u00fablica.<\/p>\n\n\n\n<p>En este sentido, la titular de la Secretar\u00eda de Salud Hidalgo (SSH), Mar\u00eda Zorayda Robles Barrera, instruy\u00f3 a la Subdirecci\u00f3n de Promoci\u00f3n de la Salud proporcionar servicios integrales a la poblaci\u00f3n a trav\u00e9s de la Primera Jornada Nacional de Salud P\u00fablica (JNSP), a realizar del 10 al 21 de julio, con el lema \u201cComunidad Sana, Comunidad Fuerte\u201d, misma que tiene como objetivos: Otorgar servicios a la poblaci\u00f3n mediante acciones intensivas e integrales, basadas en la promoci\u00f3n y educaci\u00f3n para la salud, y la prevenci\u00f3n de enfermedades, as\u00ed como fomentar una cultura del autocuidado.<\/p>\n\n\n\n<p>Acercar las acciones de salud a los diferentes grupos de poblaci\u00f3n, especialmente a aquellos en situaci\u00f3n de vulnerabilidad (infancias, personas con discapacidad, ind\u00edgenas, de la diversidad sexogen\u00e9rica, migrantes, privadas de la libertad y en situaci\u00f3n de calle); Romper la cadena de transmisi\u00f3n de algunos padecimientos, como las enfermedades infecciosas; Identificar condiciones que puedan poner en riesgo la salud de las personas; Empoderar a las personas para que sean part\u00edcipes activamente en el cuidado de su salud.<\/p>\n\n\n\n<p>Se contempla la participaci\u00f3n de todas las instituciones del sector salud como son, IMSS ordinario, IMSS Bienestar, ISSSTE, DIF, PEMEX, adem\u00e1s de otras como el sector educativo, ayuntamientos y dependencias de gobierno.<\/p>\n\n\n\n<p>Se atender\u00e1n a todas las personas de acuerdo a los siguientes grupos de edad: Ni\u00f1as y ni\u00f1os de 0 a 9 a\u00f1os; Adolescentes de 10 a 19 a\u00f1os; Personas de 20 a 59 a\u00f1os; Personas de 60 y m\u00e1s a\u00f1os<\/p>\n\n\n\n<p>Algunas acciones que se llevar\u00e1n a cabo en esta Jornada Nacional de Salud P\u00fablica son: Vacunaci\u00f3n y uso de la Cartilla Nacional de Salud; Prevenci\u00f3n y manejo de diarreas, as\u00ed como la entrega de sobres de Vida Suero Oral; Promoci\u00f3n de la lactancia materna y alimentaci\u00f3n saludable; Prevenci\u00f3n de accidentes y lesiones; Evaluaci\u00f3n del desarrollo infantil; Promoci\u00f3n del etiquetado de advertencia; Prevenci\u00f3n de infecciones de transmisi\u00f3n sexual; Detecciones de enfermedades en el embarazo y orientaci\u00f3n para la prevenci\u00f3n del embarazo adolescente; Prevenci\u00f3n de la violencia de g\u00e9nero; Promoci\u00f3n de la actividad f\u00edsica; Promoci\u00f3n de la donaci\u00f3n altruista de sangre; Detecci\u00f3n de c\u00e1ncer de mama, de cuello uterino y de pr\u00f3stata; Servicios de planificaci\u00f3n familiar; Promoci\u00f3n de los servicios de aborto seguro; Tamizaje y tratamiento de diabetes e hipertensi\u00f3n arterial; Promoci\u00f3n para un envejecimiento saludable; Acciones de saneamiento b\u00e1sico; Medidas preventivas ante la temporada de calor.<\/p>\n\n\n\n<p>Por lo anterior, la SSH invita a todos los hidalguenses a aprovechar estos servicios y acudir a la unidad de salud de su localidad a solicitarlos, son gratuitos y se otorgan a todas las personas, sin discriminaci\u00f3n.<\/p>\n\n\n\n<figure class=\"wp-block-image size-full\"><img fetchpriority=\"high\" decoding=\"async\" width=\"940\" height=\"788\" src=\"https:\/\/www.zunoticia.com\/noticias-de-hidalgo\/wp-content\/uploads\/2023\/07\/2-64.png\" alt=\"\" class=\"wp-image-492883\" srcset=\"https:\/\/www.zunoticia.com\/noticias-de-hidalgo\/wp-content\/uploads\/2023\/07\/2-64.png 940w, https:\/\/www.zunoticia.com\/noticias-de-hidalgo\/wp-content\/uploads\/2023\/07\/2-64-300x251.png 300w, https:\/\/www.zunoticia.com\/noticias-de-hidalgo\/wp-content\/uploads\/2023\/07\/2-64-768x644.png 768w\" sizes=\"(max-width: 940px) 100vw, 940px\" \/><\/figure>\n","protected":false},"excerpt":{"rendered":"<p>Por Redacci\u00f3n\/Zunoticia Pachuca de Soto, Hgo.- Actualmente, la salud de la poblaci\u00f3n est\u00e1 sujeta a cambios que ocurren a mayor velocidad, como resultado de las m\u00faltiples transiciones (econ\u00f3mica, demogr\u00e1fica, tecnol\u00f3gica, ambiental, epidemiol\u00f3gica y nutricional), aunado a la recuperaci\u00f3n y readaptaci\u00f3n de un evento de gran magnitud, como lo ha sido la pandemia de Covid-19.&nbsp; Lo&hellip; <a class=\"more-link\" href=\"https:\/\/www.zunoticia.com\/noticias-de-hidalgo\/2023\/07\/10\/empieza-este-10-de-julio-la-primera-jornada-nacional-de-salud-publica-2023\/\">Seguir leyendo <span class=\"screen-reader-text\">Empieza este 10 de julio la Primera Jornada Nacional de Salud P\u00fablica 2023<\/span><\/a><\/p>\n","protected":false},"author":20,"featured_media":492882,"comment_status":"closed","ping_status":"open","sticky":false,"template":"","format":"standard","meta":{"rop_custom_images_group":[],"rop_custom_messages_group":[],"rop_publish_now":"initial","rop_publish_now_accounts":{"facebook_10159540855086992_322828327761733":""},"rop_publish_now_history":[],"rop_publish_now_status":"pending","footnotes":""},"categories":[208],"tags":[214],"class_list":["post-492881","post","type-post","status-publish","format-standard","has-post-thumbnail","hentry","category-estado","tag-estado","entry"],"_links":{"self":[{"href":"https:\/\/www.zunoticia.com\/noticias-de-hidalgo\/wp-json\/wp\/v2\/posts\/492881","targetHints":{"allow":["GET"]}}],"collection":[{"href":"https:\/\/www.zunoticia.com\/noticias-de-hidalgo\/wp-json\/wp\/v2\/posts"}],"about":[{"href":"https:\/\/www.zunoticia.com\/noticias-de-hidalgo\/wp-json\/wp\/v2\/types\/post"}],"author":[{"embeddable":true,"href":"https:\/\/www.zunoticia.com\/noticias-de-hidalgo\/wp-json\/wp\/v2\/users\/20"}],"replies":[{"embeddable":true,"href":"https:\/\/www.zunoticia.com\/noticias-de-hidalgo\/wp-json\/wp\/v2\/comments?post=492881"}],"version-history":[{"count":1,"href":"https:\/\/www.zunoticia.com\/noticias-de-hidalgo\/wp-json\/wp\/v2\/posts\/492881\/revisions"}],"predecessor-version":[{"id":492884,"href":"https:\/\/www.zunoticia.com\/noticias-de-hidalgo\/wp-json\/wp\/v2\/posts\/492881\/revisions\/492884"}],"wp:featuredmedia":[{"embeddable":true,"href":"https:\/\/www.zunoticia.com\/noticias-de-hidalgo\/wp-json\/wp\/v2\/media\/492882"}],"wp:attachment":[{"href":"https:\/\/www.zunoticia.com\/noticias-de-hidalgo\/wp-json\/wp\/v2\/media?parent=492881"}],"wp:term":[{"taxonomy":"category","embeddable":true,"href":"https:\/\/www.zunoticia.com\/noticias-de-hidalgo\/wp-json\/wp\/v2\/categories?post=492881"},{"taxonomy":"post_tag","embeddable":true,"href":"https:\/\/www.zunoticia.com\/noticias-de-hidalgo\/wp-json\/wp\/v2\/tags?post=492881"}],"curies":[{"name":"wp","href":"https:\/\/api.w.org\/{rel}","templated":true}]}}